{"id":14387,"date":"2020-01-19T19:04:55","date_gmt":"2020-01-19T19:04:55","guid":{"rendered":"http:\/\/www.iceagetv.com\/radiosite\/?p=14387"},"modified":"2020-01-19T19:04:55","modified_gmt":"2020-01-19T19:04:55","slug":"les-chaines-et-radios-du-groupe-m6-declineront-plusieurs-de-leurs-programmes-habituels-sur-la-thematique-de-lenvironnement-du-dimanche-26-janvier-au-2-fevrier","status":"publish","type":"post","link":"https:\/\/www.iceagetv.com\/radiosite\/les-chaines-et-radios-du-groupe-m6-declineront-plusieurs-de-leurs-programmes-habituels-sur-la-thematique-de-lenvironnement-du-dimanche-26-janvier-au-2-fevrier\/","title":{"rendered":"Les cha\u00eenes et radios du groupe M6 d\u00e9clineront plusieurs de leurs programmes habituels sur la th\u00e9matique de l&rsquo;environnement du dimanche 26 janvier au 2 f\u00e9vrier"},"content":{"rendered":"\n<p>Dans le cadre d&rsquo;une \u00ab\u00a0semaine green\u00a0\u00bb sur l&rsquo;\u00e9cologie, les cha\u00eenes et radios du groupe M6 d\u00e9clineront plusieurs de leurs programmes habituels sur la th\u00e9matique de l&rsquo;environnement, du dimanche 26 janvier au 2 f\u00e9vrier. Les cha\u00eenes du groupe M6, qui comprennent W9, 6ter, Gulli, Paris Premi\u00e8re, le portail 6play, ainsi que la radio RTL, d\u00e9clineront leurs contenus sur ce th\u00e8me, tout en conservant leur \u00ab\u00a0ADN\u00a0\u00bb et leur ligne \u00e9ditoriale. Certains magazines de Prisma Media comme Gala s&rsquo;associeront \u00e9galement \u00e0 l&rsquo;op\u00e9ration.<\/p>\n\n\n\n<p>\u00ab\u00a0L&rsquo;\u00e9cologie est la premi\u00e8re pr\u00e9occupation de 48% des fran\u00e7ais, et il s&rsquo;agit pour nous d&rsquo;accompagner ce mouvement\u00a0\u00bb, a estim\u00e9 Guillaume Charles, directeur des programmes de la cha\u00eene M6, apr\u00e8s de premi\u00e8res annonces sur ce th\u00e8me en septembre 2019. Pr\u00e8s de 60 heures d&rsquo;\u00e9missions, films ou divertissements seront diffus\u00e9es sur les antennes radio et TV du groupe, abordant g\u00e9n\u00e9ralement l&rsquo;\u00e9cologie sous le prisme de la vie quotidienne, dans l&rsquo;esprit des diff\u00e9rents programmes du groupe.<\/p>\n\n\n\n<p>L&rsquo;ancien ministre de la Transition \u00e9cologique Nicolas Hulot sera l&rsquo;invit\u00e9 sp\u00e9cial du num\u00e9ro de \u00ab\u00a0Capital\u00a0\u00bb diffus\u00e9 dimanche 26 janvier en ouverture de cette semaine sp\u00e9ciale, et qui s&rsquo;intitulera \u00ab\u00a0Consommer autrement: oui, mais \u00e0 quel prix ?\u00a0\u00bb. Se f\u00e9licitant du succ\u00e8s des num\u00e9ros de \u00ab\u00a0Capital\u00a0\u00bb ou \u00ab\u00a0E=M6\u00a0\u00bb sur l&rsquo;\u00e9cologie diffus\u00e9s depuis le mois de septembre, le groupe souhaite \u00ab\u00a0accentuer le mouvement\u00a0\u00bb en 2020, notamment en renfor\u00e7ant le partenariat nou\u00e9 avec la fondation GoodPlanet de Yann Arthus-Bertrand.<\/p>\n\n\n\n<p>\u00ab\u00a0Legacy\u00a0\u00bb, le nouveau documentaire du photographe annonc\u00e9 comme un \u00ab\u00a0continuum\u00a0\u00bb de son film \u00e9v\u00e9nement \u00ab\u00a0Home\u00a0\u00bb sorti en 2009, est actuellement en cours de production et sera diffus\u00e9 d&rsquo;ici l&rsquo;\u00e9t\u00e9 sur M6. Plusieurs m\u00e9dias dont ceux du groupe M6 avaient plac\u00e9 leur rentr\u00e9e pour la saison 2019\/2020 sous le signe de l&rsquo;environnement.<\/p>\n\n\n\n<p><\/p>\n","protected":false},"excerpt":{"rendered":"<p>Dans le cadre d&rsquo;une \u00ab\u00a0semaine green\u00a0\u00bb sur l&rsquo;\u00e9cologie, les cha\u00eenes et radios du groupe M6 d\u00e9clineront plusieurs de leurs programmes habituels sur la th\u00e9matique de l&rsquo;environnement, du dimanche 26 janvier au 2 f\u00e9vrier. Les cha\u00eenes du groupe M6, qui comprennent W9, 6ter, Gulli, Paris Premi\u00e8re, le portail 6play, ainsi que la radio RTL, d\u00e9clineront leurs [&hellip;]<\/p>\n","protected":false},"author":2,"featured_media":14388,"comment_status":"open","ping_status":"open","sticky":false,"template":"","format":"standard","meta":{"_jetpack_memberships_contains_paid_content":false,"footnotes":"","jetpack_publicize_message":"","jetpack_publicize_feature_enabled":true,"jetpack_social_post_already_shared":true,"jetpack_social_options":{"image_generator_settings":{"template":"highway","default_image_id":0,"font":"","enabled":false},"version":2},"_wpas_customize_per_network":false},"categories":[68],"tags":[],"class_list":["post-14387","post","type-post","status-publish","format-standard","has-post-thumbnail","hentry","category-actu-culturelle"],"jetpack_publicize_connections":[],"jetpack_featured_media_url":"https:\/\/i0.wp.com\/www.iceagetv.com\/radiosite\/wp-content\/uploads\/2020\/01\/Les-cha%C3%AEnes-et-radios-du-groupe-M6-d%C3%A9clineront-plusieurs-de-leurs-programmes-habituels-sur-la-th%C3%A9matique-de-lenvironnement-du-dimanche-26-janvier-au-2-f%C3%A9vrier.jpg?fit=624%2C269&ssl=1","jetpack_sharing_enabled":true,"_links":{"self":[{"href":"https:\/\/www.iceagetv.com\/radiosite\/wp-json\/wp\/v2\/posts\/14387","targetHints":{"allow":["GET"]}}],"collection":[{"href":"https:\/\/www.iceagetv.com\/radiosite\/wp-json\/wp\/v2\/posts"}],"about":[{"href":"https:\/\/www.iceagetv.com\/radiosite\/wp-json\/wp\/v2\/types\/post"}],"author":[{"embeddable":true,"href":"https:\/\/www.iceagetv.com\/radiosite\/wp-json\/wp\/v2\/users\/2"}],"replies":[{"embeddable":true,"href":"https:\/\/www.iceagetv.com\/radiosite\/wp-json\/wp\/v2\/comments?post=14387"}],"version-history":[{"count":1,"href":"https:\/\/www.iceagetv.com\/radiosite\/wp-json\/wp\/v2\/posts\/14387\/revisions"}],"predecessor-version":[{"id":14389,"href":"https:\/\/www.iceagetv.com\/radiosite\/wp-json\/wp\/v2\/posts\/14387\/revisions\/14389"}],"wp:featuredmedia":[{"embeddable":true,"href":"https:\/\/www.iceagetv.com\/radiosite\/wp-json\/wp\/v2\/media\/14388"}],"wp:attachment":[{"href":"https:\/\/www.iceagetv.com\/radiosite\/wp-json\/wp\/v2\/media?parent=14387"}],"wp:term":[{"taxonomy":"category","embeddable":true,"href":"https:\/\/www.iceagetv.com\/radiosite\/wp-json\/wp\/v2\/categories?post=14387"},{"taxonomy":"post_tag","embeddable":true,"href":"https:\/\/www.iceagetv.com\/radiosite\/wp-json\/wp\/v2\/tags?post=14387"}],"curies":[{"name":"wp","href":"https:\/\/api.w.org\/{rel}","templated":true}]}}