{"id":14391,"date":"2020-01-20T19:41:45","date_gmt":"2020-01-20T19:41:45","guid":{"rendered":"http:\/\/www.iceagetv.com\/radiosite\/?p=14391"},"modified":"2020-01-20T19:41:45","modified_gmt":"2020-01-20T19:41:45","slug":"sept-hommes-soupconnes-de-preparer-un-attentat-interpelles-a-brest","status":"publish","type":"post","link":"https:\/\/www.iceagetv.com\/radiosite\/sept-hommes-soupconnes-de-preparer-un-attentat-interpelles-a-brest\/","title":{"rendered":"Sept hommes soup\u00e7onn\u00e9s de pr\u00e9parer un attentat interpell\u00e9s \u00e0 Brest"},"content":{"rendered":"\n<p> Une op\u00e9ration de la DGSI a \u00e9t\u00e9 men\u00e9e ce lundi 20 janvier dans le quartier de Pontan\u00e9zen, \u00e0 Brest. Sept hommes soup\u00e7onn\u00e9s de pr\u00e9parer un attentat terroriste ont \u00e9t\u00e9 interpell\u00e9s et plac\u00e9s en garde \u00e0 vue. <\/p>\n\n\n\n<p>La plus grande discr\u00e9tion est observ\u00e9e sur l\u2019op\u00e9ration men\u00e9e par la Direction g\u00e9n\u00e9rale de la S\u00e9curit\u00e9 int\u00e9rieure (DGSI) ce lundi 20 janvier dans le quartier de Pontanezen, \u00e0&nbsp;<a href=\"https:\/\/www.ouest-france.fr\/bretagne\/brest-29200\/\">Brest<\/a>, et dans d\u2019autres communes du&nbsp;<a href=\"https:\/\/www.ouest-france.fr\/bretagne\/finistere\/\">Finist\u00e8re<\/a>.&nbsp;<a href=\"https:\/\/www.europe1.fr\/societe\/info-europe-1-sept-hommes-suspectes-de-preparer-un-attentat-arretes-a-brest-3944369\" target=\"_blank\" rel=\"noreferrer noopener\">Selon nos confr\u00e8res d\u2019<em>Europe 1<\/em>&nbsp;<\/a>, sept hommes ont \u00e9t\u00e9 interpell\u00e9s.<\/p>\n\n\n\n<p>Selon une source proche de l\u2019enqu\u00eate, confirmant les informations d\u2019<em>Europe 1<\/em>, ces sept hommes \u00e9taient soup\u00e7onn\u00e9s de&nbsp;<strong>\u00ab pr\u00e9parer une action violente sur le territoire fran\u00e7ais \u00bb<\/strong>&nbsp;et d\u2019avoir&nbsp;<strong>\u00ab un projet de d\u00e9part \u00bb<\/strong>&nbsp;vers la zone irako-syrienne. Aucune arme ni aucun explosif n\u2019auraient \u00e9t\u00e9 retrouv\u00e9s lors des perquisitions men\u00e9es ce lundi.<\/p>\n\n\n\n<h2 class=\"wp-block-heading\">Une association de malfaiteurs terroriste criminelle<\/h2>\n\n\n\n<p>Ces sept personnes ont \u00e9t\u00e9 plac\u00e9es en garde \u00e0 vue. La DGSI dispose de 96 heures pour les interroger, dans le cadre d\u2019une commission rogatoire d\u00e9livr\u00e9e par un juge d\u2019instruction, lui-m\u00eame saisi par le parquet national antiterroriste. L\u2019instruction est ouverte pour&nbsp;<strong>\u00ab association de malfaiteurs terroriste criminelle \u00bb.<\/strong><\/p>\n\n\n\n<p>Les interpell\u00e9s, dont certains \u00e9taient fich\u00e9s S (pour S\u00fbret\u00e9 de l&rsquo;\u00c9tat), faisaient l&rsquo;objet d&rsquo;un suivi pour leur appartenance \u00e0 la mouvance islamiste radicale, a-t-on appris de sources proches de l&rsquo;enqu\u00eate.<\/p>\n\n\n\n<p><\/p>\n","protected":false},"excerpt":{"rendered":"<p>Une op\u00e9ration de la DGSI a \u00e9t\u00e9 men\u00e9e ce lundi 20 janvier dans le quartier de Pontan\u00e9zen, \u00e0 Brest. Sept hommes soup\u00e7onn\u00e9s de pr\u00e9parer un attentat terroriste ont \u00e9t\u00e9 interpell\u00e9s et plac\u00e9s en garde \u00e0 vue. La plus grande discr\u00e9tion est observ\u00e9e sur l\u2019op\u00e9ration men\u00e9e par la Direction g\u00e9n\u00e9rale de la S\u00e9curit\u00e9 int\u00e9rieure (DGSI) ce [&hellip;]<\/p>\n","protected":false},"author":2,"featured_media":14392,"comment_status":"open","ping_status":"open","sticky":false,"template":"","format":"standard","meta":{"_jetpack_memberships_contains_paid_content":false,"footnotes":"","jetpack_publicize_message":"","jetpack_publicize_feature_enabled":true,"jetpack_social_post_already_shared":true,"jetpack_social_options":{"image_generator_settings":{"template":"highway","default_image_id":0,"font":"","enabled":false},"version":2},"_wpas_customize_per_network":false},"categories":[405],"tags":[],"class_list":["post-14391","post","type-post","status-publish","format-standard","has-post-thumbnail","hentry","category-actu-france-monde"],"jetpack_publicize_connections":[],"jetpack_featured_media_url":"https:\/\/i0.wp.com\/www.iceagetv.com\/radiosite\/wp-content\/uploads\/2020\/01\/Sept-hommes-soup%C3%A7onn%C3%A9s-de-pr%C3%A9parer-un-attentat-interpell%C3%A9s-%C3%A0-Brest.jpg?fit=1170%2C543&ssl=1","jetpack_sharing_enabled":true,"_links":{"self":[{"href":"https:\/\/www.iceagetv.com\/radiosite\/wp-json\/wp\/v2\/posts\/14391","targetHints":{"allow":["GET"]}}],"collection":[{"href":"https:\/\/www.iceagetv.com\/radiosite\/wp-json\/wp\/v2\/posts"}],"about":[{"href":"https:\/\/www.iceagetv.com\/radiosite\/wp-json\/wp\/v2\/types\/post"}],"author":[{"embeddable":true,"href":"https:\/\/www.iceagetv.com\/radiosite\/wp-json\/wp\/v2\/users\/2"}],"replies":[{"embeddable":true,"href":"https:\/\/www.iceagetv.com\/radiosite\/wp-json\/wp\/v2\/comments?post=14391"}],"version-history":[{"count":1,"href":"https:\/\/www.iceagetv.com\/radiosite\/wp-json\/wp\/v2\/posts\/14391\/revisions"}],"predecessor-version":[{"id":14393,"href":"https:\/\/www.iceagetv.com\/radiosite\/wp-json\/wp\/v2\/posts\/14391\/revisions\/14393"}],"wp:featuredmedia":[{"embeddable":true,"href":"https:\/\/www.iceagetv.com\/radiosite\/wp-json\/wp\/v2\/media\/14392"}],"wp:attachment":[{"href":"https:\/\/www.iceagetv.com\/radiosite\/wp-json\/wp\/v2\/media?parent=14391"}],"wp:term":[{"taxonomy":"category","embeddable":true,"href":"https:\/\/www.iceagetv.com\/radiosite\/wp-json\/wp\/v2\/categories?post=14391"},{"taxonomy":"post_tag","embeddable":true,"href":"https:\/\/www.iceagetv.com\/radiosite\/wp-json\/wp\/v2\/tags?post=14391"}],"curies":[{"name":"wp","href":"https:\/\/api.w.org\/{rel}","templated":true}]}}