{"id":14394,"date":"2020-01-20T19:48:43","date_gmt":"2020-01-20T19:48:43","guid":{"rendered":"http:\/\/www.iceagetv.com\/radiosite\/?p=14394"},"modified":"2020-01-20T19:48:43","modified_gmt":"2020-01-20T19:48:43","slug":"nouvelle-intrusion-au-siege-de-la-cfdt-revendiquee-par-la-cgt-une-quinzaine-dindividus-cagoules-ont-coupe-lelectricite-le-communique-de-la-cfdt","status":"publish","type":"post","link":"https:\/\/www.iceagetv.com\/radiosite\/nouvelle-intrusion-au-siege-de-la-cfdt-revendiquee-par-la-cgt-une-quinzaine-dindividus-cagoules-ont-coupe-lelectricite-le-communique-de-la-cfdt\/","title":{"rendered":"Nouvelle intrusion au si\u00e8ge de la CFDT revendiqu\u00e9e par la CGT: \u00ab\u00a0Une quinzaine d\u2019individus cagoul\u00e9s ont coup\u00e9 l\u2019\u00e9lectricit\u00e9\u00a0\u00bb &#8211; Le communiqu\u00e9 de la CFDT"},"content":{"rendered":"\n<p> <strong>\u00a0Le communiqu\u00e9 que vient de publier la CFDT\u00a0<\/strong>  <strong>Une nouvelle intrusion a eu lieu lundi au si\u00e8ge de la CFDT \u00e0 Paris, men\u00e9e par \u00abune quinzaine de personnes encagoul\u00e9es\u00bb qui ont coup\u00e9 l\u2019\u00e9lectricit\u00e9 pendant quelques minutes, a annonc\u00e9 la conf\u00e9d\u00e9ration, une action revendiqu\u00e9e par des syndicats CGT Energie.<\/strong> <\/p>\n\n\n\n<p><\/p>\n\n\n\n<p><\/p>\n\n\n\n<p><sup><strong>Une nouvelle intrusion a eu lieu lundi au si\u00e8ge de la CFDT \u00e0 Paris, men\u00e9e par \u00abune quinzaine de personnes encagoul\u00e9es\u00bb qui ont coup\u00e9 l\u2019\u00e9lectricit\u00e9 pendant quelques minutes, a annonc\u00e9 la conf\u00e9d\u00e9ration, une action revendiqu\u00e9e par des syndicats CGT Energie.<\/strong><\/sup><\/p>\n\n\n\n<p>L\u2019action est le fait de neuf syndicats CGT Energie d\u2019Ile-de-France (Paris, 91, 93, 94, 95, 77, 78, Ouest IDF et Bagneux), a pr\u00e9cis\u00e9 \u00e0 l\u2019AFP Cathy Fl\u00e9chard de la CGT Energie Paris, trois jours apr\u00e8s une premi\u00e8re intrusion revendiqu\u00e9e par la Coordination RATP-SNCF, oppos\u00e9e \u00e0 la r\u00e9forme des retraites.<\/p>\n\n\n\n<p>L\u2019intrusion d&rsquo;\u00abune quinzaine de personnes encagoul\u00e9es\u00bb et \u00abhabill\u00e9es de noir\u00bb a dur\u00e9 \u00abun petit quart d\u2019heure. Ils savaient exactement o\u00f9 \u00e9tait l\u2019alimentation g\u00e9n\u00e9rale d\u2019\u00e9lectricit\u00e9 et l\u2019ont coup\u00e9e\u00bb, a-t-on pr\u00e9cis\u00e9 \u00e0 la conf\u00e9d\u00e9ration.<\/p>\n\n\n\n<p>Une source polici\u00e8re a confirm\u00e9 \u00e0 l\u2019AFP qu&rsquo;\u00abune quinzaine de personnes ont p\u00e9n\u00e9tr\u00e9 \u00e0 11h20 au si\u00e8ge de la CFDT\u00bb, dans le XIXe arrondissement.<\/p>\n\n\n\n<p>Elles n\u2019ont rien dit et n\u2019ont pas fait r\u00e9f\u00e9rence \u00e0 la r\u00e9forme des retraites par points que la CFDT soutient, selon la conf\u00e9d\u00e9ration. Mais \u00abil a \u00e9t\u00e9 retrouv\u00e9 sur les lieux des tracts de la CGT Energie contre la r\u00e9forme des retraites\u00bb, a indiqu\u00e9 la source polici\u00e8re.<\/p>\n\n\n\n<p>Sur le site Facebook de la CGT Energie Paris, les neuf syndicats qui revendiquent l\u2019action font clairement le lien avec le projet de syst\u00e8me de retraite universel par points.<\/p>\n\n\n\n<p>\u00abBerger n\u00e9gocie les couleurs et les formes de nos futures cha\u00eenes et celles de nos enfants, sans jamais avoir particip\u00e9 \u00e0 la gr\u00e8ve reconductible contre la retraites \u00e0 points\u00bb, \u00e9crivent-ils dans un communiqu\u00e9.<\/p>\n\n\n\n<p>Ce lundi, le si\u00e8ge conf\u00e9d\u00e9ral \u00aba perdu l\u2019\u00e9lectricit\u00e9 et c\u2019est la collaboration de classe qui a \u00e9t\u00e9 plong\u00e9e dans l\u2019obscurit\u00e9\u00bb.<\/p>\n\n\n\n<p>\u00abCette nouvelle attaque, revendiqu\u00e9e sur les r\u00e9seaux sociaux par plusieurs syndicats CGT \u00e9nergie, est inacceptable\u00bb, \u00e9crit pour sa part la CFDT dans un communiqu\u00e9.<\/p>\n\n\n\n<p>Elle \u00abpoursuivra son combat pour plus de justice sociale et de solidarit\u00e9 entre les travailleurs sans jamais se laisser dicter ses positions par des actes de violence ou d\u2019intimidation\u00bb, ajoute la CFDT.<\/p>\n\n\n\n<p>Dans la matin\u00e9e, elle a port\u00e9 plainte apr\u00e8s l\u2019intrusion dans son si\u00e8ge vendredi d\u2019opposants \u00e0 la r\u00e9forme des retraites, au cours de laquelle il y a eu \u00abdes insultes\u00bb, \u00abdes crachats\u00bb avec un salari\u00e9 en incapacit\u00e9 temporaire de travail, a dit sur RMC\/BFMTV Laurent Berger, son secr\u00e9taire g\u00e9n\u00e9ral.<\/p>\n\n\n\n<p><\/p>\n","protected":false},"excerpt":{"rendered":"<p>\u00a0Le communiqu\u00e9 que vient de publier la CFDT\u00a0 Une nouvelle intrusion a eu lieu lundi au si\u00e8ge de la CFDT \u00e0 Paris, men\u00e9e par \u00abune quinzaine de personnes encagoul\u00e9es\u00bb qui ont coup\u00e9 l\u2019\u00e9lectricit\u00e9 pendant quelques minutes, a annonc\u00e9 la conf\u00e9d\u00e9ration, une action revendiqu\u00e9e par des syndicats CGT Energie. Une nouvelle intrusion a eu lieu lundi [&hellip;]<\/p>\n","protected":false},"author":2,"featured_media":14395,"comment_status":"open","ping_status":"open","sticky":false,"template":"","format":"standard","meta":{"_jetpack_memberships_contains_paid_content":false,"footnotes":"","jetpack_publicize_message":"","jetpack_publicize_feature_enabled":true,"jetpack_social_post_already_shared":true,"jetpack_social_options":{"image_generator_settings":{"template":"highway","default_image_id":0,"font":"","enabled":false},"version":2},"_wpas_customize_per_network":false},"categories":[405],"tags":[],"class_list":["post-14394","post","type-post","status-publish","format-standard","has-post-thumbnail","hentry","category-actu-france-monde"],"jetpack_publicize_connections":[],"jetpack_featured_media_url":"https:\/\/i0.wp.com\/www.iceagetv.com\/radiosite\/wp-content\/uploads\/2020\/01\/Nouvelle-intrusion-au-si%C3%A8ge-de-la-CFDT.jpg?fit=670%2C373&ssl=1","jetpack_sharing_enabled":true,"_links":{"self":[{"href":"https:\/\/www.iceagetv.com\/radiosite\/wp-json\/wp\/v2\/posts\/14394","targetHints":{"allow":["GET"]}}],"collection":[{"href":"https:\/\/www.iceagetv.com\/radiosite\/wp-json\/wp\/v2\/posts"}],"about":[{"href":"https:\/\/www.iceagetv.com\/radiosite\/wp-json\/wp\/v2\/types\/post"}],"author":[{"embeddable":true,"href":"https:\/\/www.iceagetv.com\/radiosite\/wp-json\/wp\/v2\/users\/2"}],"replies":[{"embeddable":true,"href":"https:\/\/www.iceagetv.com\/radiosite\/wp-json\/wp\/v2\/comments?post=14394"}],"version-history":[{"count":1,"href":"https:\/\/www.iceagetv.com\/radiosite\/wp-json\/wp\/v2\/posts\/14394\/revisions"}],"predecessor-version":[{"id":14396,"href":"https:\/\/www.iceagetv.com\/radiosite\/wp-json\/wp\/v2\/posts\/14394\/revisions\/14396"}],"wp:featuredmedia":[{"embeddable":true,"href":"https:\/\/www.iceagetv.com\/radiosite\/wp-json\/wp\/v2\/media\/14395"}],"wp:attachment":[{"href":"https:\/\/www.iceagetv.com\/radiosite\/wp-json\/wp\/v2\/media?parent=14394"}],"wp:term":[{"taxonomy":"category","embeddable":true,"href":"https:\/\/www.iceagetv.com\/radiosite\/wp-json\/wp\/v2\/categories?post=14394"},{"taxonomy":"post_tag","embeddable":true,"href":"https:\/\/www.iceagetv.com\/radiosite\/wp-json\/wp\/v2\/tags?post=14394"}],"curies":[{"name":"wp","href":"https:\/\/api.w.org\/{rel}","templated":true}]}}