{"id":14397,"date":"2020-01-22T13:30:31","date_gmt":"2020-01-22T13:30:31","guid":{"rendered":"http:\/\/www.iceagetv.com\/radiosite\/?p=14397"},"modified":"2020-01-22T13:30:31","modified_gmt":"2020-01-22T13:30:31","slug":"la-tempete-gloria-sabat-sur-laude-et-les-pyrenees-orientales-toujours-en-proie-a-de-fortes-pluies","status":"publish","type":"post","link":"https:\/\/www.iceagetv.com\/radiosite\/la-tempete-gloria-sabat-sur-laude-et-les-pyrenees-orientales-toujours-en-proie-a-de-fortes-pluies\/","title":{"rendered":"La temp\u00eate Gloria s&rsquo;abat sur l&rsquo;Aude et les Pyr\u00e9n\u00e9es-Orientales, toujours en proie \u00e0 de fortes pluies"},"content":{"rendered":"\n<p> L&rsquo;Aude a \u00e9t\u00e9 plac\u00e9 sous vigilance orange ce mercredi matin par M\u00e9t\u00e9o France, tout comme les\u00a0Pyr\u00e9n\u00e9es-Orientales depuis lundi matin, en raison de fortes pluies et des risques d&rsquo;inondations. La fin de cet \u00e9pisode m\u00e9diterran\u00e9en intense d\u00fb \u00e0 la temp\u00eate Gloria est pr\u00e9vue pour jeudi midi.  a temp\u00eate Gloria continue de balayer les Pyr\u00e9n\u00e9es-Orientales\u00a0ce mercredi 22 janvier et continue sa course vers l&rsquo;Aude apr\u00e8s avoir fait\u00a0<strong>4 morts en Espagne.<\/strong>  Il pleuvait sur une grande partie de la r\u00e9gion Occitanie ce mercredi matin, une pluie particuli\u00e8rement forte sur les Pyr\u00e9n\u00e9es-Orientales, qui devrait\u00a0<strong>devenir orageuse en milieu de matin\u00e9e.<\/strong>  <em>\u00ab\u00a0Le fort vent de secteur est en M\u00e9diterran\u00e9e continue de bloquer les pluies et les chutes de neige sur les Pyr\u00e9n\u00e9es-Orientales. L&rsquo;activit\u00e9 reste forte toute la journ\u00e9e, donnant des pluies soutenues et orageuses par moments, la neige est abondante d\u00e8s 1.600 \u00e0 1.800 m\u00e8tres\u00a0\u00bb<\/em>, rapporte M\u00e9t\u00e9o-France.  Entre 100 mm \u00e0 200 mm suppl\u00e9mentaires de pluie sont attendus dans la journ\u00e9e de mercredi, selon la pr\u00e9fecture des P-O.\u00a0Sur l\u2019ensemble de l\u2019\u00e9pisode, le cumul attendu est de\u00a0<strong>350 mm, soit plus de deux mois de pluie en 48 heures.<\/strong>  Dans l&rsquo;Aude, des cumuls de180 \u00e0 250 mm sur les Corbi\u00e8res et le Pays de Sault sont attendus. Certains cours d&rsquo;eau commencent d\u00e9j\u00e0 \u00e0 d\u00e9border, submergeant les routes. <\/p>\n\n\n\n<h2 class=\"wp-block-heading\">Forts risques de crues<\/h2>\n\n\n\n<p><em>\u00ab\u00a0Sur le littoral des Pyr\u00e9n\u00e9es-Orientales, la houle et les fortes vagues d&rsquo;est \u00e0 nord-est vont g\u00eaner l&rsquo;\u00e9coulement des rivi\u00e8res, ce qui se traduit par une vigilance jaune vagues-submersion\u00a0\u00bb<\/em>, ajoute l&rsquo;organisme.<\/p>\n\n\n\n<p><strong>Le plan de sauvegarde a \u00e9t\u00e9 d\u00e9clench\u00e9 \u00e0 Argel\u00e8s-sur-Mer.<\/strong>&nbsp;Les vents devraient se renforcer, provoquant une mer d\u00e9cha\u00een\u00e9e avec des vagues de plusieurs m\u00e8tres, selon la mairie. Par ailleurs, dans le centre-ville, la Massane est pass\u00e9e au-dessus du seuil d\u2019alerte et pourrait entrer en crue tr\u00e8s prochainement.<\/p>\n\n\n\n<p>La ville a d\u00e9cid\u00e9&nbsp;<strong>la fermeture de son \u00e9cole et du coll\u00e8ge ce 22 janvier<\/strong>&nbsp;par mesure de pr\u00e9caution. Selon&nbsp;<a href=\"https:\/\/www.vigicrues.gouv.fr\/niv3-station.php?CdStationHydro=Y011541001&amp;CdEntVigiCru=21&amp;GrdSerie=H&amp;ZoomInitial=1&amp;CdStationsSecondaires=\" target=\"_blank\" rel=\"noreferrer noopener\">Vigicrue<\/a>, le fleuve a atteint 0,75cm.&nbsp;<strong>La mairie pr\u00e9voit d&rsquo;\u00e9vacuer les bords de la Massane, soit plusieurs centaines d&rsquo;habitants, si l&rsquo;eau atteint 1 m\u00e8tre.<\/strong><\/p>\n\n\n\n<p><\/p>\n","protected":false},"excerpt":{"rendered":"<p>L&rsquo;Aude a \u00e9t\u00e9 plac\u00e9 sous vigilance orange ce mercredi matin par M\u00e9t\u00e9o France, tout comme les\u00a0Pyr\u00e9n\u00e9es-Orientales depuis lundi matin, en raison de fortes pluies et des risques d&rsquo;inondations. La fin de cet \u00e9pisode m\u00e9diterran\u00e9en intense d\u00fb \u00e0 la temp\u00eate Gloria est pr\u00e9vue pour jeudi midi. a temp\u00eate Gloria continue de balayer les Pyr\u00e9n\u00e9es-Orientales\u00a0ce mercredi 22 [&hellip;]<\/p>\n","protected":false},"author":2,"featured_media":14398,"comment_status":"open","ping_status":"open","sticky":false,"template":"","format":"standard","meta":{"_jetpack_memberships_contains_paid_content":false,"footnotes":"","jetpack_publicize_message":"","jetpack_publicize_feature_enabled":true,"jetpack_social_post_already_shared":true,"jetpack_social_options":{"image_generator_settings":{"template":"highway","default_image_id":0,"font":"","enabled":false},"version":2},"_wpas_customize_per_network":false},"categories":[14],"tags":[],"class_list":["post-14397","post","type-post","status-publish","format-standard","has-post-thumbnail","hentry","category-actu-meteo"],"jetpack_publicize_connections":[],"jetpack_featured_media_url":"https:\/\/i0.wp.com\/www.iceagetv.com\/radiosite\/wp-content\/uploads\/2020\/01\/La-temp%C3%AAte-Gloria-sabat-sur-lAude.jpg?fit=1200%2C675&ssl=1","jetpack_sharing_enabled":true,"_links":{"self":[{"href":"https:\/\/www.iceagetv.com\/radiosite\/wp-json\/wp\/v2\/posts\/14397","targetHints":{"allow":["GET"]}}],"collection":[{"href":"https:\/\/www.iceagetv.com\/radiosite\/wp-json\/wp\/v2\/posts"}],"about":[{"href":"https:\/\/www.iceagetv.com\/radiosite\/wp-json\/wp\/v2\/types\/post"}],"author":[{"embeddable":true,"href":"https:\/\/www.iceagetv.com\/radiosite\/wp-json\/wp\/v2\/users\/2"}],"replies":[{"embeddable":true,"href":"https:\/\/www.iceagetv.com\/radiosite\/wp-json\/wp\/v2\/comments?post=14397"}],"version-history":[{"count":1,"href":"https:\/\/www.iceagetv.com\/radiosite\/wp-json\/wp\/v2\/posts\/14397\/revisions"}],"predecessor-version":[{"id":14399,"href":"https:\/\/www.iceagetv.com\/radiosite\/wp-json\/wp\/v2\/posts\/14397\/revisions\/14399"}],"wp:featuredmedia":[{"embeddable":true,"href":"https:\/\/www.iceagetv.com\/radiosite\/wp-json\/wp\/v2\/media\/14398"}],"wp:attachment":[{"href":"https:\/\/www.iceagetv.com\/radiosite\/wp-json\/wp\/v2\/media?parent=14397"}],"wp:term":[{"taxonomy":"category","embeddable":true,"href":"https:\/\/www.iceagetv.com\/radiosite\/wp-json\/wp\/v2\/categories?post=14397"},{"taxonomy":"post_tag","embeddable":true,"href":"https:\/\/www.iceagetv.com\/radiosite\/wp-json\/wp\/v2\/tags?post=14397"}],"curies":[{"name":"wp","href":"https:\/\/api.w.org\/{rel}","templated":true}]}}