{"id":14404,"date":"2020-01-22T13:35:47","date_gmt":"2020-01-22T13:35:47","guid":{"rendered":"http:\/\/www.iceagetv.com\/radiosite\/?p=14404"},"modified":"2020-01-22T13:35:47","modified_gmt":"2020-01-22T13:35:47","slug":"ouverture-des-inscriptions-sur-parcoursup-ce-qui-change-cette-annee","status":"publish","type":"post","link":"https:\/\/www.iceagetv.com\/radiosite\/ouverture-des-inscriptions-sur-parcoursup-ce-qui-change-cette-annee\/","title":{"rendered":"Ouverture des inscriptions sur Parcoursup: ce qui change cette ann\u00e9e"},"content":{"rendered":"\n<h2 class=\"wp-block-heading\">Les \u00e9l\u00e8ves de terminale qui souhaitent entamer des \u00e9tudes sup\u00e9rieures et les \u00e9tudiants en r\u00e9orientation peuvent s&rsquo;inscrire d\u00e8s ce mercredi sur Parcoursup. Ils ont jusqu&rsquo;au 12 mars pour formuler leurs v\u0153ux. Apr\u00e8s, il sera trop tard.<\/h2>\n\n\n\n<p>Coup d&rsquo;envoi de la premi\u00e8re \u00e9tape sur Parcoursup. \u00c0 partir de ce mercredi et jusqu&rsquo;au 12 mars, les \u00e9l\u00e8ves de terminale et \u00e9tudiants en r\u00e9orientation peuvent s&rsquo;inscrire sur la plateforme d&rsquo;orientation dans l&rsquo;enseignement sup\u00e9rieur&nbsp;et formuler leurs v\u0153ux.<\/p>\n\n\n\n<ul class=\"wp-block-list\"><li>15.000 formations<\/li><\/ul>\n\n\n\n<p>Au total, quelque 15.000 formations sont propos\u00e9es, ce qui repr\u00e9sente l&rsquo;ensemble des formations post-bac reconnues par l&rsquo;\u00c9tat. Cette ann\u00e9e, Parcoursup propose notamment 600 nouvelles formations, comme\u00a0les licences s\u00e9lectives de l&rsquo;Universit\u00e9 Paris-Dauphine, les dix instituts d&rsquo;\u00e9tudes politiques, de nouvelles \u00e9coles de commerce ou de management ainsi que les instituts de formations aux professions param\u00e9dicales.<\/p>\n\n\n\n<p>Comme l&rsquo;assure le minist\u00e8re, qui met en avant une proc\u00e9dure \u00ab\u00a0raccourcie\u00a0\u00bb et \u00ab\u00a0acc\u00e9l\u00e9r\u00e9e\u00a0\u00bb, chaque formation est pr\u00e9sent\u00e9e sous&nbsp;la forme d&rsquo;une fiche d\u00e9taill\u00e9e actualis\u00e9e permettant aux candidats \u00ab\u00a0de consulter des informations essentielles avant de faire leurs choix\u00a0\u00bb, notamment les attendus, les crit\u00e8res g\u00e9n\u00e9raux d&rsquo;examen des dossiers, les d\u00e9bouch\u00e9s ainsi que&nbsp;le taux d&rsquo;acc\u00e8s \u00e0 la formation l&rsquo;ann\u00e9e derni\u00e8re.<\/p>\n\n\n\n<ul class=\"wp-block-list\"><li>Quid de la Paces?<\/li><\/ul>\n\n\n\n<p>La premi\u00e8re ann\u00e9e commune aux \u00e9tudes de sant\u00e9 (Paces) est remplac\u00e9e par deux voies d&rsquo;acc\u00e8s aux \u00e9tudes de m\u00e9decine:&nbsp;la licence avec option acc\u00e8s sant\u00e9 (LAS)&nbsp;constitu\u00e9e d&rsquo;une majeure, comme le droit ou&nbsp;l&rsquo;\u00e9conomie, et d&rsquo;une mineure \u00ab\u00a0sant\u00e9\u00a0\u00bb ainsi que&nbsp;le parcours sp\u00e9cifique acc\u00e8s sant\u00e9 (Pass), l&rsquo;\u00e9quivalent de la Paces, qui permettra \u00e0 l&rsquo;\u00e9tudiant de poursuivre ses \u00e9tudes dans n&rsquo;importe quelle sp\u00e9cialit\u00e9.&nbsp;<\/p>\n\n\n\n<ul class=\"wp-block-list\"><li>Dix v\u0153ux<\/li><\/ul>\n\n\n\n<p>Il est possible de formuler jusqu&rsquo;\u00e0 dix v\u0153ux, \u00ab\u00a0avec des possibilit\u00e9s de sous-v\u0153ux selon les formations\u00a0\u00bb comme les&nbsp;classes pr\u00e9paratoires aux grandes \u00e9coles ou les Instituts de formation en soins infirmiers pour lesquels il s&rsquo;agit de formuler un v\u0153u multiple,&nbsp;<a href=\"https:\/\/www.parcoursup.fr\/index.php?desc=calendrier\">pr\u00e9cise le site consacr\u00e9 \u00e0 l&rsquo;orientation dans le sup\u00e9rieur.<\/a>&nbsp;De mani\u00e8re g\u00e9n\u00e9rale, il est fortement recommand\u00e9 de ne pas formuler qu&rsquo;un seul v\u0153u ni&nbsp;de ne candidater qu&rsquo;\u00e0 des fili\u00e8res s\u00e9lectives.<\/p>\n\n\n\n<p>Pour chaque v\u0153u, lyc\u00e9ens et \u00e9tudiants devront d\u00e9tailler leur motivation. Il s&rsquo;agit d&rsquo;expliquer&nbsp;\u00ab\u00a0pourquoi vous avez retenu une formation\u00a0\u00bb et \u00ab\u00a0quels sont vos atouts pour y r\u00e9ussir: qualit\u00e9s et comp\u00e9tences, int\u00e9r\u00eat, d\u00e9marches conduites (entretiens, recherches sur Internet) pour conna\u00eetre cette formation\u00a0\u00bb en 1500 caract\u00e8res maximum,&nbsp;<a href=\"https:\/\/www.parcoursup.fr\/index.php?desc=questions#RUB-ETAPES-REPONSE\">indique encore&nbsp;Parcoursup.<\/a><\/p>\n\n\n\n<p>Les candidats peuvent par ailleurs communiquer des informations relatives \u00e0 leurs centres d&rsquo;int\u00e9r\u00eat, exp\u00e9riences professionnelles ou comp\u00e9tences extra-scolaires &#8211; tels que engagements associatifs,&nbsp;s\u00e9jours linguistiques, pratique culturelle ou sportive, Bafa ou encore&nbsp;formation aux premiers secours&nbsp;&#8211; dans une rubrique d\u00e9di\u00e9e. Autant d&rsquo;informations pour permettre \u00ab\u00a0de se d\u00e9marquer, de parler davantage de soi et mettre en avant des qualit\u00e9s ou des exp\u00e9riences qui vous sont propres et qui ne transparaissent pas dans les bulletins scolaires\u00a0\u00bb.<\/p>\n\n\n\n<ul class=\"wp-block-list\"><li>Le calendrier<\/li><\/ul>\n\n\n\n<p>Apr\u00e8s le 12 mars minuit, il ne sera plus possible de formuler de nouveaux v\u0153ux ou d&rsquo;en remplacer. Mais il sera toujours possible d&rsquo;en&nbsp;supprimer.&nbsp;Les candidats auront jusqu&rsquo;au 2 avril pour confirmer chacun des v\u0153ux et finaliser leurs dossiers.&nbsp;Ensuite, entre les mois d&rsquo;avril et mai, les formations examineront les dossiers des candidats. Et les premi\u00e8res propositions d&rsquo;admission tomberont \u00e0 partir du 19 mai.<\/p>\n\n\n\n<p>Comme l&rsquo;ann\u00e9e derni\u00e8re, la proc\u00e9dure sera suspendue durant les \u00e9preuves \u00e9crites du baccalaur\u00e9at, c&rsquo;est-\u00e0-dire entre le 17 et le 24 juin. Cette phase principale d&rsquo;admission s&rsquo;ach\u00e8vera le 17 juillet. La phase compl\u00e9mentaire, pour les candidats qui n&rsquo;auraient obtenu que des refus, sera quant \u00e0 elle ouverte du 25 juin au 11&nbsp;septembre.<\/p>\n\n\n\n<ul class=\"wp-block-list\"><li>\u00ab\u00a0Oui\u00a0\u00bb, \u00ab\u00a0oui si\u00a0\u00bb, ou \u00ab\u00a0en attente\u00a0\u00bb<\/li><\/ul>\n\n\n\n<p>Si la formation&nbsp;r\u00e9pond&nbsp;\u00ab\u00a0oui\u00a0\u00bb, cela signifie que le candidat est accept\u00e9 sans condition. Si&nbsp;la r\u00e9ponse est \u00ab\u00a0oui si\u00a0\u00bb, il devra suivre un parcours d&rsquo;accompagnement p\u00e9dagogique ou personnalis\u00e9 &#8211;&nbsp;quelque 218.000 remises \u00e0 niveau, parcours de soutien ou tutorat ont \u00e9t\u00e9 propos\u00e9s l&rsquo;ann\u00e9e derni\u00e8re.<\/p>\n\n\n\n<p>Des r\u00e9ponses&nbsp;\u00ab\u00a0en attente\u00a0\u00bb pourront \u00e9galement appara\u00eetre:&nbsp;les formations qui ont plus de candidats que de places disponibles les classent en fonction de leur dossier. Dans ce cas,&nbsp;le candidat pourra obtenir certaines informations afin d&rsquo;estimer ses chances d&rsquo;\u00eatre accept\u00e9: sa position dans la liste d&rsquo;attente, le nombre total de candidats dans la liste,&nbsp;le nombre de places dans la formation ou encore la position du dernier candidat qui a re\u00e7u une proposition d&rsquo;admission l&rsquo;ann\u00e9e derni\u00e8re.<\/p>\n\n\n\n<p>Le candidat &#8211; ainsi que ses parents et son \u00e9tablissement&nbsp;&#8211; sera inform\u00e9 des r\u00e9ponses de formation par mail, SMS et sur son compte Parcoursup.<\/p>\n\n\n\n<ul class=\"wp-block-list\"><li>Quand r\u00e9pondre?<\/li><\/ul>\n\n\n\n<p>Du 19 au 23 mai, les candidats auront cinq&nbsp;jours pour r\u00e9pondre aux propositions re\u00e7ues. Mais \u00e0&nbsp;partir du 24 mai, ils n&rsquo;auront plus que quatre jours et, le lendemain, le d\u00e9lai sera r\u00e9duit \u00e0 trois&nbsp;jours.&nbsp;<a href=\"https:\/\/www.parcoursup.fr\/index.php?desc=questions#RUB-ETAPES-REPONSE\">Parcoursup met en garde:&nbsp;<\/a>\u00ab\u00a0Si vous ne r\u00e9pondez pas \u00e0 une proposition d&rsquo;admission dans les d\u00e9lais pr\u00e9vus, vous perdez toutes les propositions d&rsquo;admission qui vous sont faites (sauf celle d\u00e9j\u00e0 \u00e9ventuellement accept\u00e9e) et vos v\u0153ux en attente.\u00a0\u00bb&nbsp;<\/p>\n\n\n\n<p>Le candidat sur liste d&rsquo;attente pourra hi\u00e9rarchiser ses v\u0153ux gr\u00e2ce \u00e0 une option \u00ab\u00a0r\u00e9pondeur automatique\u00a0\u00bb, disponible d\u00e8s le 19 mai &#8211; un mois plus t\u00f4t qu&rsquo;en 2019 &#8211;&nbsp;qui lui permettra de ne&nbsp;pas se connecter tous les jours \u00e0 la plateforme.<\/p>\n\n\n\n<p>Entre le 29 juin et le 1er juillet,&nbsp;le candidat devra&nbsp;confirmer ou non les v\u0153ux en attente qui l&rsquo;int\u00e9ressent toujours. Ce point d&rsquo;\u00e9tape &#8211; un seul au lieu de trois l&rsquo;ann\u00e9e derni\u00e8re &#8211; est \u00ab\u00a0obligatoire\u00a0\u00bb \u00e0 l&rsquo;exception des candidats ayant d\u00e9j\u00e0 accept\u00e9 une formation, ajoute Parcoursup. Sans r\u00e9ponse, tous les v\u0153ux en attente seront perdus.<\/p>\n\n\n\n<p><\/p>\n","protected":false},"excerpt":{"rendered":"<p>Les \u00e9l\u00e8ves de terminale qui souhaitent entamer des \u00e9tudes sup\u00e9rieures et les \u00e9tudiants en r\u00e9orientation peuvent s&rsquo;inscrire d\u00e8s ce mercredi sur Parcoursup. Ils ont jusqu&rsquo;au 12 mars pour formuler leurs v\u0153ux. Apr\u00e8s, il sera trop tard. Coup d&rsquo;envoi de la premi\u00e8re \u00e9tape sur Parcoursup. \u00c0 partir de ce mercredi et jusqu&rsquo;au 12 mars, les \u00e9l\u00e8ves [&hellip;]<\/p>\n","protected":false},"author":2,"featured_media":14405,"comment_status":"open","ping_status":"open","sticky":false,"template":"","format":"standard","meta":{"_jetpack_memberships_contains_paid_content":false,"footnotes":"","jetpack_publicize_message":"","jetpack_publicize_feature_enabled":true,"jetpack_social_post_already_shared":true,"jetpack_social_options":{"image_generator_settings":{"template":"highway","default_image_id":0,"font":"","enabled":false},"version":2},"_wpas_customize_per_network":false},"categories":[405],"tags":[],"class_list":["post-14404","post","type-post","status-publish","format-standard","has-post-thumbnail","hentry","category-actu-france-monde"],"jetpack_publicize_connections":[],"jetpack_featured_media_url":"https:\/\/i0.wp.com\/www.iceagetv.com\/radiosite\/wp-content\/uploads\/2020\/01\/Ouverture-des-inscriptions-sur-Parcoursup.jpeg?fit=1041%2C708&ssl=1","jetpack_sharing_enabled":true,"_links":{"self":[{"href":"https:\/\/www.iceagetv.com\/radiosite\/wp-json\/wp\/v2\/posts\/14404","targetHints":{"allow":["GET"]}}],"collection":[{"href":"https:\/\/www.iceagetv.com\/radiosite\/wp-json\/wp\/v2\/posts"}],"about":[{"href":"https:\/\/www.iceagetv.com\/radiosite\/wp-json\/wp\/v2\/types\/post"}],"author":[{"embeddable":true,"href":"https:\/\/www.iceagetv.com\/radiosite\/wp-json\/wp\/v2\/users\/2"}],"replies":[{"embeddable":true,"href":"https:\/\/www.iceagetv.com\/radiosite\/wp-json\/wp\/v2\/comments?post=14404"}],"version-history":[{"count":1,"href":"https:\/\/www.iceagetv.com\/radiosite\/wp-json\/wp\/v2\/posts\/14404\/revisions"}],"predecessor-version":[{"id":14406,"href":"https:\/\/www.iceagetv.com\/radiosite\/wp-json\/wp\/v2\/posts\/14404\/revisions\/14406"}],"wp:featuredmedia":[{"embeddable":true,"href":"https:\/\/www.iceagetv.com\/radiosite\/wp-json\/wp\/v2\/media\/14405"}],"wp:attachment":[{"href":"https:\/\/www.iceagetv.com\/radiosite\/wp-json\/wp\/v2\/media?parent=14404"}],"wp:term":[{"taxonomy":"category","embeddable":true,"href":"https:\/\/www.iceagetv.com\/radiosite\/wp-json\/wp\/v2\/categories?post=14404"},{"taxonomy":"post_tag","embeddable":true,"href":"https:\/\/www.iceagetv.com\/radiosite\/wp-json\/wp\/v2\/tags?post=14404"}],"curies":[{"name":"wp","href":"https:\/\/api.w.org\/{rel}","templated":true}]}}