{"id":14425,"date":"2020-01-24T16:57:07","date_gmt":"2020-01-24T16:57:07","guid":{"rendered":"http:\/\/www.iceagetv.com\/radiosite\/?p=14425"},"modified":"2020-01-24T16:57:07","modified_gmt":"2020-01-24T16:57:07","slug":"retraites-plusieurs-milliers-de-manifestants-partout-en-france-aujourdhui-a-paris-la-manifestation-sest-terminee-dans-le-calme-place-de-la-concorde","status":"publish","type":"post","link":"https:\/\/www.iceagetv.com\/radiosite\/retraites-plusieurs-milliers-de-manifestants-partout-en-france-aujourdhui-a-paris-la-manifestation-sest-terminee-dans-le-calme-place-de-la-concorde\/","title":{"rendered":"Retraites &#8211; Plusieurs milliers de manifestants partout en France aujourd&rsquo;hui &#8211; A Paris, la manifestation s&rsquo;est termin\u00e9e dans le calme place de la Concorde"},"content":{"rendered":"\n<p> <strong>La CGT revendique 1,3 million de manifestants dans toute la France contre la r\u00e9forme des retraites.\u00a0C&rsquo;est moins que les semaines pr\u00e9c\u00e9dentes, le 5\/12, le 17\/12, et le 9\/01, mais plus que celle du 11 janvier mais qui \u00e9tait un samedi.<\/strong>  Depuis pr\u00e8s d&rsquo;une heure, le cort\u00e8ge parisien est arriv\u00e9 Place de la Concorde. Les manifestants sont nombreux. Aucun incident \u00e0 d\u00e9clarer. <\/p>\n\n\n\n<p><strong>Le point sur ce qu&rsquo;il faut retenir cet apr\u00e8s-midi<br><\/strong><\/p>\n\n\n\n<p>Les opposants \u00e0 la r\u00e9forme des retraites \u00e9taient dans la rue vendredi, apr\u00e8s l\u2019adoption du projet en Conseil des ministres et avant une nouvelle journ\u00e9e de mobilisation est annonc\u00e9e pour le 29 janvier.<\/p>\n\n\n\n<p>Emmanuel Macron a d\u00e9nonc\u00e9 \u00ables actes de violence et la radicalit\u00e9 de certains blocages\u00bb, appelant \u00ab\u00e0 la plus grande fermet\u00e9 \u00e0 l\u2019\u00e9gard de leurs auteurs\u00bb, selon des propos rapport\u00e9s par Sibeth Ndiaye, porte-parole du gouvernement, \u00e0 l\u2019issue du Conseil des ministres.<\/p>\n\n\n\n<p>\u00abOn pourrait d\u00e9noncer la violence de certains de ses propos\u00bb, a fait valoir le secr\u00e9taire g\u00e9n\u00e9ral de la CGT Philippe Martinez, qui a r\u00e9fut\u00e9 tout \u00abbaroud d\u2019honneur\u00bb au 51e jour d\u2019une mobilisation entam\u00e9e le 5 d\u00e9cembre.<\/p>\n\n\n\n<p>\u00abCe mouvement reste massif, on a des taux de gr\u00e8ve importants, il s\u2019inscrit dans la dur\u00e9e et il n\u2019est pas le fait de quelques personnes marginales\u00bb, a affirm\u00e9 Beno\u00eet Teste, secr\u00e9taire g\u00e9n\u00e9ral de la FSU, majoritaire dans l\u2019\u00c9ducation, depuis la manifestation parisienne qui r\u00e9unissait entre 350 et 400.000 personnes selon la CGT, dont de tr\u00e8s nombreux enseignants, entre R\u00e9publique et Concorde.<\/p>\n\n\n\n<p>\u00abLa d\u00e9mocratie sociale et politique ne s\u2019est pas exerc\u00e9e. Esp\u00e9rons que, dans les mois qui viennent, \u00e0 l&rsquo; occasion du d\u00e9bat parlementaire et des amendements, la d\u00e9mocratie reprenne un peu ses droits\u00bb, a insist\u00e9 le pr\u00e9sident de la CFE-CGC Fran\u00e7ois Hommeril.<\/p>\n\n\n\n<p>Une nouvelle journ\u00e9e interprofessionnelle a \u00e9t\u00e9 d\u00e9cid\u00e9e pour le 29 janvier apr\u00e8s une r\u00e9union vendredi. La CFE-CGC, qui souhaitait faire une \u00abpause\u00bb, ne s\u2019est pas associ\u00e9e au reste de l\u2019intersyndicale (CGT, FO, Solidaires, FSU et organisations de jeunesse).<\/p>\n\n\n\n<p>En r\u00e9gions, la CGT Normandie \u00e9voquait \u00abune mar\u00e9e rouge\u00bb dans les rues du Havre. \u00abLe gouvernement est hautain, il ne prend pas en consid\u00e9ration ce qu\u2019on lui dit. Il ne prend plus l\u2019avis des syndicats. Il veut faire passer sa r\u00e9forme co\u00fbte que co\u00fbte, d\u00e9plorait C\u00e9cile Chamignon, fonctionnaire de 40 ans, dans le cort\u00e8ge lyonnais.<\/p>\n\n\n\n<p>A Montpellier, o\u00f9 la manifestation s\u2019est \u00e9lanc\u00e9e en fin de matin\u00e9e, on pouvait lire sur les pancartes \u00abAge pivot, \u00e2ge pipeau\u00bb ou \u00abRe-Traite moi bien\u00bb.<\/p>\n\n\n\n<p>Quelque 200 avocats du barreau de Bordeaux se sont r\u00e9unis sur les marches du tribunal, en robe et portant tous des masques blancs, symbolisant selon l\u2019un d\u2019eux \u00abla mort promise \u00e0 30% des avocats \u00e0 cause de la r\u00e9forme des retraites\u00bb. Le Conseil national des barreaux (CNB), qui a rencontr\u00e9 jeudi le Premier ministre \u00c9douard Philippe, a d\u00e9plor\u00e9 vendredi qu\u2019il n\u2019y ait eu \u00abaucune nouvelle proposition\u00bb. Il d\u00e9cidera samedi de la suite du mouvement de gr\u00e8ve.<\/p>\n\n\n\n<p>Pour Carole, professeur de fran\u00e7ais de 40 ans \u00e0 Clermont-Ferrand, \u00abplus le gouvernement parle plus \u00e7a me r\u00e9volte\u00bb.<\/p>\n\n\n\n<p>Dans l\u2019\u00e9ducation, le taux de gr\u00e9vistes \u00e9tait de 15,84% dans le primaire et de 10,30% dans le secondaire (coll\u00e8ges et lyc\u00e9es), selon le minist\u00e8re, mais de 40% pour chacun d\u2019apr\u00e8s les syndicats. Des chiffres en hausse par rapport \u00e0 la mobilisation du 16 janvier.<\/p>\n\n\n\n<p>A Paris, la Tour Eiffel \u00e9tait ferm\u00e9e.<\/p>\n\n\n\n<p>Dans les transports, apr\u00e8s un quasi-retour \u00e0 la normale ces derniers jours le trafic \u00e9tait de nouveau perturb\u00e9: quasi-normal sur les TGV et l\u2019international, il \u00e9tait de 70% pour les TER et Intercit\u00e9s et 60% dans les Transiliens \u00e0 la SNCF, o\u00f9 le taux de gr\u00e9vistes a atteint 13,9% vendredi matin.<\/p>\n\n\n\n<p>Le r\u00e9seau RATP \u00e9tait moins fluide avec seulement trois lignes de m\u00e9tro qui fonctionnaient normalement.<\/p>\n\n\n\n<p>Une grosse centaine de journalistes se sont d\u00e9clar\u00e9s en gr\u00e8ve vendredi, \u00e0 Mediapart, Lib\u00e9ration ou T\u00e9l\u00e9rama notamment.<\/p>\n\n\n\n<p>L\u2019ex\u00e9cutif s\u2019en tient \u00e0 son calendrier. Adopt\u00e9s en Conseil des ministres, les deux projets de loi &#8211; l\u2019un organique, l\u2019autre ordinaire &#8211; visant \u00e0 cr\u00e9er un \u00absyst\u00e8me universel\u00bb de retraite par points vont \u00eatre transmis \u00e0 l\u2019Assembl\u00e9e nationale pour un d\u00e9bat en s\u00e9ance publique \u00e0 partir du 17 f\u00e9vrier en vue d\u2019un premier vote d\u00e9but mars.<\/p>\n\n\n\n<p>En parall\u00e8le, les discussions se poursuivent entre gouvernement, syndicats et patronat sur des points-cl\u00e9s comme la p\u00e9nibilit\u00e9, le minimum de pension, les fins de carri\u00e8re et l\u2019emploi des seniors.<\/p>\n\n\n\n<p>Autant de sujets qui rendent incertain le co\u00fbt final de la r\u00e9forme, dont \u00abl\u2019\u00e9quilibre d\u2019ici 2027\u00bb est renvoy\u00e9 \u00e0 une \u00abconf\u00e9rence des financeurs\u00bb qui sera lanc\u00e9e le 30 janvier et doit proposer une solution avant la fin avril. La CGT et FO n\u2019ont pas encore indiqu\u00e9 si elles y participeraient.<\/p>\n\n\n\n<p>\u00abS\u2019il n\u2019y a pas d\u2019avanc\u00e9e, on va rester sur cette situation extr\u00eamement explosive\u00bb, a reconnu vendredi le num\u00e9ro 1 de la CFDT Laurent Berger.<\/p>\n\n\n\n<p><\/p>\n","protected":false},"excerpt":{"rendered":"<p>La CGT revendique 1,3 million de manifestants dans toute la France contre la r\u00e9forme des retraites.\u00a0C&rsquo;est moins que les semaines pr\u00e9c\u00e9dentes, le 5\/12, le 17\/12, et le 9\/01, mais plus que celle du 11 janvier mais qui \u00e9tait un samedi. Depuis pr\u00e8s d&rsquo;une heure, le cort\u00e8ge parisien est arriv\u00e9 Place de la Concorde. Les manifestants [&hellip;]<\/p>\n","protected":false},"author":2,"featured_media":14426,"comment_status":"open","ping_status":"open","sticky":false,"template":"","format":"standard","meta":{"_jetpack_memberships_contains_paid_content":false,"footnotes":"","jetpack_publicize_message":"","jetpack_publicize_feature_enabled":true,"jetpack_social_post_already_shared":true,"jetpack_social_options":{"image_generator_settings":{"template":"highway","default_image_id":0,"font":"","enabled":false},"version":2},"_wpas_customize_per_network":false},"categories":[405],"tags":[],"class_list":["post-14425","post","type-post","status-publish","format-standard","has-post-thumbnail","hentry","category-actu-france-monde"],"jetpack_publicize_connections":[],"jetpack_featured_media_url":"https:\/\/i0.wp.com\/www.iceagetv.com\/radiosite\/wp-content\/uploads\/2020\/01\/Plusieurs-milliers-de-manifestants-partout-en-France-aujourdhui.jpg?fit=621%2C212&ssl=1","jetpack_sharing_enabled":true,"_links":{"self":[{"href":"https:\/\/www.iceagetv.com\/radiosite\/wp-json\/wp\/v2\/posts\/14425","targetHints":{"allow":["GET"]}}],"collection":[{"href":"https:\/\/www.iceagetv.com\/radiosite\/wp-json\/wp\/v2\/posts"}],"about":[{"href":"https:\/\/www.iceagetv.com\/radiosite\/wp-json\/wp\/v2\/types\/post"}],"author":[{"embeddable":true,"href":"https:\/\/www.iceagetv.com\/radiosite\/wp-json\/wp\/v2\/users\/2"}],"replies":[{"embeddable":true,"href":"https:\/\/www.iceagetv.com\/radiosite\/wp-json\/wp\/v2\/comments?post=14425"}],"version-history":[{"count":1,"href":"https:\/\/www.iceagetv.com\/radiosite\/wp-json\/wp\/v2\/posts\/14425\/revisions"}],"predecessor-version":[{"id":14427,"href":"https:\/\/www.iceagetv.com\/radiosite\/wp-json\/wp\/v2\/posts\/14425\/revisions\/14427"}],"wp:featuredmedia":[{"embeddable":true,"href":"https:\/\/www.iceagetv.com\/radiosite\/wp-json\/wp\/v2\/media\/14426"}],"wp:attachment":[{"href":"https:\/\/www.iceagetv.com\/radiosite\/wp-json\/wp\/v2\/media?parent=14425"}],"wp:term":[{"taxonomy":"category","embeddable":true,"href":"https:\/\/www.iceagetv.com\/radiosite\/wp-json\/wp\/v2\/categories?post=14425"},{"taxonomy":"post_tag","embeddable":true,"href":"https:\/\/www.iceagetv.com\/radiosite\/wp-json\/wp\/v2\/tags?post=14425"}],"curies":[{"name":"wp","href":"https:\/\/api.w.org\/{rel}","templated":true}]}}