{"id":14457,"date":"2020-01-27T17:20:28","date_gmt":"2020-01-27T17:20:28","guid":{"rendered":"http:\/\/www.iceagetv.com\/radiosite\/?p=14457"},"modified":"2020-01-27T17:20:28","modified_gmt":"2020-01-27T17:20:28","slug":"au-memorial-de-la-shoah-macron-appelle-a-ne-rien-ceder-face-a-lantisemitisme","status":"publish","type":"post","link":"https:\/\/www.iceagetv.com\/radiosite\/au-memorial-de-la-shoah-macron-appelle-a-ne-rien-ceder-face-a-lantisemitisme\/","title":{"rendered":"Au M\u00e9morial de la Shoah, Macron appelle \u00e0 \u00ab\u00a0ne rien c\u00e9der\u00a0\u00bb face \u00e0 l&rsquo;antis\u00e9mitisme"},"content":{"rendered":"\n<h2 class=\"wp-block-heading\">Le pr\u00e9sident de la R\u00e9publique a rappel\u00e9 que diff\u00e9rentes mesures avaient \u00e9t\u00e9 prises afin de prot\u00e9ger la population juive en France.&nbsp;<\/h2>\n\n\n\n<p>Dans le cadre des&nbsp;comm\u00e9morations des 75 ans de&nbsp;<a href=\"https:\/\/www.bfmtv.com\/mediaplayer\/video\/deportee-a-19-ans-ginette-kolinka-raconte-l-enfer-du-camp-d-auschwitz-1217932.html\" target=\"_blank\" rel=\"noreferrer noopener\">la lib\u00e9ration du camp d&rsquo;Auschwitz-Birkenau<\/a>, Emmanuel Macron a rendu hommage ce lundi&nbsp;aux 76.000 juifs d\u00e9port\u00e9s de France, lors d&rsquo;un discours&nbsp;depuis le m\u00e9morial de la Shoah \u00e0 Paris. Cinq jours apr\u00e8s son d\u00e9placement en Isra\u00ebl, le pr\u00e9sident de la R\u00e9publique a \u00e0 nouveau&nbsp;mis en garde contre \u00ab\u00a0l&rsquo;insupportable regain de l&rsquo;antis\u00e9mitisme dans notre Europe\u00a0\u00bb,&nbsp;<a href=\"https:\/\/www.bfmtv.com\/police-justice\/bas-rhin-ce-que-l-on-sait-de-la-profanation-des-107-tombes-dans-le-cimetiere-juif-de-westhoffen-1818129.html\" target=\"_blank\" rel=\"noreferrer noopener\">avec notamment de nombreuses d\u00e9gradations survenues dans des cimeti\u00e8res juifs en France ces derni\u00e8res semaines<\/a>.&nbsp;<\/p>\n\n\n\n<p>\u00ab\u00a0L&rsquo;antis\u00e9mitisme qui revient, n\u2019est pas le probl\u00e8me des juifs, c\u2019est notre probl\u00e8me \u00e0 tous, celui de la R\u00e9publique\u00a0\u00bb, a-t-il insist\u00e9.\u00a0\u00ab\u00a0Parce qu\u2019ils sont n\u00e9s juifs, des femmes, des hommes et enfants sont insult\u00e9s, m\u00e9pris\u00e9s, frapp\u00e9s, parfois tu\u00e9s. [&#8230;] C\u2019est de la haine de l\u2019autre, le fr\u00e8re indissociable du racisme, de toutes les exclusions, c\u2019est la n\u00e9gation de nos h\u00e9ritages et de nos id\u00e9aux.\u00a0\u00bb<\/p>\n\n\n\n<h3 class=\"wp-block-heading\">Nous ne c\u00e9derons rien\u00a0\u00bb<\/h3>\n\n\n\n<blockquote class=\"wp-block-quote is-layout-flow wp-block-quote-is-layout-flow\"><p>\u00ab\u00a0Nous ne c\u00e9derons rien\u00a0\u00bb, a pr\u00e9venu Emmanuel Macron. \u00ab\u00a0Forts de&nbsp;<a href=\"https:\/\/www.bfmtv.com\/politique\/antisemitisme-antisionisme-l-assemblee-valide-un-texte-controverse-de-larem-1818119.html\" target=\"_blank\" rel=\"noreferrer noopener\">l\u2019adoption d\u2019une nouvelle d\u00e9finition de l\u2019antis\u00e9mitisme<\/a>, celle de l\u2019alliance internationale pour la m\u00e9moire de l\u2018Holocauste, nous traquerons l\u2019antis\u00e9mitisme et le racisme sous toute ses formes, la haine qui s\u2019expose au grand jour ou qui se tapisse dans l\u2019ombre et l\u2019anonymat des r\u00e9seaux en ligne\u00a0\u00bb.&nbsp;<\/p><\/blockquote>\n\n\n\n<p>En guise de conclusion, l&rsquo;homme fort de l&rsquo;Elys\u00e9e a mis en avant le fait que de nombreux moyens \u00e9taient mis en \u0153uvre afin de prot\u00e9ger la population juive.<\/p>\n\n\n\n<blockquote class=\"wp-block-quote is-layout-flow wp-block-quote-is-layout-flow\"><p>\u00ab\u00a0868 lieux de culte juifs font l&rsquo;objet d&rsquo;une surveillance renforc\u00e9e, les associations qui appellent \u00e0 la violence sont dissoutes, des \u00e9quipes d&rsquo;enqu\u00eateurs sp\u00e9cialis\u00e9s sont mises sur pied sur tout le territoire et nous poursuivrons\u00a0\u00bb, a-t-il expliqu\u00e9, devant l&rsquo;ancien pr\u00e9sident Nicolas Sarkozy, les ministres de l&rsquo;Education Jean-Michel Blanquer et de l&rsquo;Int\u00e9rieur Christophe Castaner, et de personnalit\u00e9s comme Serge Karsfeld ou Robert Badinter.<\/p><\/blockquote>\n\n\n\n<p><\/p>\n","protected":false},"excerpt":{"rendered":"<p>Le pr\u00e9sident de la R\u00e9publique a rappel\u00e9 que diff\u00e9rentes mesures avaient \u00e9t\u00e9 prises afin de prot\u00e9ger la population juive en France.&nbsp; Dans le cadre des&nbsp;comm\u00e9morations des 75 ans de&nbsp;la lib\u00e9ration du camp d&rsquo;Auschwitz-Birkenau, Emmanuel Macron a rendu hommage ce lundi&nbsp;aux 76.000 juifs d\u00e9port\u00e9s de France, lors d&rsquo;un discours&nbsp;depuis le m\u00e9morial de la Shoah \u00e0 Paris. [&hellip;]<\/p>\n","protected":false},"author":2,"featured_media":14458,"comment_status":"open","ping_status":"open","sticky":false,"template":"","format":"standard","meta":{"_jetpack_memberships_contains_paid_content":false,"footnotes":"","jetpack_publicize_message":"","jetpack_publicize_feature_enabled":true,"jetpack_social_post_already_shared":true,"jetpack_social_options":{"image_generator_settings":{"template":"highway","default_image_id":0,"font":"","enabled":false},"version":2},"_wpas_customize_per_network":false},"categories":[405],"tags":[],"class_list":["post-14457","post","type-post","status-publish","format-standard","has-post-thumbnail","hentry","category-actu-france-monde"],"jetpack_publicize_connections":[],"jetpack_featured_media_url":"https:\/\/i0.wp.com\/www.iceagetv.com\/radiosite\/wp-content\/uploads\/2020\/01\/Au-M%C3%A9morial-de-la-Shoah.png?fit=260%2C300&ssl=1","jetpack_sharing_enabled":true,"_links":{"self":[{"href":"https:\/\/www.iceagetv.com\/radiosite\/wp-json\/wp\/v2\/posts\/14457","targetHints":{"allow":["GET"]}}],"collection":[{"href":"https:\/\/www.iceagetv.com\/radiosite\/wp-json\/wp\/v2\/posts"}],"about":[{"href":"https:\/\/www.iceagetv.com\/radiosite\/wp-json\/wp\/v2\/types\/post"}],"author":[{"embeddable":true,"href":"https:\/\/www.iceagetv.com\/radiosite\/wp-json\/wp\/v2\/users\/2"}],"replies":[{"embeddable":true,"href":"https:\/\/www.iceagetv.com\/radiosite\/wp-json\/wp\/v2\/comments?post=14457"}],"version-history":[{"count":1,"href":"https:\/\/www.iceagetv.com\/radiosite\/wp-json\/wp\/v2\/posts\/14457\/revisions"}],"predecessor-version":[{"id":14459,"href":"https:\/\/www.iceagetv.com\/radiosite\/wp-json\/wp\/v2\/posts\/14457\/revisions\/14459"}],"wp:featuredmedia":[{"embeddable":true,"href":"https:\/\/www.iceagetv.com\/radiosite\/wp-json\/wp\/v2\/media\/14458"}],"wp:attachment":[{"href":"https:\/\/www.iceagetv.com\/radiosite\/wp-json\/wp\/v2\/media?parent=14457"}],"wp:term":[{"taxonomy":"category","embeddable":true,"href":"https:\/\/www.iceagetv.com\/radiosite\/wp-json\/wp\/v2\/categories?post=14457"},{"taxonomy":"post_tag","embeddable":true,"href":"https:\/\/www.iceagetv.com\/radiosite\/wp-json\/wp\/v2\/tags?post=14457"}],"curies":[{"name":"wp","href":"https:\/\/api.w.org\/{rel}","templated":true}]}}