{"id":14469,"date":"2020-01-28T19:33:07","date_gmt":"2020-01-28T19:33:07","guid":{"rendered":"http:\/\/www.iceagetv.com\/radiosite\/?p=14469"},"modified":"2020-01-28T19:33:07","modified_gmt":"2020-01-28T19:33:07","slug":"manifestation-de-pompiers-a-paris-des-tensions-eclatent-avec-les-forces-de-lordre-qui-font-usage-de-lacrymogenes-et-des-canons-a-eau-des-pompiers-bloquent-le-peripherique-parisien-dans-les","status":"publish","type":"post","link":"https:\/\/www.iceagetv.com\/radiosite\/manifestation-de-pompiers-a-paris-des-tensions-eclatent-avec-les-forces-de-lordre-qui-font-usage-de-lacrymogenes-et-des-canons-a-eau-des-pompiers-bloquent-le-peripherique-parisien-dans-les\/","title":{"rendered":"Manifestation de pompiers \u00e0 Paris: Des tensions \u00e9clatent avec les forces de l\u2019ordre qui font usage de lacrymog\u00e8nes et des canons \u00e0 eau &#8211; Des pompiers bloquent le p\u00e9riph\u00e9rique parisien dans les deux sens"},"content":{"rendered":"\n<p> <strong>Christophe Castaner dit \u00ab\u00a0regretter quelques violences\u00a0\u00bb dans le cort\u00e8ge parisien<\/strong>  D\u00e9couvrez les images de l&rsquo;explosion d&rsquo;une grenade GM2L \u00e0 1 m\u00e8tre d&rsquo;un journaliste  Sur son compte Twitter, le journaliste Jonathan Moadab a film\u00e9 plusieurs pompiers bless\u00e9s par des jets de grandes  <strong>Plusieurs pompiers auraient \u00e9t\u00e9 bless\u00e9s lors des affrontements qui se d\u00e9roulent en ce moment avec les forces de l&rsquo;ordre \u00e0 Paris<\/strong>  Des pompiers parviennent \u00e0 forcer la barricade des forces de l\u2019ordre, qui utilisent des gaz lacrymog\u00e8nes et canons \u00e0 eau  Un pompier utilise une barre de fer pour essayer de contrer le canon \u00e0 eau des forces de l\u2019ordre.  D\u00e9couvrez les images\u00a0tr\u00e8s impressionnantes de pompiers qui s&rsquo;immolent symboliquement par le feu, lors de leur manifestation \u00e0 Paris.  D\u00e9couvrez les images de pompiers qui repoussent hors du cort\u00e8ge un manifestant marqu\u00e9 et habill\u00e9 en noir :\u00a0\u00ab\u00a0Tu n&rsquo;as rien \u00e0 faire l\u00e0\u00a0\u00bb  <strong>J\u00e9r\u00f4me Rodriguez, qui a \u00e9t\u00e9 l&rsquo;un des leaders des Gilets Jaunes, est pr\u00e9sent \u00e0 la manifestation:<\/strong> <\/p>\n\n\n\n<p>&nbsp;Le journaliste Cl\u00e9ment Lanot diffuse sur Twitter des images&nbsp;des tensions alors que le cort\u00e8ge venait de partir.<\/p>\n\n\n\n<p>\u00ab\u00a0Bousculades et face \u00e0 face entre manifestants et forces de l\u2019ordre. Ici, des policiers tombent au sol alors que les pompiers forcent un barrage.\u00a0\u00bb, explique-t-il<\/p>\n\n\n\n<p><strong>Le point sur la situation cet apr\u00e8s-midi<br><\/strong><\/p>\n\n\n\n<p>Plusieurs milliers de pompiers d\u00e9filent \u00e0 nouveau \u00e0 Paris mardi apr\u00e8s-midi pour d\u00e9noncer le manque d\u2019effectifs et de reconnaissance de leur profession et r\u00e9clamer des garanties pour leur retraite, a constat\u00e9 un journaliste de l\u2019AFP.<\/p>\n\n\n\n<p>Au son des sifflets et sir\u00e8nes, et sous les fumig\u00e8nes multicolores, les pompiers, v\u00eatus de leurs uniformes bleu marine \u00e0 bandes jaunes fluorescentes, sont partis peu apr\u00e8s 14H00 de la place de la R\u00e9publique en direction de Nation, terminus de la manifestation.<\/p>\n\n\n\n<p>Il s\u2019agit de la deuxi\u00e8me manifestation nationale de pompiers en moins de quatre mois dans la capitale, \u00e0 l\u2019appel des syndicats de pompiers professionnels, mobilis\u00e9s depuis l\u2019\u00e9t\u00e9 dernier pour obtenir du gouvernement et des collectivit\u00e9s locales des r\u00e9ponses \u00e0 leurs revendications.<\/p>\n\n\n\n<p>Les syndicats devaient \u00eatre re\u00e7us dans l\u2019apr\u00e8s-midi au minist\u00e8re de l\u2019Int\u00e9rieur pour discuter de ces sujets.<\/p>\n\n\n\n<p>Ils r\u00e9clament une revalorisation de la prime de feu (28% du salaire de base, contre 19% actuellement) \u00e0 hauteur des primes de risques accord\u00e9es aux policiers et gendarmes, le maintien de leurs effectifs, la garantie du maintien de leur syst\u00e8me de retraite actuel et qu\u2019une meilleure protection face aux agressions dont le nombre augmente chaque ann\u00e9e.<\/p>\n\n\n\n<p>\u00abOn est le dernier maillon des secours d\u2019urgence en France, et on est submerg\u00e9s par les appels et interventions. Il faut des effectifs et moyens pour y r\u00e9pondre, mais \u00e9galement la garantie que l\u2019on se concentr\u00e9 principalement sur nos missions, l\u2019urgence, et pas servir de suppl\u00e9tifs \u00e0 des services de sant\u00e9 absents\u00bb, \u00e0 expliqu\u00e9 \u00e0 l\u2019AFP Fr\u00e9d\u00e9ric Perrin, pr\u00e9sident du syndicat SPASDIS-CFTC.<\/p>\n\n\n\n<p>Le cort\u00e8ge a d\u00e9fil\u00e9 dans une ambiance tendue, marqu\u00e9e par quelques jets de projectiles sur les forces de l\u2019ordre, qui ont r\u00e9pondu par des tirs de gaz lacrymog\u00e8nes.<\/p>\n\n\n\n<p>Plusieurs pompiers ont aussi essay\u00e9 de quitter l\u2019itin\u00e9raire autoris\u00e9 pour tenter de bloquer le p\u00e9riph\u00e9rique au niveau de la Porte de Vincennes, selon la pr\u00e9fecture qui d\u00e9nonce, dans un communiqu\u00e9 sur Twitter, un \u00abinadmissible blocage\u00bb.<\/p>\n\n\n\n<p>La manifestation nationale du 15 octobre avait r\u00e9uni entre 7.000 et 10.000 personnes, selon les syndicats. Elle avait \u00e9t\u00e9 \u00e9maill\u00e9e de quelques tensions apr\u00e8s l\u2019arriv\u00e9e du cort\u00e8ge place de la Nation, o\u00f9 les forces de l\u2019ordre avaient us\u00e9 de gaz lacrymog\u00e8nes et de lanceurs d\u2019eau pour disperser les manifestants.<\/p>\n\n\n\n<p>Les pompiers professionnels repr\u00e9sentent 16% des 247.000 pompiers en France, les autres \u00e9tant volontaires ou militaires.<\/p>\n\n\n\n<p>Cette nouvelle manifestation s\u2019inscrit dans un mouvement de gr\u00e8ve d\u00e9marr\u00e9 en juin, tr\u00e8s suivi selon les syndicats m\u00eame s\u2019il n\u2019a pas entra\u00een\u00e9 de perturbations majeures, les pompiers \u00e9tant astreints \u00e0 un service minimum.<\/p>\n\n\n\n<p> Le cort\u00e8ge parisien est encadr\u00e9 par de nombreuses forces de l&rsquo;ordre tout au long du parcours  <strong>Des tensions se sont d\u00e9roul\u00e9es entre les pompiers et les policiers lors de la manifestation parisienne. Les forces de l&rsquo;ordre font usage de gaz lacrymog\u00e8ne. Des pompiers souhaitent d\u00e9vier de l&rsquo;itin\u00e9raire pr\u00e9vu.<\/strong>  Sur Twitter, la pr\u00e9fecture de police de Paris annonce que certains pompiers professionnels n&rsquo;ont pas respect\u00e9 \u00ab\u00a0l&rsquo;itin\u00e9raire d\u00e9clar\u00e9 en pr\u00e9fecture avec un d\u00e9part en cort\u00e8ge sauvage en direction du faubourg Saint Martin\u00a0\u00bb. \u00ab\u00a0Les forces de l&rsquo;ordre vont intervenir\u00a0\u00bb, pr\u00e9vient-elle.  Les pompiers qui manifestent aujourd&rsquo;hui r\u00e9clament notamment une revalorisation de leur prime de feu. Fix\u00e9e \u00e0 19% du salaire de base depuis 30 ans, les sapeurs-pompiers souhaitent qu&rsquo;elle soit r\u00e9\u00e9valu\u00e9e \u00e0 28%. De son c\u00f4t\u00e9, le gouvernement leur propose une r\u00e9\u00e9valuation de 25%.  \u00ab\u00a0Non respect des engagements pris lors de la signature de la d\u00e9claration : certains manifestants parmi les pompiers portent leur casque et leur tenue de feu\u00a0\u00bb, indique la pr\u00e9fecture de police sur Twitter. <\/p>\n\n\n\n<p><\/p>\n","protected":false},"excerpt":{"rendered":"<p>Christophe Castaner dit \u00ab\u00a0regretter quelques violences\u00a0\u00bb dans le cort\u00e8ge parisien D\u00e9couvrez les images de l&rsquo;explosion d&rsquo;une grenade GM2L \u00e0 1 m\u00e8tre d&rsquo;un journaliste Sur son compte Twitter, le journaliste Jonathan Moadab a film\u00e9 plusieurs pompiers bless\u00e9s par des jets de grandes Plusieurs pompiers auraient \u00e9t\u00e9 bless\u00e9s lors des affrontements qui se d\u00e9roulent en ce moment [&hellip;]<\/p>\n","protected":false},"author":2,"featured_media":14470,"comment_status":"open","ping_status":"open","sticky":false,"template":"","format":"standard","meta":{"_jetpack_memberships_contains_paid_content":false,"footnotes":"","jetpack_publicize_message":"","jetpack_publicize_feature_enabled":true,"jetpack_social_post_already_shared":true,"jetpack_social_options":{"image_generator_settings":{"template":"highway","default_image_id":0,"font":"","enabled":false},"version":2},"_wpas_customize_per_network":false},"categories":[405],"tags":[],"class_list":["post-14469","post","type-post","status-publish","format-standard","has-post-thumbnail","hentry","category-actu-france-monde"],"jetpack_publicize_connections":[],"jetpack_featured_media_url":"https:\/\/i0.wp.com\/www.iceagetv.com\/radiosite\/wp-content\/uploads\/2020\/01\/Manifestation-de-pompiers-%C3%A0-Paris.jpg?fit=910%2C397&ssl=1","jetpack_sharing_enabled":true,"_links":{"self":[{"href":"https:\/\/www.iceagetv.com\/radiosite\/wp-json\/wp\/v2\/posts\/14469","targetHints":{"allow":["GET"]}}],"collection":[{"href":"https:\/\/www.iceagetv.com\/radiosite\/wp-json\/wp\/v2\/posts"}],"about":[{"href":"https:\/\/www.iceagetv.com\/radiosite\/wp-json\/wp\/v2\/types\/post"}],"author":[{"embeddable":true,"href":"https:\/\/www.iceagetv.com\/radiosite\/wp-json\/wp\/v2\/users\/2"}],"replies":[{"embeddable":true,"href":"https:\/\/www.iceagetv.com\/radiosite\/wp-json\/wp\/v2\/comments?post=14469"}],"version-history":[{"count":1,"href":"https:\/\/www.iceagetv.com\/radiosite\/wp-json\/wp\/v2\/posts\/14469\/revisions"}],"predecessor-version":[{"id":14471,"href":"https:\/\/www.iceagetv.com\/radiosite\/wp-json\/wp\/v2\/posts\/14469\/revisions\/14471"}],"wp:featuredmedia":[{"embeddable":true,"href":"https:\/\/www.iceagetv.com\/radiosite\/wp-json\/wp\/v2\/media\/14470"}],"wp:attachment":[{"href":"https:\/\/www.iceagetv.com\/radiosite\/wp-json\/wp\/v2\/media?parent=14469"}],"wp:term":[{"taxonomy":"category","embeddable":true,"href":"https:\/\/www.iceagetv.com\/radiosite\/wp-json\/wp\/v2\/categories?post=14469"},{"taxonomy":"post_tag","embeddable":true,"href":"https:\/\/www.iceagetv.com\/radiosite\/wp-json\/wp\/v2\/tags?post=14469"}],"curies":[{"name":"wp","href":"https:\/\/api.w.org\/{rel}","templated":true}]}}