{"id":14476,"date":"2020-01-29T15:22:55","date_gmt":"2020-01-29T15:22:55","guid":{"rendered":"http:\/\/www.iceagetv.com\/radiosite\/?p=14476"},"modified":"2020-01-29T15:22:55","modified_gmt":"2020-01-29T15:22:55","slug":"affaire-mila-les-propos-de-belloubet-sur-linsulte-a-la-religion-creent-la-polemique","status":"publish","type":"post","link":"https:\/\/www.iceagetv.com\/radiosite\/affaire-mila-les-propos-de-belloubet-sur-linsulte-a-la-religion-creent-la-polemique\/","title":{"rendered":"Affaire Mila: les propos de Belloubet sur \u00ab\u00a0l&rsquo;insulte \u00e0 la religion\u00a0\u00bb cr\u00e9ent la pol\u00e9mique"},"content":{"rendered":"\n<h2 class=\"wp-block-heading\">Plusieurs personnalit\u00e9s, \u00e0 droite comme \u00e0 gauche, ont accus\u00e9 la garde des Sceaux de r\u00e9introduire une forme de d\u00e9lit de blasph\u00e8me. Ce mercredi matin, Nicole Belloubet avait expliqu\u00e9 sur Europe 1 que l\u2019insulte \u00e0 la religion constituait une \u00ab\u00a0atteinte \u00e0 la libert\u00e9 de conscience\u00a0\u00bb.<\/h2>\n\n\n\n<p>Ce n\u2019est pas la premi\u00e8re fois que Nicole Belloubet se prend les pieds dans le tapis de sa communication. Sauf que cette fois-ci, c\u2019est sa connaissance de son propre domaine d\u2019expertise qui est mise en doute. Invit\u00e9e ce mercredi matin sur&nbsp;<strong><a href=\"https:\/\/www.europe1.fr\/politique\/greve-des-avocats-nous-ne-pouvons-pas-construire-un-systeme-universel-en-laissant-dehors-un-certain-nombre-de-professions-3946222\" target=\"_blank\" rel=\"noreferrer noopener\">Europe 1<\/a><\/strong>, la garde des Sceaux a donn\u00e9 son avis sur l\u2019<a href=\"https:\/\/www.20minutes.fr\/high-tech\/2702611-20200124-affaire-mila-revient-histoire-ado-cyberharcelee-apres-propos-islamophobes\"><strong>affaire Mila<\/strong><\/a>, du nom de cette adolescente de l&rsquo;Is\u00e8re qui a d\u00fb \u00eatre d\u00e9scolaris\u00e9e apr\u00e8s avoir \u00e9t\u00e9 menac\u00e9e de mort sur les r\u00e9seaux sociaux en raison de propos hostiles \u00e0 l&rsquo;islam.&nbsp;<\/p>\n\n\n\n<blockquote class=\"wp-block-quote is-layout-flow wp-block-quote-is-layout-flow\"><p>Interrog\u00e9e sur les menaces de mort dont l\u2019adolescente a fait l\u2019objet, Nicole Belloubet a affirm\u00e9 que \u00ab\u00a0l\u2019insulte \u00e0 la religion\u00a0\u00bb&nbsp;constituait \u00ab\u00a0\u00e9videmment une atteinte \u00e0 la libert\u00e9 de conscience\u00a0\u00bb.<\/p><\/blockquote>\n\n\n\n<p>Le toll\u00e9 provoqu\u00e9 par cette phrase a \u00e9t\u00e9 quasi imm\u00e9diat. Plusieurs personnalit\u00e9s issues des sph\u00e8res politique, intellectuelle et judiciaire &#8211;&nbsp;marqu\u00e9es \u00e0 droite comme \u00e0 gauche &#8211; ont exprim\u00e9 leur stupeur devant ce qu\u2019elles estiment \u00eatre une r\u00e9introduction du d\u00e9lit de blasph\u00e8me. Ou, au mieux, un acte de contrition d\u2019ordre purement moral mais non moins malvenu.<\/p>\n\n\n\n<p>La ministre de la Justice a bel et bien condamn\u00e9 au pr\u00e9alable les menaces violentes visant Mila, \u00e2g\u00e9e de 16 ans, mais sa digression l&rsquo;a oblit\u00e9r\u00e9. En premier lieu parce qu\u2019elle est en contradiction avec l\u2019\u00e9tat actuel du droit fran\u00e7ais.<\/p>\n\n\n\n<h3 class=\"wp-block-heading\">Mila, cible d&rsquo;insultes&nbsp;racistes et homophobes&nbsp;&nbsp;<\/h3>\n\n\n\n<p>L\u2019<a href=\"https:\/\/www.20minutes.fr\/high-tech\/2702611-20200124-affaire-mila-revient-histoire-ado-cyberharcelee-apres-propos-islamophobes\"><strong>affaire Mila<\/strong><\/a>, elle, remonte au 19 janvier dernier. Cette lyc\u00e9enne scolaris\u00e9e en r\u00e9gion lyonnaise, en \u00e9changeant avec ses abonn\u00e9s sur les r\u00e9seaux sociaux (Instagram en l\u2019esp\u00e8ce), se voit dragu\u00e9e de fa\u00e7on insistante par des internautes. Apr\u00e8s les avoir rembarr\u00e9s, elle re\u00e7oit un flot d\u2019insultes. Celles-ci sont principalement \u00e0 caract\u00e8re raciste et homophobe, a v\u00e9rifi\u00e9&nbsp;<strong><a href=\"https:\/\/www.marianne.net\/societe\/mila-16-ans-menacee-de-mort-pour-avoir-critique-l-islam\" target=\"_blank\" rel=\"noreferrer noopener\"><em>Marianne<\/em><\/a><\/strong>, la jeune fille s\u2019affirmant lesbienne et ayant accol\u00e9 un drapeau LGBT \u00e0 son pseudonyme. \u00ab\u00a0Sale fran\u00e7aise\u00a0\u00bb, \u00ab\u00a0sale pute\u00a0\u00bb, \u00ab\u00a0sale gouine\u00a0\u00bb&#8230;<\/p>\n\n\n\n<p>Au bout d\u2019un moment, les invectives prennent une tournure religieuse. Dans la foul\u00e9e, Mila publie une \u00ab\u00a0story\u00a0\u00bb&nbsp;dans laquelle elle s\u2019en prend \u00e0 toutes les religions. Des internautes s\u2019affirmant de confession musulmane r\u00e9pliquent en l\u2019accusant d\u2019insulter \u00ab\u00a0notre dieu Allah, le seul et l\u2019unique\u00a0\u00bb&nbsp;et lui souhaitent de \u00ab\u00a0br\u00fbler en enfer\u00a0\u00bb.<\/p>\n\n\n\n<blockquote class=\"wp-block-quote is-layout-flow wp-block-quote-is-layout-flow\"><p>Tr\u00e8s remont\u00e9e, l\u2019adolescente d\u00e9cide alors de publier une nouvelle vid\u00e9o dans laquelle elle dit d\u00e9tester la religion, puis encha\u00eene: \u00ab\u00a0Le Coran, il n\u2019y a que de la haine l\u00e0-dedans, l\u2019islam c\u2019est de la merde, c\u2019est ce que je pense. (\u2026) Votre religion, c\u2019est de la merde, votre Dieu, je lui mets un doigt dans le trou du cul, merci, au revoir.\u00a0\u00bb<\/p><\/blockquote>\n\n\n\n<h3 class=\"wp-block-heading\">Menac\u00e9e de mort, l&rsquo;adolescente a d\u00fb \u00eatre d\u00e9scolaris\u00e9e<\/h3>\n\n\n\n<p>C\u2019est \u00e0 ce moment-l\u00e0 que les choses basculent. Mila fait l\u2019objet de nombreuses menaces de mort, une partie de ses informations personnelles sont divulgu\u00e9es, notamment l\u2019adresse de son lyc\u00e9e. Sa s\u00e9curit\u00e9 \u00e9tant en jeu, elle a d\u00fb \u00eatre d\u00e9scolaris\u00e9e.<\/p>\n\n\n\n<p>Le parquet de Vienne, dans l\u2019Is\u00e8re, a ouvert deux enqu\u00eates: la premi\u00e8re \u00ab\u00a0du chef de menaces de mort, menace de commettre un crime, harc\u00e8lement et usage de l\u2019identit\u00e9 ou de donn\u00e9es l\u2019identification d\u2019autrui en vue de porter atteinte \u00e0 la tranquillit\u00e9 et \u00e0 l\u2019honneur\u00a0\u00bb, qui fait l\u2019objet \u00ab\u00a0d\u2019investigation de sp\u00e9cialistes en cybercriminalit\u00e9\u00a0\u00bb&nbsp;pour retrouver et poursuivre les auteurs de menaces \u00ab\u00a0gravement attentatoires \u00e0 l\u2019int\u00e9grit\u00e9\u00a0\u00bb&nbsp;de la jeune fille.<\/p>\n\n\n\n<p>La seconde enqu\u00eate a \u00e9t\u00e9 ouverte pour \u00ab\u00a0provocation \u00e0 la haine raciale\u00a0\u00bb. Le parquet entend \u00ab\u00a0v\u00e9rifier si les propos tenus sur la vid\u00e9o diffus\u00e9e (<em>par Mila, ndlr<\/em>) sont de nature \u00e0 recouvrir une qualification p\u00e9nale ou s\u2019inscrivent dans la libert\u00e9 d\u2019expression reconnue \u00e0 chacun et constituant un principe \u00e0 valeur constitutionnelle\u00a0\u00bb.<\/p>\n\n\n\n<h3 class=\"wp-block-heading\">Ce que dit le droit fran\u00e7ais<\/h3>\n\n\n\n<p>Le procureur de la R\u00e9publique de Vienne, J\u00e9r\u00f4me Bourrier, fait ainsi r\u00e9f\u00e9rence \u00e0 la loi Pleven de 1972. Celle-ci avait introduit le d\u00e9lit de provocation \u00e0 la haine dans le droit fran\u00e7ais, notamment en modifiant&nbsp;<a href=\"https:\/\/www.legifrance.gouv.fr\/affichTexte.do;jsessionid=D3EE5BF17633E517E0452911602F7929.tplgfr28s_3?idSectionTA=LEGISCTA000006089707&amp;cidTexte=JORFTEXT000000877119&amp;dateTexte=20200129\" target=\"_blank\" rel=\"noreferrer noopener\">la loi du 21 juillet 1881<\/a>&nbsp;sur la libert\u00e9 de la presse.<\/p>\n\n\n\n<blockquote class=\"wp-block-quote is-layout-flow wp-block-quote-is-layout-flow\"><p>L&rsquo;article 24 de cette loi&nbsp;dispose que \u00ab\u00a0ceux qui auront provoqu\u00e9 \u00e0 la discrimination, \u00e0 la haine ou \u00e0 la violence \u00e0 l&rsquo;\u00e9gard d&rsquo;une personne ou d&rsquo;un groupe de personnes \u00e0 raison de leur origine ou de leur appartenance ou de leur non-appartenance \u00e0 une ethnie, une nation, une race ou une religion d\u00e9termin\u00e9e, seront punis d&rsquo;un an d&#8217;emprisonnement et de 45.000 euros d&rsquo;amende ou de l&rsquo;une de ces deux peines seulement\u00a0\u00bb.<\/p><\/blockquote>\n\n\n\n<p>Quant \u00e0 la&nbsp;<a href=\"https:\/\/www.legifrance.gouv.fr\/Droit-francais\/Constitution\/Declaration-des-Droits-de-l-Homme-et-du-Citoyen-de-1789\" target=\"_blank\" rel=\"noreferrer noopener\">D\u00e9claration des droits de l&rsquo;Homme et du citoyen<\/a>, qui a valeur de principe constitutionnel en France, elle affirme que \u00ab\u00a0nul&nbsp;ne doit \u00eatre inqui\u00e9t\u00e9 pour ses opinions, m\u00eame religieuses, pourvu que leur manifestation ne trouble pas l\u2019ordre public \u00e9tabli par la loi\u00a0\u00bb.&nbsp;<\/p>\n\n\n\n<blockquote class=\"wp-block-quote is-layout-flow wp-block-quote-is-layout-flow\"><p>La DDHC dispose par ailleurs que \u00ab\u00a0la libre communication des pens\u00e9es et des opinions est un des droits les plus pr\u00e9cieux de l\u2019homme: tout citoyen peut donc parler, \u00e9crire, imprimer librement, sauf \u00e0 r\u00e9pondre \u00e0 l\u2019abus de cette libert\u00e9 dans les cas d\u00e9termin\u00e9s par la loi\u00a0\u00bb.<\/p><\/blockquote>\n\n\n\n<h3 class=\"wp-block-heading\">La jurisprudence&nbsp;<em>Charlie Hebdo<\/em><\/h3>\n\n\n\n<p>Parmi les personnalit\u00e9s qui ont condamn\u00e9 les propos matinaux de Nicole Belloubet, il y a l&rsquo;avocat de&nbsp;<em>Charlie Hebdo<\/em>, Richard Malka. Sur LCI comme sur le site du&nbsp;<strong><a href=\"https:\/\/www.lefigaro.fr\/vox\/religion\/richard-malka-non-madame-belloubet-injurier-l-islam-n-est-pas-une-atteinte-a-la-liberte-de-conscience-20200129\" target=\"_blank\" rel=\"noreferrer noopener\"><em>Figaro<\/em><\/a><\/strong>, le juriste estime qu&rsquo;elle \u00ab\u00a0fait montre (&#8230;) de son inculture juridique\u00a0\u00bb. \u00ab\u00a0Ce que dit la ministre de la Justice est parfaitement inepte. Toute la jurisprudence fran\u00e7aise en la mati\u00e8re d\u00e9ment ses propos\u00a0\u00bb, a-t-il d\u00e9clar\u00e9.&nbsp;<\/p>\n\n\n\n<p>Dans le cadre du proc\u00e8s intent\u00e9 en 2007 \u00e0&nbsp;<em>Charlie Hebdo<\/em>&nbsp;\u00e0 la suite des caricatures de Mahomet publi\u00e9es par le journal satirique, le tribunal de grande instance de Paris avait affirm\u00e9 la chose suivante:&nbsp;<\/p>\n\n\n\n<blockquote class=\"wp-block-quote is-layout-flow wp-block-quote-is-layout-flow\"><p>\u00ab\u00a0En France, soci\u00e9t\u00e9 la\u00efque et pluraliste, le respect de toutes les croyances va de pair avec la libert\u00e9 de critiquer les religions quelles qu\u2019elles soient et avec celle de repr\u00e9senter des sujets ou objets de v\u00e9n\u00e9ration religieuse ; le blasph\u00e8me qui outrage la divinit\u00e9 ou la religion, n\u2019y est pas r\u00e9prim\u00e9 \u00e0 la diff\u00e9rence de l\u2019injure, d\u00e8s lors qu\u2019elle constitue une attaque personnelle et directe dirig\u00e9e contre une personne ou un groupe de personnes en raison de leur appartenance religieuse.\u00a0\u00bb<\/p><\/blockquote>\n\n\n\n<h3 class=\"wp-block-heading\">Expression \u00ab\u00a0maladroite\u00a0\u00bb, reconna\u00eet Belloubet<\/h3>\n\n\n\n<p>Dans l&rsquo;univers politique, Nicole Belloubet a \u00e9t\u00e9 critiqu\u00e9e par des \u00e9lus appartenant aussi bien au Rassemblement national qu&rsquo;\u00e0 La France insoumise, en passant par Les R\u00e9publicains, Debout la France et des anciens du Parti socialiste, comme Emmanuel Maurel.&nbsp;Interrog\u00e9e par BFMTV \u00e0 l&rsquo;Assembl\u00e9e nationale, l&rsquo;int\u00e9ress\u00e9e a reconnu que son expression avait pu \u00ab\u00a0\u00eatre maladroite ou lapidaire\u00a0\u00bb.<\/p>\n\n\n\n<blockquote class=\"wp-block-quote is-layout-flow wp-block-quote-is-layout-flow\"><p>\u00ab\u00a0Dans une d\u00e9mocratie, une menace de mort pour avoir exprim\u00e9 ses opinions, c&rsquo;\u00e9tait tr\u00e8s grave. (&#8230;) D&rsquo;une part, \u00e9videmment je n&rsquo;ai pas voulu remettre en cause le droit de critiquer une religion, (&#8230;) et d&rsquo;autre part, j&rsquo;ai voulu dire que dans notre d\u00e9mocratie, les injures ou les discriminations \u00e0 raison de l&rsquo;appartenance religieuse, c&rsquo;\u00e9tait une infraction, qui pouvait \u00eatre grave parce qu&rsquo;elle conduisait \u00e0 la haine ou rejet de l&rsquo;autre\u00a0\u00bb, a expliqu\u00e9 la garde des Sceaux.<\/p><\/blockquote>\n","protected":false},"excerpt":{"rendered":"<p>Plusieurs personnalit\u00e9s, \u00e0 droite comme \u00e0 gauche, ont accus\u00e9 la garde des Sceaux de r\u00e9introduire une forme de d\u00e9lit de blasph\u00e8me. Ce mercredi matin, Nicole Belloubet avait expliqu\u00e9 sur Europe 1 que l\u2019insulte \u00e0 la religion constituait une \u00ab\u00a0atteinte \u00e0 la libert\u00e9 de conscience\u00a0\u00bb. Ce n\u2019est pas la premi\u00e8re fois que Nicole Belloubet se prend [&hellip;]<\/p>\n","protected":false},"author":2,"featured_media":14477,"comment_status":"open","ping_status":"open","sticky":false,"template":"","format":"standard","meta":{"_jetpack_memberships_contains_paid_content":false,"footnotes":"","jetpack_publicize_message":"","jetpack_publicize_feature_enabled":true,"jetpack_social_post_already_shared":true,"jetpack_social_options":{"image_generator_settings":{"template":"highway","default_image_id":0,"font":"","enabled":false},"version":2},"_wpas_customize_per_network":false},"categories":[405],"tags":[],"class_list":["post-14476","post","type-post","status-publish","format-standard","has-post-thumbnail","hentry","category-actu-france-monde"],"jetpack_publicize_connections":[],"jetpack_featured_media_url":"https:\/\/i0.wp.com\/www.iceagetv.com\/radiosite\/wp-content\/uploads\/2020\/01\/Affaire-Mila.jpeg?fit=700%2C520&ssl=1","jetpack_sharing_enabled":true,"_links":{"self":[{"href":"https:\/\/www.iceagetv.com\/radiosite\/wp-json\/wp\/v2\/posts\/14476","targetHints":{"allow":["GET"]}}],"collection":[{"href":"https:\/\/www.iceagetv.com\/radiosite\/wp-json\/wp\/v2\/posts"}],"about":[{"href":"https:\/\/www.iceagetv.com\/radiosite\/wp-json\/wp\/v2\/types\/post"}],"author":[{"embeddable":true,"href":"https:\/\/www.iceagetv.com\/radiosite\/wp-json\/wp\/v2\/users\/2"}],"replies":[{"embeddable":true,"href":"https:\/\/www.iceagetv.com\/radiosite\/wp-json\/wp\/v2\/comments?post=14476"}],"version-history":[{"count":1,"href":"https:\/\/www.iceagetv.com\/radiosite\/wp-json\/wp\/v2\/posts\/14476\/revisions"}],"predecessor-version":[{"id":14478,"href":"https:\/\/www.iceagetv.com\/radiosite\/wp-json\/wp\/v2\/posts\/14476\/revisions\/14478"}],"wp:featuredmedia":[{"embeddable":true,"href":"https:\/\/www.iceagetv.com\/radiosite\/wp-json\/wp\/v2\/media\/14477"}],"wp:attachment":[{"href":"https:\/\/www.iceagetv.com\/radiosite\/wp-json\/wp\/v2\/media?parent=14476"}],"wp:term":[{"taxonomy":"category","embeddable":true,"href":"https:\/\/www.iceagetv.com\/radiosite\/wp-json\/wp\/v2\/categories?post=14476"},{"taxonomy":"post_tag","embeddable":true,"href":"https:\/\/www.iceagetv.com\/radiosite\/wp-json\/wp\/v2\/tags?post=14476"}],"curies":[{"name":"wp","href":"https:\/\/api.w.org\/{rel}","templated":true}]}}