{"id":14479,"date":"2020-01-29T15:26:48","date_gmt":"2020-01-29T15:26:48","guid":{"rendered":"http:\/\/www.iceagetv.com\/radiosite\/?p=14479"},"modified":"2020-01-29T15:26:48","modified_gmt":"2020-01-29T15:26:48","slug":"open-daustralie-dominic-thiem-soffre-rafael-nadal-et-rejoint-les-demi-finales","status":"publish","type":"post","link":"https:\/\/www.iceagetv.com\/radiosite\/open-daustralie-dominic-thiem-soffre-rafael-nadal-et-rejoint-les-demi-finales\/","title":{"rendered":"Open d&rsquo;Australie : Dominic Thiem s&rsquo;offre Rafael Nadal et rejoint les demi-finales"},"content":{"rendered":"\n<p>Au terme d&rsquo;une rencontre de cogneurs, comme attendu, Dominic Thiem a pris le dessus sur Rafael Nadal en quatre manches (7-6 [3], 7-6 [4], 4-6, 7-6 [6]), mercredi, en 4h10 de jeu. L&rsquo;Autrichien sera oppos\u00e9 \u00e0 Alexander Zverev en demi-finales. Un dernier coup droit de Rafael Nadal dans le filet et Dominic Thiem peut enfin lever les bras au ciel apr\u00e8s plus de quatre heures de match acharn\u00e9 (7-6 [3], 7-6 [4], 4-6, 7-6 [6]). Enfin, l&rsquo;Autrichien d\u00e9croche sa premi\u00e8re victoire en Grand Chelem face \u00e0 l&rsquo;Espagnol apr\u00e8s cinq \u00e9checs. Au passage, Thiem s&rsquo;offre une demi-finale \u00e0 l&rsquo;Open d&rsquo;Australie (<a rel=\"noreferrer noopener\" href=\"https:\/\/www.lequipe.fr\/Tennis\/Actualites\/Open-d-australie-alexander-zverev-en-demi-finale-apres-sa-victoire-sur-stan-wawrinka\/1103796\" target=\"_blank\">o\u00f9 il affrontera Alexander Zverev<\/a>), mais cela est presque secondaire tant le contenu du match et son issue en disent long sur l&rsquo;Autrichien aux nouvelles m\u00e8ches blondes. <\/p>\n\n\n\n<p>Il faut tresser des lauriers envers l&rsquo;Autrichien parce que Nadal n&rsquo;est pas pass\u00e9 \u00e0 c\u00f4t\u00e9 de son match. Il a fait plus que r\u00e9pondre coup pour coup, mais il a manqu\u00e9 de r\u00e9ussite et de constance. R\u00e9guli\u00e8rement, il s&rsquo;est trouv\u00e9 en position de conclure avant de faillir dans ces moments en se montrant trop attentiste. Sa d\u00e9termination n&rsquo;a jamais failli, comme en t\u00e9moignait son attitude lorsqu&rsquo;il remportait le troisi\u00e8me set.<\/p>\n\n\n\n<h3 class=\"wp-block-heading\">La place de n\u00b01 mondial de Nadal en danger<\/h3>\n\n\n\n<p>Presque \u00e0 genoux, poing serr\u00e9 et hurlant vers son clan, on aurait pu penser que l&rsquo;Espagnol avait gagn\u00e9 cette demi-finale, durant laquelle il s&rsquo;est accroch\u00e9 plusieurs fois avec l&rsquo;arbitre. La Fran\u00e7aise Aur\u00e9lie Tourte lui a notamment inflig\u00e9 un avertissement pour d\u00e9passement de temps au service apr\u00e8s un long rallye. Ce \u00e0 quoi le Majorquin lui a r\u00e9torqu\u00e9&nbsp;:&nbsp;<em>\u00ab&nbsp;Apr\u00e8s un&nbsp;tel \u00e9change, je ne comprends pas que vous me donniez un avertissement. Vous n&rsquo;aimez pas le bon tennis.&nbsp;\u00bb<\/em>&nbsp;Ambiance&#8230;<\/p>\n\n\n\n<p><\/p>\n","protected":false},"excerpt":{"rendered":"<p>Au terme d&rsquo;une rencontre de cogneurs, comme attendu, Dominic Thiem a pris le dessus sur Rafael Nadal en quatre manches (7-6 [3], 7-6 [4], 4-6, 7-6 [6]), mercredi, en 4h10 de jeu. L&rsquo;Autrichien sera oppos\u00e9 \u00e0 Alexander Zverev en demi-finales. Un dernier coup droit de Rafael Nadal dans le filet et Dominic Thiem peut enfin [&hellip;]<\/p>\n","protected":false},"author":2,"featured_media":14480,"comment_status":"open","ping_status":"open","sticky":false,"template":"","format":"standard","meta":{"_jetpack_memberships_contains_paid_content":false,"footnotes":"","jetpack_publicize_message":"","jetpack_publicize_feature_enabled":true,"jetpack_social_post_already_shared":true,"jetpack_social_options":{"image_generator_settings":{"template":"highway","default_image_id":0,"font":"","enabled":false},"version":2},"_wpas_customize_per_network":false},"categories":[18],"tags":[],"class_list":["post-14479","post","type-post","status-publish","format-standard","has-post-thumbnail","hentry","category-actu-sport"],"jetpack_publicize_connections":[],"jetpack_featured_media_url":"https:\/\/i0.wp.com\/www.iceagetv.com\/radiosite\/wp-content\/uploads\/2020\/01\/Dominic-Thiem-soffre-Rafael-Nadal-et-rejoint-les-demi-finales.jpg?fit=1950%2C1096&ssl=1","jetpack_sharing_enabled":true,"_links":{"self":[{"href":"https:\/\/www.iceagetv.com\/radiosite\/wp-json\/wp\/v2\/posts\/14479","targetHints":{"allow":["GET"]}}],"collection":[{"href":"https:\/\/www.iceagetv.com\/radiosite\/wp-json\/wp\/v2\/posts"}],"about":[{"href":"https:\/\/www.iceagetv.com\/radiosite\/wp-json\/wp\/v2\/types\/post"}],"author":[{"embeddable":true,"href":"https:\/\/www.iceagetv.com\/radiosite\/wp-json\/wp\/v2\/users\/2"}],"replies":[{"embeddable":true,"href":"https:\/\/www.iceagetv.com\/radiosite\/wp-json\/wp\/v2\/comments?post=14479"}],"version-history":[{"count":1,"href":"https:\/\/www.iceagetv.com\/radiosite\/wp-json\/wp\/v2\/posts\/14479\/revisions"}],"predecessor-version":[{"id":14481,"href":"https:\/\/www.iceagetv.com\/radiosite\/wp-json\/wp\/v2\/posts\/14479\/revisions\/14481"}],"wp:featuredmedia":[{"embeddable":true,"href":"https:\/\/www.iceagetv.com\/radiosite\/wp-json\/wp\/v2\/media\/14480"}],"wp:attachment":[{"href":"https:\/\/www.iceagetv.com\/radiosite\/wp-json\/wp\/v2\/media?parent=14479"}],"wp:term":[{"taxonomy":"category","embeddable":true,"href":"https:\/\/www.iceagetv.com\/radiosite\/wp-json\/wp\/v2\/categories?post=14479"},{"taxonomy":"post_tag","embeddable":true,"href":"https:\/\/www.iceagetv.com\/radiosite\/wp-json\/wp\/v2\/tags?post=14479"}],"curies":[{"name":"wp","href":"https:\/\/api.w.org\/{rel}","templated":true}]}}