{"id":14509,"date":"2020-02-03T19:19:25","date_gmt":"2020-02-03T19:19:25","guid":{"rendered":"http:\/\/www.iceagetv.com\/radiosite\/?p=14509"},"modified":"2020-02-03T19:19:25","modified_gmt":"2020-02-03T19:19:25","slug":"jusqua-26-degres-en-fevrier-mais-pourquoi-fait-il-aussi-doux-en-plein-hiver","status":"publish","type":"post","link":"https:\/\/www.iceagetv.com\/radiosite\/jusqua-26-degres-en-fevrier-mais-pourquoi-fait-il-aussi-doux-en-plein-hiver\/","title":{"rendered":"Jusqu\u2019\u00e0 26 degr\u00e9s en f\u00e9vrier\u2026 Mais pourquoi fait-il aussi doux en plein hiver ?"},"content":{"rendered":"\n<ul class=\"wp-block-list\"><li>Une douceur remarquable s\u2019est install\u00e9e sur la France cet hiver, avec des temp\u00e9ratures sup\u00e9rieures \u00e0 25&nbsp;\u00b0C dans le sud du pays, selon M\u00e9t\u00e9o-France.<\/li><li>Le \u00ab&nbsp;pic de douceur&nbsp;\u00bb \u00e9tait pr\u00e9vu pour ce lundi, avec 25&nbsp;\u00b0C \u00e0 Tarbes, 26&nbsp;\u00b0C \u00e0 Perpignan, 26&nbsp;\u00b0C ou 27&nbsp;\u00b0C localement dans le Pays basque.<\/li><li>Une situation qui va \u00eatre de plus en plus fr\u00e9quente dans les ann\u00e9es \u00e0 venir, selon Olivier Proust, pr\u00e9visionniste \u00e0 M\u00e9t\u00e9o-France.<\/li><\/ul>\n\n\n\n<p>Des temp\u00e9ratures&nbsp;<a href=\"https:\/\/www.20minutes.fr\/societe\/2678875-20191219-meteo-douceur-installe-jusqu-fin-annee-france\">\u00e0 se balader en tee-shirt<\/a>&nbsp;et un thermom\u00e8tre digne d\u2019un mois de juin\u2026&nbsp;<a href=\"https:\/\/www.20minutes.fr\/dossier\/meteo\">L\u2019hiver<\/a>&nbsp;ne nous avait pas habitu\u00e9s \u00e0 \u00e7a.&nbsp;<a href=\"https:\/\/www.20minutes.fr\/planete\/2709375-20200203-meteo-episode-douceur-exceptionnelle-plein-hiver\">De nouveaux records de chaleur<\/a>&nbsp;ont \u00e9t\u00e9 enregistr\u00e9s ce lundi \u00e0 l\u2019occasion d\u2019un \u00e9pisode \u00ab&nbsp;exceptionnel&nbsp;\u00bb de douceur hivernale sur la France&nbsp;:&nbsp;26,6&nbsp;\u00b0C&nbsp;\u00e0&nbsp;Biarritz&nbsp;<a href=\"https:\/\/www.20minutes.fr\/societe\/2674327-20191213-intemperies-sud-ouest-pyrenees-atlantiques-vigilance-rouge-inondations\">(Pyr\u00e9n\u00e9es-Atlantiques)<\/a>, 25,8&nbsp;\u00b0C \u00e0 Fr\u00e9jus (Var) et 22,7&nbsp;\u00b0C \u00e0&nbsp;Hy\u00e8res.<\/p>\n\n\n\n<p>Si une baisse des temp\u00e9ratures est attendue pour la fin de semaine, l\u2019hiver 2020 devrait \u00eatre globalement plus doux que la normale. Une situation exceptionnelle qui devrait devenir de plus en plus fr\u00e9quente, comme l\u2019explique Olivier Proust, pr\u00e9visionniste chez\u00a0<a href=\"https:\/\/www.20minutes.fr\/dossier\/meteo_france\">M\u00e9t\u00e9o France<\/a>.<\/p>\n\n\n\n<h2 class=\"wp-block-heading\">Comment expliquer cette vague de douceur qui frappe le sud du pays&nbsp;?<\/h2>\n\n\n\n<p>D\u00e8s dimanche, des temp\u00e9ratures sup\u00e9rieures \u00e0 25\u00a0\u00b0C ont \u00e9t\u00e9 mesur\u00e9es dans le sud du pays\u00a0:\u00a0un \u00ab\u00a0pic de douceur\u00a0\u00bb a \u00e9t\u00e9 mesur\u00e9 ce lundi, avec 25\u00a0\u00b0C \u00e0 Tarbes, 26\u00a0\u00b0C \u00e0 Perpignan, soit des valeurs proches des moyennes d\u2019un mois de juin. \u00ab\u00a0Cette douceur est remarquable, ce sont des niveaux exceptionnels pour un d\u00e9but f\u00e9vrier, mais on sait tr\u00e8s bien expliquer d\u2019o\u00f9 \u00e7a vient\u00a0:\u00a0<a href=\"https:\/\/www.20minutes.fr\/montpellier\/2709087-20200202-languedoc-roussillon-jusqu-21-degres-o-vient-etonnante-douceur-plein-hiver\">on a vu arriver une masse d\u2019air subtropical<\/a>\u00a0d\u2019ouest-sud-ouest douce\u00a0et humide\u00a0qui a circul\u00e9 ce week-end du Maroc au sud de la France, sous un vaste anticyclone. Elle est aliment\u00e9e par de l\u2019air doux\u00a0\u00bb, compl\u00e8te le m\u00e9t\u00e9orologue.<br><\/p>\n\n\n\n<h2 class=\"wp-block-heading\">Comment expliquer la baisse brutale des temp\u00e9ratures pr\u00e9vue dans les&nbsp;prochains jours&nbsp;?<\/h2>\n\n\n\n<p>En milieu de semaine, les temp\u00e9ratures vont chuter, perdant par endroits jusqu\u2019\u00e0 10 degr\u00e9s par rapport \u00e0 la veille, indique M\u00e9t\u00e9o France, avec des maximales de 9 \u00e0 14&nbsp;\u00b0C de la Bretagne aux Pyr\u00e9n\u00e9es et de 12 \u00e0 17&nbsp;\u00b0C sur le pourtour m\u00e9diterran\u00e9en. Une baisse soudaine du mercure qui n\u2019\u00e9tonne pas le pr\u00e9visionniste. \u00ab&nbsp;C\u2019est un ph\u00e9nom\u00e8ne assez classique de contrastes de masse d\u2019air&nbsp;\u00bb, rappelle Olivier Proust. En r\u00e9sum\u00e9&nbsp;:&nbsp;la fameuse masse d\u2019air subtropicale, qui nous am\u00e8ne&nbsp;des temp\u00e9ratures \u00e9lev\u00e9es, va rencontrer un courant d\u2019air froid instable et porteur&nbsp;d\u2019averses situ\u00e9 en embuscade sur le nord de l\u2019Europe. \u00ab&nbsp;\u00c7a va donner des temp\u00e9ratures plus froides d\u00e8s demain mardi, quand cette&nbsp;masse d\u2019air nord-ouest va plonger sur le pays. On va sentir la diff\u00e9rence. Mais cette chute brutale ne nous fera pas passer sous les niveaux de saison&nbsp;\u00bb, nuance-t-il. Dans la majorit\u00e9 des r\u00e9gions, les temp\u00e9ratures resteront toujours au-dessus des normales saisonni\u00e8res.<\/p>\n\n\n\n<h2 class=\"wp-block-heading\">Est-ce que cela peut entra\u00eener des perturbations en montagne notamment&nbsp;?<\/h2>\n\n\n\n<p>Cet \u00e9pisode de douceur\u00a0<a href=\"https:\/\/www.20minutes.fr\/societe\/2708647-20200201-avalanches-savoie-haute-savoie-places-vigilance-orange-meteo-france\">augmente les risques d\u2019avalanches<\/a>. \u00ab\u00a0Les manteaux neigeux sont plus d\u00e9licats, plus instables, avec ce redoux marqu\u00e9\u00a0\u00bb, explique le pr\u00e9visionniste. Dans\u00a0les prochains jours, il faudra s\u2019attendre \u00e0 \u00ab\u00a0du beau temps sur les Alpes, avec du vent et m\u00eame un peu de\u00a0neige. \u00c7a veut dire qu\u2019il faudra rester inform\u00e9 sur les risques d\u2019avalanches\u00a0\u00bb, pr\u00e9vient-il.<\/p>\n\n\n\n<h2 class=\"wp-block-heading\">Doit-on s\u2019attendre \u00e0 des \u00e9pisodes de douceur de plus en plus&nbsp;fr\u00e9quents en hiver&nbsp;?<\/h2>\n\n\n\n<p>Dans un contexte de changement climatique, \u00e0 quel hiver doit-on s\u2019attendre pour demain\u00a0?\u00a0\u00ab\u00a0Attention, on reste\u00a0en hiver, donc on fera face \u00e0 des\u00a0situations qu\u2019on conna\u00eet d\u00e9j\u00e0, mais avec des temp\u00e9ratures plus \u00e9lev\u00e9es\u00a0\u00bb, explique Olivier Proust. Dans ce contexte, \u00ab\u00a0il va \u00eatre de\u00a0plus en plus r\u00e9current d\u2019atteindre ces niveaux de douceur.\u00a0On a d\u00e9j\u00e0 connu des temp\u00e9ratures douces en hiver, mais maintenant, on va vers\u00a0<a href=\"https:\/\/www.20minutes.fr\/societe\/2551879-20190628-canicule-record-absolu-chaleur-france-battu-vaucluse\">une\u00a0recrudescence de records battus<\/a>, avec un cran de plus en termes de temp\u00e9rature.\u00a0\u00bb Et les relev\u00e9s 2019-2020 viennent confirmer cette th\u00e9orie. Ces mois de d\u00e9cembre et janvier constituent le deuxi\u00e8me d\u00e9but d\u2019hiver le plus chaud depuis au moins 1900, derri\u00e8re le d\u00e9but d\u2019hiver 2015-2016, selon M\u00e9t\u00e9o-France. Sur ces deux mois, la temp\u00e9rature moyenne nationale s\u2019est \u00e9tablie \u00e0 7,6\u00a0\u00b0C, \u00ab\u00a0soit une anomalie positive de 2,3 degr\u00e9s au-dessus de la moyenne climatologique sur cette p\u00e9riode qui est de 5,3\u00a0\u00b0C\u00a0\u00bb. <\/p>\n\n\n\n<p><\/p>\n\n\n\n<p><\/p>\n\n\n\n<p><br><\/p>\n","protected":false},"excerpt":{"rendered":"<p>Une douceur remarquable s\u2019est install\u00e9e sur la France cet hiver, avec des temp\u00e9ratures sup\u00e9rieures \u00e0 25&nbsp;\u00b0C dans le sud du pays, selon M\u00e9t\u00e9o-France. Le \u00ab&nbsp;pic de douceur&nbsp;\u00bb \u00e9tait pr\u00e9vu pour ce lundi, avec 25&nbsp;\u00b0C \u00e0 Tarbes, 26&nbsp;\u00b0C \u00e0 Perpignan, 26&nbsp;\u00b0C ou 27&nbsp;\u00b0C localement dans le Pays basque. Une situation qui va \u00eatre de plus en [&hellip;]<\/p>\n","protected":false},"author":2,"featured_media":14510,"comment_status":"open","ping_status":"open","sticky":false,"template":"","format":"standard","meta":{"_jetpack_memberships_contains_paid_content":false,"footnotes":"","jetpack_publicize_message":"","jetpack_publicize_feature_enabled":true,"jetpack_social_post_already_shared":true,"jetpack_social_options":{"image_generator_settings":{"template":"highway","default_image_id":0,"font":"","enabled":false},"version":2},"_wpas_customize_per_network":false},"categories":[14],"tags":[],"class_list":["post-14509","post","type-post","status-publish","format-standard","has-post-thumbnail","hentry","category-actu-meteo"],"jetpack_publicize_connections":[],"jetpack_featured_media_url":"https:\/\/i0.wp.com\/www.iceagetv.com\/radiosite\/wp-content\/uploads\/2020\/02\/Jusqu%E2%80%99%C3%A0-26-degr%C3%A9s-en-f%C3%A9vrier%E2%80%A6-Mais-pourquoi-fait-il-aussi-doux-en-plein-hiver.jpg?fit=605%2C424&ssl=1","jetpack_sharing_enabled":true,"_links":{"self":[{"href":"https:\/\/www.iceagetv.com\/radiosite\/wp-json\/wp\/v2\/posts\/14509","targetHints":{"allow":["GET"]}}],"collection":[{"href":"https:\/\/www.iceagetv.com\/radiosite\/wp-json\/wp\/v2\/posts"}],"about":[{"href":"https:\/\/www.iceagetv.com\/radiosite\/wp-json\/wp\/v2\/types\/post"}],"author":[{"embeddable":true,"href":"https:\/\/www.iceagetv.com\/radiosite\/wp-json\/wp\/v2\/users\/2"}],"replies":[{"embeddable":true,"href":"https:\/\/www.iceagetv.com\/radiosite\/wp-json\/wp\/v2\/comments?post=14509"}],"version-history":[{"count":1,"href":"https:\/\/www.iceagetv.com\/radiosite\/wp-json\/wp\/v2\/posts\/14509\/revisions"}],"predecessor-version":[{"id":14511,"href":"https:\/\/www.iceagetv.com\/radiosite\/wp-json\/wp\/v2\/posts\/14509\/revisions\/14511"}],"wp:featuredmedia":[{"embeddable":true,"href":"https:\/\/www.iceagetv.com\/radiosite\/wp-json\/wp\/v2\/media\/14510"}],"wp:attachment":[{"href":"https:\/\/www.iceagetv.com\/radiosite\/wp-json\/wp\/v2\/media?parent=14509"}],"wp:term":[{"taxonomy":"category","embeddable":true,"href":"https:\/\/www.iceagetv.com\/radiosite\/wp-json\/wp\/v2\/categories?post=14509"},{"taxonomy":"post_tag","embeddable":true,"href":"https:\/\/www.iceagetv.com\/radiosite\/wp-json\/wp\/v2\/tags?post=14509"}],"curies":[{"name":"wp","href":"https:\/\/api.w.org\/{rel}","templated":true}]}}