{"id":14512,"date":"2020-02-04T18:44:30","date_gmt":"2020-02-04T18:44:30","guid":{"rendered":"http:\/\/www.iceagetv.com\/radiosite\/?p=14512"},"modified":"2020-02-04T18:44:30","modified_gmt":"2020-02-04T18:44:30","slug":"conge-apres-la-mort-dun-enfant-les-deputes-larem-en-colere-contre-macron","status":"publish","type":"post","link":"https:\/\/www.iceagetv.com\/radiosite\/conge-apres-la-mort-dun-enfant-les-deputes-larem-en-colere-contre-macron\/","title":{"rendered":"Cong\u00e9 apr\u00e8s la mort d&rsquo;un enfant: les d\u00e9put\u00e9s LaREM en col\u00e8re contre Macron"},"content":{"rendered":"\n<h2 class=\"wp-block-heading\">Lors d&rsquo;une r\u00e9union des d\u00e9put\u00e9s LaREM, plusieurs \u00e9lus \u00e9taient tr\u00e8s remont\u00e9s contre les propos du pr\u00e9sident de la R\u00e9publique, qui les a appel\u00e9s \u00e0 \u00ab\u00a0faire preuve d\u2019humanit\u00e9\u00a0\u00bb sur le sujet du cong\u00e9 parental apr\u00e8s la mort d&rsquo;un enfant. Alors que des parlementaires de la majorit\u00e9 sont invectiv\u00e9s de toute part, cette d\u00e9claration du chef de l&rsquo;\u00c9tat passe tr\u00e8s mal.<\/h2>\n\n\n\n<p>\u00ab\u00a0Se d\u00e9fausser sur sa majorit\u00e9, c\u2019est indigne\u00a0\u00bb. Jeudi dernier, l&rsquo;Assembl\u00e9e nationale devait se prononcer sur&nbsp;une proposition visant \u00e0&nbsp;rallonger le cong\u00e9 l\u00e9gal d&rsquo;un salari\u00e9 en cas de d\u00e9c\u00e8s d&rsquo;un enfant mineur, le faisant passer de cinq \u00e0 douze jours.&nbsp;<a href=\"https:\/\/www.bfmtv.com\/politique\/conge-a-la-mort-d-un-enfant-penicaud-admet-l-erreur-collective-de-l-executif-et-de-la-majorite-1850847.html#content\/contribution\/edit\">Le texte est<em>&nbsp;in fine&nbsp;<\/em>rejet\u00e9 par les d\u00e9put\u00e9s LaREM<\/a>,&nbsp;avec le soutien du gouvernement. C&rsquo;est un toll\u00e9 g\u00e9n\u00e9ral pour la majorit\u00e9.<\/p>\n\n\n\n<p>Lors d&rsquo;une r\u00e9union de crise du groupe parlementaire LaREM ce mardi matin, certains ont dit leur mal-\u00eatre, d\u00e9clarant avoir mal pris les mots du&nbsp;<a href=\"http:\/\/www.bfmtv.com\/politique\/cette-soiree-ou-les-deputes-ont-refuse-l-extension-du-conge-apres-la-mort-d-un-enfant-1851470.html#content\/contribution\/edit\">pr\u00e9sident, qui a appel\u00e9 samedi \u00e0 \u00ab\u00a0faire preuve d\u2019humanit\u00e9\u00a0\u00bb<\/a>&nbsp;sur ce sujet. \u00ab\u00a0On vote selon l\u2019avis du gouvernement, et quand le gouvernement se plante, tout nous revient dans la figure parce qu\u2019on est inhumains? \u00c7a nous apprendra\u00a0\u00bb, d\u00e9clare un d\u00e9put\u00e9 LaREM \u00e0 BFMTV.&nbsp;\u00ab\u00a0Se d\u00e9fausser sur sa majorit\u00e9, c\u2019est indigne\u00a0\u00bb, l\u00e2che un autre.<\/p>\n\n\n\n<blockquote class=\"wp-block-quote is-layout-flow wp-block-quote-is-layout-flow\"><p>Emmanuel Macron a en effet d\u00e9cid\u00e9 d&rsquo;intervenir sur le vote:&nbsp;\u00ab\u00a0Le pr\u00e9sident de la R\u00e9publique a demand\u00e9 au gouvernement de se pencher rapidement sur ce probl\u00e8me, et surtout a donn\u00e9 la consigne de faire preuve d\u2019humanit\u00e9. La majorit\u00e9 a&nbsp;vot\u00e9 dans un sens qui a \u00e9mu beaucoup de Fran\u00e7ais\u00a0\u00bb,&nbsp;<a href=\"https:\/\/www.bfmtv.com\/politique\/cette-soiree-ou-les-deputes-ont-refuse-l-extension-du-conge-apres-la-mort-d-un-enfant-1851470.html#content\/contribution\/edit\">indiquait l&rsquo;\u00c9lys\u00e9e samedi \u00e0 BFMTV.<\/a><\/p><\/blockquote>\n\n\n\n<h3 class=\"wp-block-heading\">\u00ab\u00a0Les d\u00e9put\u00e9s \u00e9taient tellement en col\u00e8re que c\u2019\u00e9tait intenable de le d\u00e9fendre\u00a0\u00bb<\/h3>\n\n\n\n<p>\u00ab\u00a0Je regrette l&#8217;emballement m\u00e9diatique cr\u00e9\u00e9 par le pr\u00e9sident\u00a0\u00bb, d\u00e9clare un d\u00e9put\u00e9 LaREM \u00e0 BFMTV. \u00ab\u00a0C&rsquo;est vraiment maladroit de [nous recadrer] dans la presse. On peut se parler par d&rsquo;autres voies\u00a0\u00bb, regrette un autre. Les parlementaires, notamment ceux pr\u00e9sents le jour du vote,&nbsp;ont racont\u00e9 avoir \u00e9t\u00e9&nbsp;invectiv\u00e9s de toutes parts. Mardi matin, certains ont d\u00e9plor\u00e9 les&nbsp;\u00ab\u00a0tombereaux d\u2019injures sur les r\u00e9seaux sociaux, d\u2019insultes en circonscription\u00a0\u00bb, selon des citations rapport\u00e9es \u00e0 BFMTV.<\/p>\n\n\n\n<blockquote class=\"wp-block-quote is-layout-flow wp-block-quote-is-layout-flow\"><p>Du c\u00f4t\u00e9 de l&rsquo;aile gauche du parti, les critiques sont acerbes. \u00ab\u00a0Le sc\u00e9nario qui voudrait que ce soit eux [les d\u00e9put\u00e9s LaREM ayant vot\u00e9 contre la proposition, ndlr] les gens inhumains, les imb\u00e9ciles, les cons, les godillots, mais que finalement tout le reste, \u00e7a va: le pr\u00e9sident n&rsquo;a pas fait d&rsquo;erreur, le gouvernement n&rsquo;a pas fait d&rsquo;erreur, les s\u00e9nateurs vont rattraper notre erreur&#8230;\u00a0Ce sc\u00e9nario est inentendable\u00a0\u00bb, d\u00e9clare \u00e0 BFMTV Jean-Fran\u00e7ois Cesarini, d\u00e9put\u00e9 LaREM du Vaucluse.<\/p><\/blockquote>\n\n\n\n<p>Le Premier ministre \u00e9tait venu rassurer les troupes mais \u00ab\u00a0n\u2019a pas eu un mot de soutien pour les mots du chef de l&rsquo;Etat ce mardi. C\u2019est la premi\u00e8re fois\u00a0\u00bb, selon une source proche de l&rsquo;ex\u00e9cutif \u00e0 BFMTV.&nbsp;<a href=\"https:\/\/www.bfmtv.com\/politique\/municipales-edouard-philippe-annonce-sa-candidature-au-havre-1849944.html#content\/contribution\/edit\">\u00ab\u00a0L\u2019effet &lsquo;campagne&rsquo; doit jouer.<\/a>&nbsp;Et puis les d\u00e9put\u00e9s \u00e9taient tellement en col\u00e8re apr\u00e8s les mots du pr\u00e9sident, que c\u2019\u00e9tait intenable de le d\u00e9fendre\u00a0\u00bb.<\/p>\n\n\n\n<blockquote class=\"wp-block-quote is-layout-flow wp-block-quote-is-layout-flow\"><p>Lors de la r\u00e9union, \u00ab\u00a0c&rsquo;\u00e9tait tr\u00e8s tendu\u00a0\u00bb, explique&nbsp;Jean-Fran\u00e7ois Cesarini,&nbsp;\u00ab\u00a0et \u00e0 la fois pour nous, l&rsquo;aile gauche un peu bruyante,&nbsp;\u00e7a nous fait vaguement sourire parce qu&rsquo;on dit: &lsquo;vous d\u00e9couvrez maintenant que les m\u00e9thodes de l&rsquo;ex\u00e9cutif sont condescendantes et hautaines?'\u00a0\u00bb.<\/p><\/blockquote>\n\n\n\n<h3 class=\"wp-block-heading\">\u00ab\u00a0Les critiques nous font tr\u00e8s mal\u00a0\u00bb<\/h3>\n\n\n\n<p>Muriel P\u00e9nicaud, la ministre du Travail, avait embo\u00eet\u00e9 le pas du pr\u00e9sident: \u00ab\u00a0Je crois qu\u2019on a fait une erreur collective, on le reconna\u00eet, le texte de loi n\u2019est pas encore vot\u00e9 donc on va le corriger\u00a0\u00bb,&nbsp;<a href=\"https:\/\/www.bfmtv.com\/politique\/conge-a-la-mort-d-un-enfant-penicaud-admet-l-erreur-collective-de-l-executif-et-de-la-majorite-1850847.html#page\/contribution\/index\">d\u00e9clarait-elle samedi sur BFMTV.<\/a>&nbsp;Pour rectifier le tir, le gouvernement a mis la proposition de loi&nbsp;<a href=\"https:\/\/www.bfmtv.com\/politique\/conge-apres-la-mort-d-un-enfant-le-gouvernement-envoie-la-proposition-de-loi-au-senat-des-le-3-mars-1851688.html#content\/contribution\/edit\">\u00e0 l&rsquo;ordre du jour du S\u00e9nat d\u00e8s le 3 mars prochain<\/a>, avant qu&rsquo;elle retourne&nbsp;\u00e0 l&rsquo;Assembl\u00e9e nationale, en deuxi\u00e8me lecture.<\/p>\n\n\n\n<p>Mardi matin, \u00c9douard Philippe a r\u00e9solument pris la d\u00e9fense de la ministre du Travail, au centre des critiques, selon des citations rapport\u00e9es par l&rsquo;AFP: \u00ab\u00a0Tous ceux qui iront chercher la responsabilit\u00e9 ailleurs, sur Muriel, en interne ou en externe, je leur dis merde!\u00a0\u00bb. \u00ab\u00a0Nous n&rsquo;avons pas su collectivement expliquer notre position, ni nous adapter. Les critiques nous font tr\u00e8s mal\u00a0\u00bb, a reconnu le Premier ministre.<\/p>\n\n\n\n<blockquote class=\"wp-block-quote is-layout-flow wp-block-quote-is-layout-flow\"><p>\u00ab\u00a0On aurait d\u00fb imm\u00e9diatement, apr\u00e8s avoir rejet\u00e9 cette proposition, proposer autre chose et le voter dans la foul\u00e9e. Au lieu de \u00e7a, on attend, on laisse la pol\u00e9mique enfler\u00a0\u00bb, d\u00e9clare un d\u00e9put\u00e9 LaREM \u00e0 BFMTV.<\/p><\/blockquote>\n\n\n\n<h3 class=\"wp-block-heading\">Sortir de cet \u00ab\u00a0\u00e9pisode douloureux\u00a0\u00bb<\/h3>\n\n\n\n<blockquote class=\"wp-block-quote is-layout-flow wp-block-quote-is-layout-flow\"><p>\u00ab\u00a0Je comprends le d\u00e9sarroi de mes coll\u00e8gues qui se font conspuer sur les r\u00e9seaux sociaux (&#8230;) Mais c\u2019est un projet, oui, qui \u00e9tait mal ficel\u00e9, mal fait, parfois il y a des bonnes intentions et \u00e7a tourne mal\u00a0\u00bb, d\u00e9clare le d\u00e9put\u00e9 LaREM Olivier V\u00e9ran, ajoutant, \u00ab\u00a0je ne veux pas jeter l\u2019opprobre sur qui que ce soit, on avance et on r\u00e8gle le probl\u00e8me sur le fond, le cong\u00e9 deuil.\u00a0\u00bb<\/p><\/blockquote>\n\n\n\n<p>Ceux qui \u00e9taient pr\u00e9sents le jour du vote en particulier refusent qu&rsquo;il soit dit qu\u2019ils ont vot\u00e9&nbsp;par loyaut\u00e9 pour le gouvernement.&nbsp;Ils assument leur choix et appellent \u00e0 ce que la majorit\u00e9 reprenne&nbsp;la main pour aller plus loin que la proposition initiale de rallongement de la dur\u00e9e du cong\u00e9 parental. Tous appellent \u00e0 la r\u00e9paration publique de l\u2019honneur du groupe.<\/p>\n\n\n\n<p>Lors de cette r\u00e9union mardi matin, v\u00e9cue&nbsp;comme \u00ab\u00a0cathartique\u00a0\u00bb, plusieurs responsables de la majorit\u00e9 ont mis en avant la n\u00e9cessit\u00e9 de \u00ab\u00a0sortir vite\u00a0\u00bb de cette crise. \u00c9voquant un \u00ab\u00a0\u00e9pisode douloureux\u00a0\u00bb, le pr\u00e9sident de l&rsquo;Assembl\u00e9e Richard Ferrand a plaid\u00e9 pour \u00ab\u00a0se serrer les coudes\u00a0\u00bb.<\/p>\n\n\n\n<blockquote class=\"wp-block-quote is-layout-flow wp-block-quote-is-layout-flow\"><p><\/p><\/blockquote>\n","protected":false},"excerpt":{"rendered":"<p>Lors d&rsquo;une r\u00e9union des d\u00e9put\u00e9s LaREM, plusieurs \u00e9lus \u00e9taient tr\u00e8s remont\u00e9s contre les propos du pr\u00e9sident de la R\u00e9publique, qui les a appel\u00e9s \u00e0 \u00ab\u00a0faire preuve d\u2019humanit\u00e9\u00a0\u00bb sur le sujet du cong\u00e9 parental apr\u00e8s la mort d&rsquo;un enfant. Alors que des parlementaires de la majorit\u00e9 sont invectiv\u00e9s de toute part, cette d\u00e9claration du chef de [&hellip;]<\/p>\n","protected":false},"author":2,"featured_media":14513,"comment_status":"open","ping_status":"open","sticky":false,"template":"","format":"standard","meta":{"_jetpack_memberships_contains_paid_content":false,"footnotes":"","jetpack_publicize_message":"","jetpack_publicize_feature_enabled":true,"jetpack_social_post_already_shared":true,"jetpack_social_options":{"image_generator_settings":{"template":"highway","default_image_id":0,"font":"","enabled":false},"version":2},"_wpas_customize_per_network":false},"categories":[405],"tags":[],"class_list":["post-14512","post","type-post","status-publish","format-standard","has-post-thumbnail","hentry","category-actu-france-monde"],"jetpack_publicize_connections":[],"jetpack_featured_media_url":"https:\/\/i0.wp.com\/www.iceagetv.com\/radiosite\/wp-content\/uploads\/2020\/02\/Cong%C3%A9-apr%C3%A8s-la-mort-dun-enfant.jpeg?fit=700%2C520&ssl=1","jetpack_sharing_enabled":true,"_links":{"self":[{"href":"https:\/\/www.iceagetv.com\/radiosite\/wp-json\/wp\/v2\/posts\/14512","targetHints":{"allow":["GET"]}}],"collection":[{"href":"https:\/\/www.iceagetv.com\/radiosite\/wp-json\/wp\/v2\/posts"}],"about":[{"href":"https:\/\/www.iceagetv.com\/radiosite\/wp-json\/wp\/v2\/types\/post"}],"author":[{"embeddable":true,"href":"https:\/\/www.iceagetv.com\/radiosite\/wp-json\/wp\/v2\/users\/2"}],"replies":[{"embeddable":true,"href":"https:\/\/www.iceagetv.com\/radiosite\/wp-json\/wp\/v2\/comments?post=14512"}],"version-history":[{"count":1,"href":"https:\/\/www.iceagetv.com\/radiosite\/wp-json\/wp\/v2\/posts\/14512\/revisions"}],"predecessor-version":[{"id":14514,"href":"https:\/\/www.iceagetv.com\/radiosite\/wp-json\/wp\/v2\/posts\/14512\/revisions\/14514"}],"wp:featuredmedia":[{"embeddable":true,"href":"https:\/\/www.iceagetv.com\/radiosite\/wp-json\/wp\/v2\/media\/14513"}],"wp:attachment":[{"href":"https:\/\/www.iceagetv.com\/radiosite\/wp-json\/wp\/v2\/media?parent=14512"}],"wp:term":[{"taxonomy":"category","embeddable":true,"href":"https:\/\/www.iceagetv.com\/radiosite\/wp-json\/wp\/v2\/categories?post=14512"},{"taxonomy":"post_tag","embeddable":true,"href":"https:\/\/www.iceagetv.com\/radiosite\/wp-json\/wp\/v2\/tags?post=14512"}],"curies":[{"name":"wp","href":"https:\/\/api.w.org\/{rel}","templated":true}]}}