{"id":14518,"date":"2020-02-04T18:50:54","date_gmt":"2020-02-04T18:50:54","guid":{"rendered":"http:\/\/www.iceagetv.com\/radiosite\/?p=14518"},"modified":"2020-02-04T18:50:54","modified_gmt":"2020-02-04T18:50:54","slug":"tempete-herve-700-hectares-brules-dans-un-incendie-en-corse","status":"publish","type":"post","link":"https:\/\/www.iceagetv.com\/radiosite\/tempete-herve-700-hectares-brules-dans-un-incendie-en-corse\/","title":{"rendered":"Temp\u00eate Herv\u00e9 : 700 hectares br\u00fbl\u00e9s dans un incendie en Corse"},"content":{"rendered":"\n<p>Un incendie a ravag\u00e9 700 ha de v\u00e9g\u00e9tation mardi entre Quenza (Corse-du-Sud) et Solaro (Haute-Corse) sans faire de bless\u00e9, attis\u00e9 par&nbsp;<a href=\"https:\/\/www.ouest-france.fr\/meteo\/intemperies\/meteo-crue-ou-vent-violent-8-departements-en-vigilance-orange-6720540\">des vents violents qui ont conduit M\u00e9t\u00e9o-France \u00e0 placer la Corse en alerte orange mardi<\/a>.<\/p>\n\n\n\n<p>La superficie globale de cet incendie reste difficile \u00e0 appr\u00e9cier mais peut \u00eatre estim\u00e9e provisoirement \u00e0 700 ha de r\u00e9sineux et gros maquis, a indiqu\u00e9 en fin d\u2019apr\u00e8s-midi le commandant Pierre Ferrandini, du centre op\u00e9rationnel d\u00e9partemental d\u2019incendie et de secours ( Codis).<\/p>\n\n\n\n<p>Le sinistre n\u2019a pas fait de bless\u00e9 et des moyens de lutte suppl\u00e9mentaires sont pr\u00e9vus pour les prochaines 72 heures. La pr\u00e9fecture de Corse a pr\u00e9cis\u00e9 que deux colonnes de pompiers, soit 120 personnes, devaient arriver mercredi du continent ainsi que quatre avions bombardiers d\u2019eau.<\/p>\n\n\n\n<p>Deux de ces&nbsp;Pelicans&nbsp;devaient venir mardi depuis la base de N\u00eemes mais&nbsp;n\u2019ont pas pu d\u00e9coller \u00e0 cause du vent, avait indiqu\u00e9 plus t\u00f4t le colonel Jean-Jacques Peraldi, directeur d\u00e9partemental adjoint du service incendie et secours de Haute-Corse (SIS 2B).<\/p>\n\n\n\n<p>Au total, 74 v\u00e9hicules et plus de 200 personnes sont engag\u00e9s sur cet incendie qui a touch\u00e9 la vall\u00e9e de Solenzara et la for\u00eat de Tova, a pr\u00e9cis\u00e9 le Codis 2B qui note qu\u2019en d\u00e9but de soir\u00e9e&nbsp;le feu a baiss\u00e9 d\u2019intensit\u00e9 mais restait tr\u00e8s actif, un changement de direction du vent \u00e9tant attendu par les pompiers.<\/p>\n\n\n\n<p>Quelques centaines de foyers sont actuellement priv\u00e9s d\u2019\u00e9lectricit\u00e9 principalement dans la zone de l\u2019incendie, a par ailleurs indiqu\u00e9 \u00e0 l\u2019AFP Michael Mechali, responsable de la communication chez EDF Corse. Un retour \u00e0 la normale est attendu mardi soir, a-t-il ajout\u00e9.<\/p>\n\n\n\n<h2 class=\"wp-block-heading\">Temp\u00eate Herv\u00e9<\/h2>\n\n\n\n<p>Depuis 06 h, l\u2019ensemble de la&nbsp;<a href=\"https:\/\/www.ouest-france.fr\/meteo\/intemperies\/meteo-crue-ou-vent-violent-8-departements-en-vigilance-orange-6720540\">Corse a \u00e9t\u00e9 plac\u00e9e en alerte orange aux vents violents<\/a>&nbsp;en raison du passage de la temp\u00eate Herv\u00e9. M\u00e9t\u00e9o France a notamment enregistr\u00e9 des rafales \u00e0 195,1 km\/h sur le Cap corse (Haute-Corse) et \u00e0 169 km\/h \u00e0 La Chiappa (Corse-du-Sud).<\/p>\n\n\n\n<p>L\u2019organisme a r\u00e9trograd\u00e9 en alerte jaune la Haute-Corse depuis 16 h.&nbsp;En Haute-Corse, le vent restera encore soutenu ce (mardi) soir mais les valeurs de rafales attendues ne justifient plus un maintien en vigilance orange, a-t-il pr\u00e9cis\u00e9.&nbsp;En Corse-du-Sud, jusqu\u2019\u00e0 ce (mardi) soir, en particulier sur la fa\u00e7ade orientale, les fortes rafales vont persister avec encore des valeurs de 120 \u00e0 160 km\/h.<\/p>\n\n\n\n<p>L\u2019usage du feu a \u00e9t\u00e9 interdit dans l\u2019\u00eele mardi et mercredi. Selon la pr\u00e9fecture de Corse-du-Sud, plusieurs autres d\u00e9parts de feu li\u00e9s \u00e0 des \u00e9cobuages ont \u00e9t\u00e9 constat\u00e9s notamment \u00e0 San-Gavino.<\/p>\n\n\n\n<p>M\u00e9t\u00e9o-France invitait \u00e0&nbsp;limiter les d\u00e9placements, les promenades en for\u00eat et sur le littoral et \u00e0 rester vigilant face aux chutes possibles d\u2019objets et de branches.<\/p>\n\n\n\n<p>La Collectivit\u00e9 de Corse avait suspendu tous les transports scolaires et interurbains pour la journ\u00e9e. Du c\u00f4t\u00e9 des trains, les parcours Bastia-Corte et Corte-Bastia avaient \u00e9t\u00e9 supprim\u00e9s.<\/p>\n\n\n\n<p>Fin d\u00e9cembre, la temp\u00eate Fabien avait coup\u00e9 la Corse du continent pendant plusieurs jours apr\u00e8s l\u2019interruption des vols et des travers\u00e9es maritimes en raison d\u2019une puissante houle et de vents mena\u00e7ants.<\/p>\n","protected":false},"excerpt":{"rendered":"<p>Un incendie a ravag\u00e9 700 ha de v\u00e9g\u00e9tation mardi entre Quenza (Corse-du-Sud) et Solaro (Haute-Corse) sans faire de bless\u00e9, attis\u00e9 par&nbsp;des vents violents qui ont conduit M\u00e9t\u00e9o-France \u00e0 placer la Corse en alerte orange mardi. La superficie globale de cet incendie reste difficile \u00e0 appr\u00e9cier mais peut \u00eatre estim\u00e9e provisoirement \u00e0 700 ha de r\u00e9sineux [&hellip;]<\/p>\n","protected":false},"author":2,"featured_media":14519,"comment_status":"open","ping_status":"open","sticky":false,"template":"","format":"standard","meta":{"_jetpack_memberships_contains_paid_content":false,"footnotes":"","jetpack_publicize_message":"","jetpack_publicize_feature_enabled":true,"jetpack_social_post_already_shared":true,"jetpack_social_options":{"image_generator_settings":{"template":"highway","default_image_id":0,"font":"","enabled":false},"version":2},"_wpas_customize_per_network":false},"categories":[14],"tags":[],"class_list":["post-14518","post","type-post","status-publish","format-standard","has-post-thumbnail","hentry","category-actu-meteo"],"jetpack_publicize_connections":[],"jetpack_featured_media_url":"https:\/\/i0.wp.com\/www.iceagetv.com\/radiosite\/wp-content\/uploads\/2020\/02\/tempete-herve.jpg?fit=1246%2C495&ssl=1","jetpack_sharing_enabled":true,"_links":{"self":[{"href":"https:\/\/www.iceagetv.com\/radiosite\/wp-json\/wp\/v2\/posts\/14518","targetHints":{"allow":["GET"]}}],"collection":[{"href":"https:\/\/www.iceagetv.com\/radiosite\/wp-json\/wp\/v2\/posts"}],"about":[{"href":"https:\/\/www.iceagetv.com\/radiosite\/wp-json\/wp\/v2\/types\/post"}],"author":[{"embeddable":true,"href":"https:\/\/www.iceagetv.com\/radiosite\/wp-json\/wp\/v2\/users\/2"}],"replies":[{"embeddable":true,"href":"https:\/\/www.iceagetv.com\/radiosite\/wp-json\/wp\/v2\/comments?post=14518"}],"version-history":[{"count":1,"href":"https:\/\/www.iceagetv.com\/radiosite\/wp-json\/wp\/v2\/posts\/14518\/revisions"}],"predecessor-version":[{"id":14520,"href":"https:\/\/www.iceagetv.com\/radiosite\/wp-json\/wp\/v2\/posts\/14518\/revisions\/14520"}],"wp:featuredmedia":[{"embeddable":true,"href":"https:\/\/www.iceagetv.com\/radiosite\/wp-json\/wp\/v2\/media\/14519"}],"wp:attachment":[{"href":"https:\/\/www.iceagetv.com\/radiosite\/wp-json\/wp\/v2\/media?parent=14518"}],"wp:term":[{"taxonomy":"category","embeddable":true,"href":"https:\/\/www.iceagetv.com\/radiosite\/wp-json\/wp\/v2\/categories?post=14518"},{"taxonomy":"post_tag","embeddable":true,"href":"https:\/\/www.iceagetv.com\/radiosite\/wp-json\/wp\/v2\/tags?post=14518"}],"curies":[{"name":"wp","href":"https:\/\/api.w.org\/{rel}","templated":true}]}}