{"id":14540,"date":"2020-02-06T10:47:35","date_gmt":"2020-02-06T10:47:35","guid":{"rendered":"http:\/\/www.iceagetv.com\/radiosite\/?p=14540"},"modified":"2020-02-06T10:47:35","modified_gmt":"2020-02-06T10:47:35","slug":"italie-le-deraillement-dun-train-a-grande-vitesse-pres-de-milan-fait-deux-morts-et-une-trentaine-de-blesses","status":"publish","type":"post","link":"https:\/\/www.iceagetv.com\/radiosite\/italie-le-deraillement-dun-train-a-grande-vitesse-pres-de-milan-fait-deux-morts-et-une-trentaine-de-blesses\/","title":{"rendered":"Italie : le d\u00e9raillement d&rsquo;un train \u00e0 grande vitesse pr\u00e8s de Milan fait deux morts et une trentaine de bless\u00e9s"},"content":{"rendered":"\n<p> Un train \u00e0 grande vitesse reliant Milan \u00e0 Salerne, en\u00a0<a rel=\"noreferrer noopener\" href=\"https:\/\/www.francetvinfo.fr\/monde\/italie\/\" target=\"_blank\">Italie<\/a>, a d\u00e9raill\u00e9, jeudi 6\u00a0f\u00e9vrier au matin, pr\u00e8s de Lodi. Le bilan est de deux morts et une trentaine de bless\u00e9s. Aucun ne se trouve en condition pr\u00e9occupante, selon les services de secours et le pr\u00e9fet.\u00a0L&rsquo;accident s&rsquo;est produit \u00e0 une cinquantaine de kilom\u00e8tres au sud de Milan. Les deux personnes\u00a0tu\u00e9es\u00a0sont\u00a0les machinistes du train \u00e0\u00a0grande vitesse Freccia Rossa. <\/p>\n\n\n\n<p><em>\u00ab\u00a0Les premi\u00e8res investigations ont commenc\u00e9 pour comprendre o\u00f9 se situe le point z\u00e9ro\u00a0\u00bb<\/em>&nbsp;du d\u00e9raillement, a d\u00e9clar\u00e9 le pr\u00e9fet \u00e0 Rainews 24, pr\u00e9cisant que l&rsquo;<em>\u00ab\u00a0on ne peut rien affirmer encore\u00a0\u00bb<\/em>&nbsp;sur les raisons de l&rsquo;accident.<\/p>\n\n\n\n<p>Selon&nbsp;<a href=\"https:\/\/milano.repubblica.it\/cronaca\/2020\/02\/06\/news\/deraglia_treno_alta_velocita_a_lodi_un_morto_e_feriti-247763158\/?ref=RHPPTP-BL-I0-C12-P1-S1.12-T1\" target=\"_blank\" rel=\"noreferrer noopener\"><em>la Repubblica<\/em><\/a>&nbsp;et&nbsp;<em><a href=\"https:\/\/milano.corriere.it\/notizie\/cronaca\/20_febbraio_06\/treno-frecciarossa-deraglia-ospedaletto-lodigiano-soccorsi-azione-3cd01f14-48a4-11ea-91e8-775bd36e4cb6.shtml\" target=\"_blank\" rel=\"noreferrer noopener\">Corriere della Sera<\/a>,&nbsp;<\/em>la voiture motrice s&rsquo;est d\u00e9tach\u00e9e du reste du train avant de heurter un v\u00e9hicule pr\u00e9sent sur une voie parall\u00e8le, puis un b\u00e2timent. Le reste du train a en revanche poursuivi sa route pendant 200 ou 300&nbsp;m\u00e8tres puis la voiture de t\u00eate a fini par se coucher sur le flanc. Les autres sont plus ou moins intactes. La presse italienne \u00e9voque des travaux de manutention sur la ligne, r\u00e9alis\u00e9s la nuit derni\u00e8re.&nbsp;A LIRE AUSSI\n\n<\/p>\n\n\n\n<p><\/p>\n","protected":false},"excerpt":{"rendered":"<p>Un train \u00e0 grande vitesse reliant Milan \u00e0 Salerne, en\u00a0Italie, a d\u00e9raill\u00e9, jeudi 6\u00a0f\u00e9vrier au matin, pr\u00e8s de Lodi. Le bilan est de deux morts et une trentaine de bless\u00e9s. Aucun ne se trouve en condition pr\u00e9occupante, selon les services de secours et le pr\u00e9fet.\u00a0L&rsquo;accident s&rsquo;est produit \u00e0 une cinquantaine de kilom\u00e8tres au sud de [&hellip;]<\/p>\n","protected":false},"author":2,"featured_media":14541,"comment_status":"open","ping_status":"open","sticky":false,"template":"","format":"standard","meta":{"_jetpack_memberships_contains_paid_content":false,"footnotes":"","jetpack_publicize_message":"","jetpack_publicize_feature_enabled":true,"jetpack_social_post_already_shared":true,"jetpack_social_options":{"image_generator_settings":{"template":"highway","default_image_id":0,"font":"","enabled":false},"version":2},"_wpas_customize_per_network":false},"categories":[405],"tags":[],"class_list":["post-14540","post","type-post","status-publish","format-standard","has-post-thumbnail","hentry","category-actu-france-monde"],"jetpack_publicize_connections":[],"jetpack_featured_media_url":"https:\/\/i0.wp.com\/www.iceagetv.com\/radiosite\/wp-content\/uploads\/2020\/02\/le-d%C3%A9raillement-dun-train-%C3%A0-grande-vitesse-pr%C3%A8s-de-Milan.jpg?fit=1024%2C385&ssl=1","jetpack_sharing_enabled":true,"_links":{"self":[{"href":"https:\/\/www.iceagetv.com\/radiosite\/wp-json\/wp\/v2\/posts\/14540","targetHints":{"allow":["GET"]}}],"collection":[{"href":"https:\/\/www.iceagetv.com\/radiosite\/wp-json\/wp\/v2\/posts"}],"about":[{"href":"https:\/\/www.iceagetv.com\/radiosite\/wp-json\/wp\/v2\/types\/post"}],"author":[{"embeddable":true,"href":"https:\/\/www.iceagetv.com\/radiosite\/wp-json\/wp\/v2\/users\/2"}],"replies":[{"embeddable":true,"href":"https:\/\/www.iceagetv.com\/radiosite\/wp-json\/wp\/v2\/comments?post=14540"}],"version-history":[{"count":1,"href":"https:\/\/www.iceagetv.com\/radiosite\/wp-json\/wp\/v2\/posts\/14540\/revisions"}],"predecessor-version":[{"id":14542,"href":"https:\/\/www.iceagetv.com\/radiosite\/wp-json\/wp\/v2\/posts\/14540\/revisions\/14542"}],"wp:featuredmedia":[{"embeddable":true,"href":"https:\/\/www.iceagetv.com\/radiosite\/wp-json\/wp\/v2\/media\/14541"}],"wp:attachment":[{"href":"https:\/\/www.iceagetv.com\/radiosite\/wp-json\/wp\/v2\/media?parent=14540"}],"wp:term":[{"taxonomy":"category","embeddable":true,"href":"https:\/\/www.iceagetv.com\/radiosite\/wp-json\/wp\/v2\/categories?post=14540"},{"taxonomy":"post_tag","embeddable":true,"href":"https:\/\/www.iceagetv.com\/radiosite\/wp-json\/wp\/v2\/tags?post=14540"}],"curies":[{"name":"wp","href":"https:\/\/api.w.org\/{rel}","templated":true}]}}