{"id":14546,"date":"2020-02-06T20:21:38","date_gmt":"2020-02-06T20:21:38","guid":{"rendered":"http:\/\/www.iceagetv.com\/radiosite\/?p=14546"},"modified":"2020-02-06T20:21:38","modified_gmt":"2020-02-06T20:21:38","slug":"reforme-des-retraites-121-000-manifestants-ont-defile-en-france-dont-15-000-a-paris","status":"publish","type":"post","link":"https:\/\/www.iceagetv.com\/radiosite\/reforme-des-retraites-121-000-manifestants-ont-defile-en-france-dont-15-000-a-paris\/","title":{"rendered":"R\u00e9forme des retraites : 121 000 manifestants ont d\u00e9fil\u00e9 en France, dont 15 000 \u00e0 Paris"},"content":{"rendered":"\n<p><em>&nbsp;Retrait d\u2019un projet injuste et dangereux&nbsp;!&nbsp;\u00bb<\/em>&nbsp;Depuis le d\u00e9but de la mobilisation contre la r\u00e9forme des retraites il y a deux mois, le mot d\u2019ordre de la CGT, FO, Solidaires, de la FSU et d\u2019organisation de jeunesse (UNEF, MNL, UNL) n\u2019a pas chang\u00e9. Tandis que le texte a d\u00e9marr\u00e9 cette semaine son parcours \u00e0 l\u2019Assembl\u00e9e nationale, les opposants au projet sont descendus dans la rue, jeudi 6&nbsp;f\u00e9vrier.<\/p>\n\n\n\n<p>Pour cette neuvi\u00e8me journ\u00e9e interprofessionnelle contre la r\u00e9forme des retraites, quelque 121\u00a0000 personnes ont manifest\u00e9 jeudi en France, dont 15\u00a0000 \u00e0 Paris, selon des chiffres du minist\u00e8re de l\u2019Int\u00e9rieur. La CGT a de son c\u00f4t\u00e9 comptabilis\u00e9 130\u00a0000 manifestants \u00e0 Paris.<\/p>\n\n\n\n<h2 class=\"wp-block-heading\">Loin d\u2019\u00eatre \u00e0 la fin du mouvement&nbsp;\u00bb<\/h2>\n\n\n\n<p><em>\u00ab La mobilisation est l\u00e0. Ceux qui refusent de la voir doivent ouvrir les yeux \u00bb<\/em>, a affirm\u00e9 le secr\u00e9taire g\u00e9n\u00e9ral de la CGT, Philippe Martinez, peu avant le d\u00e9part du cort\u00e8ge parisien.\u00a0<em>\u00ab On est loin d\u2019\u00eatre \u00e0 la fin du mouvement \u00bb<\/em>, a-t-il assur\u00e9,tout en d\u00e9non\u00e7ant la\u00a0<em>\u00ab pseudo loi \u00bb<\/em>\u00a0en cours d\u2019examen \u00e0 l\u2019Assembl\u00e9e nationale.<\/p>\n\n\n\n<p>Selon les pr\u00e9fectures ou la police, les manifestants \u00e9taient 5 300 \u00e0 Lyon, 4 500 \u00e0 Marseille, 2 700 \u00e0 Rennes, 3 500 \u00e0 Toulouse ou Bordeaux, 1 700 \u00e0 Lille, 1 600 \u00e0 Clermont-Ferrand ou Nice, 1 300 \u00e0 Dijon, 1 100 \u00e0 Perpignan.<\/p>\n\n\n\n<p>Lors du huiti\u00e8me appel \u00e0 une journ\u00e9e interprofessionnelle le 29 janvier,&nbsp;<a href=\"https:\/\/www.lemonde.fr\/politique\/article\/2020\/01\/29\/reforme-des-retraites-huitieme-journee-de-mobilisation-dans-plusieurs-villes-de-france_6027696_823448.html\">la mobilisation avait marqu\u00e9 le pas<\/a>, avec 108 000 manifestants en France selon le minist\u00e8re de l\u2019int\u00e9rieur, contre 249 000 lors de la journ\u00e9e pr\u00e9c\u00e9dente, le 24 janvier.<\/p>\n\n\n\n<p> A\u00a0<strong>Bordeaux<\/strong>, des manifestants ont \u00e9rig\u00e9 un\u00a0<em>\u00ab\u00a0mur du m\u00e9pris\u00a0\u00bb<\/em>\u00a0pour d\u00e9noncer la politique gouvernementale et la r\u00e9pression polici\u00e8re. Faite de parpaings, la barricade a bloqu\u00e9 l\u2019entr\u00e9e principale du rectorat.\u00a0<em>\u00ab\u00a0C\u2019est le mur du m\u00e9pris, car on n\u2019a aucune r\u00e9ponse de la part de notre minist\u00e8re depuis plusieurs mois, plusieurs semaines\u00a0\u00bb<\/em>, sur la r\u00e9forme du bac et des retraites, a d\u00e9clar\u00e9 Jean-Pascal Meral (SNES-FSU). <\/p>\n\n\n\n<p>A&nbsp;<strong>Nice<\/strong>, une cinquantaine de pompiers en gr\u00e8ve depuis juin se sont allong\u00e9s sur les rails du tram, bloqu\u00e9 pour 24&nbsp;heures comme la plupart des bus.&nbsp;<em>\u00ab&nbsp;M\u00eame si on est peu, on restera&nbsp;\u00bb<\/em>, a assur\u00e9 Benjamin Vuolo, 52&nbsp;ans, \u00e9lu du syndicat autonome des pompiers et engag\u00e9 contre la r\u00e9forme qui reporte leur \u00e2ge de d\u00e9part de 57 \u00e0 59&nbsp;ans.<\/p>\n\n\n\n<p>A\u00a0<strong>Tours<\/strong>, les avocats v\u00eatus de leur robe, d\u2019un masque blanc et d\u2019un foulard rouge, ont form\u00e9 une cha\u00eene humaine avant d\u2019assister en silence \u00e0 l\u2019audience solennelle de rentr\u00e9e du tribunal.<\/p>\n\n\n\n<h2 class=\"wp-block-heading\">Nouvel appel le 17 f\u00e9vrier ?<\/h2>\n\n\n\n<p>La suite du mouvement doit \u00eatre d\u00e9cid\u00e9e lors d\u2019une r\u00e9union au si\u00e8ge de la CGT en fin de journ\u00e9e.&nbsp;<em>\u00ab&nbsp;Le 17&nbsp;f\u00e9vrier, premier jour de passage du texte dans l\u2019h\u00e9micycle, est une bonne date pour un nouvel appel&nbsp;\u00bb<\/em>, a sugg\u00e9r\u00e9 Eric Beynel, porte-parole chez Solidaires. Le syndicat Unsa-RATP, premier syndicat de la r\u00e9gie des transports parisiens, a lui appel\u00e9 \u00e0 un \u00ab lundi noir \u00bb dans les transports ce 17 f\u00e9vrier.<\/p>\n\n\n\n<p>Interrog\u00e9 jeudi matin sur CNews, le secr\u00e9taire g\u00e9n\u00e9ral de FO, Yves Veyrier, a de nouveau d\u00e9nonc\u00e9 la r\u00e9forme comme&nbsp;<em>\u00ab&nbsp;une erreur historique&nbsp;\u00bb<\/em>. Quant \u00e0 la poursuite du mouvement,&nbsp;<em>\u00ab&nbsp;\u00e9videmment c\u2019est compliqu\u00e9, le mouvement a \u00e9t\u00e9 tr\u00e8s long, le gouvernement est obstin\u00e9&nbsp;\u00bb<\/em>, mais&nbsp;<em>\u00ab&nbsp;nous allons essayer de trouver des moyens&nbsp;\u00bb<\/em>&nbsp;pour maintenir la mobilisation, a-t-il lanc\u00e9.<\/p>\n\n\n\n<p>Les travaux ont d\u00e9marr\u00e9 cette semaine au sein de la commission sp\u00e9ciale de l\u2019Assembl\u00e9e nationale, qui doit examiner plus de 20&nbsp;000 amendements, dont 19&nbsp;000 des d\u00e9put\u00e9s de la France insoumise (FI). La CFDT, favorable \u00e0 un syst\u00e8me&nbsp;<em>\u00ab&nbsp;universel&nbsp;\u00bb<\/em>&nbsp;par points, fait du lobbying aupr\u00e8s des d\u00e9put\u00e9s pour am\u00e9liorer les textes et a travaill\u00e9 en ce sens sur des amendements, de m\u00eame que la CFTC et l\u2019UNSA. De son c\u00f4t\u00e9, FO a \u00e9crit aux parlementaires pour qu\u2019ils&nbsp;<em>\u00ab&nbsp;n\u2019approuvent pas&nbsp;\u00bb<\/em>&nbsp;le projet de loi et qu\u2019ils&nbsp;<em>\u00ab&nbsp;demandent au gouvernement d\u2019y renoncer&nbsp;\u00bb<\/em>.<\/p>\n\n\n\n<p><\/p>\n\n\n\n<p><\/p>\n\n\n\n<p><\/p>\n","protected":false},"excerpt":{"rendered":"<p>&nbsp;Retrait d\u2019un projet injuste et dangereux&nbsp;!&nbsp;\u00bb&nbsp;Depuis le d\u00e9but de la mobilisation contre la r\u00e9forme des retraites il y a deux mois, le mot d\u2019ordre de la CGT, FO, Solidaires, de la FSU et d\u2019organisation de jeunesse (UNEF, MNL, UNL) n\u2019a pas chang\u00e9. Tandis que le texte a d\u00e9marr\u00e9 cette semaine son parcours \u00e0 l\u2019Assembl\u00e9e nationale, [&hellip;]<\/p>\n","protected":false},"author":2,"featured_media":14547,"comment_status":"open","ping_status":"open","sticky":false,"template":"","format":"standard","meta":{"_jetpack_memberships_contains_paid_content":false,"footnotes":"","jetpack_publicize_message":"","jetpack_publicize_feature_enabled":true,"jetpack_social_post_already_shared":true,"jetpack_social_options":{"image_generator_settings":{"template":"highway","default_image_id":0,"font":"","enabled":false},"version":2},"_wpas_customize_per_network":false},"categories":[405],"tags":[2738],"class_list":["post-14546","post","type-post","status-publish","format-standard","has-post-thumbnail","hentry","category-actu-france-monde","tag-121-000-manifestants-ont-defile-en-france"],"jetpack_publicize_connections":[],"jetpack_featured_media_url":"https:\/\/i0.wp.com\/www.iceagetv.com\/radiosite\/wp-content\/uploads\/2020\/02\/121-000-manifestants-ont-d%C3%A9fil%C3%A9-en-France-dont-15-000-%C3%A0-Paris.jpg?fit=546%2C376&ssl=1","jetpack_sharing_enabled":true,"_links":{"self":[{"href":"https:\/\/www.iceagetv.com\/radiosite\/wp-json\/wp\/v2\/posts\/14546","targetHints":{"allow":["GET"]}}],"collection":[{"href":"https:\/\/www.iceagetv.com\/radiosite\/wp-json\/wp\/v2\/posts"}],"about":[{"href":"https:\/\/www.iceagetv.com\/radiosite\/wp-json\/wp\/v2\/types\/post"}],"author":[{"embeddable":true,"href":"https:\/\/www.iceagetv.com\/radiosite\/wp-json\/wp\/v2\/users\/2"}],"replies":[{"embeddable":true,"href":"https:\/\/www.iceagetv.com\/radiosite\/wp-json\/wp\/v2\/comments?post=14546"}],"version-history":[{"count":1,"href":"https:\/\/www.iceagetv.com\/radiosite\/wp-json\/wp\/v2\/posts\/14546\/revisions"}],"predecessor-version":[{"id":14548,"href":"https:\/\/www.iceagetv.com\/radiosite\/wp-json\/wp\/v2\/posts\/14546\/revisions\/14548"}],"wp:featuredmedia":[{"embeddable":true,"href":"https:\/\/www.iceagetv.com\/radiosite\/wp-json\/wp\/v2\/media\/14547"}],"wp:attachment":[{"href":"https:\/\/www.iceagetv.com\/radiosite\/wp-json\/wp\/v2\/media?parent=14546"}],"wp:term":[{"taxonomy":"category","embeddable":true,"href":"https:\/\/www.iceagetv.com\/radiosite\/wp-json\/wp\/v2\/categories?post=14546"},{"taxonomy":"post_tag","embeddable":true,"href":"https:\/\/www.iceagetv.com\/radiosite\/wp-json\/wp\/v2\/tags?post=14546"}],"curies":[{"name":"wp","href":"https:\/\/api.w.org\/{rel}","templated":true}]}}