{"id":14550,"date":"2020-02-07T12:22:00","date_gmt":"2020-02-07T12:22:00","guid":{"rendered":"http:\/\/www.iceagetv.com\/radiosite\/?p=14550"},"modified":"2020-02-07T12:22:00","modified_gmt":"2020-02-07T12:22:00","slug":"autoritaire-ou-democratique-quel-regime-faut-il-adopter-pour-reussir-la-transition-ecologique","status":"publish","type":"post","link":"https:\/\/www.iceagetv.com\/radiosite\/autoritaire-ou-democratique-quel-regime-faut-il-adopter-pour-reussir-la-transition-ecologique\/","title":{"rendered":"Autoritaire ou d\u00e9mocratique\u2026 Quel r\u00e9gime faut-il adopter pour r\u00e9ussir la transition \u00e9cologique ?"},"content":{"rendered":"\n<ul class=\"wp-block-list\"><li>Face \u00e0 l\u2019urgence \u00e9cologique et \u00e0 l\u2019heure o\u00f9 la d\u00e9mocratie traverse une crise de&nbsp;l\u00e9gitimit\u00e9, pointe l\u2019id\u00e9e qu\u2019un r\u00e9gime autoritaire serait plus qualifi\u00e9 pour mener \u00e0 bien la transition \u00e9cologique dans les temps impartis<\/li><li>Le think-tank La Fabrique Ecologique d\u00e9construit cette tentation de la dictature verte, en s\u2019appuyant notamment sur la Chine, un contre-exemple en la mati\u00e8re<\/li><li>La Fabrique Ecologique rappelle au contraire que \u00ab&nbsp;\u00e9cologie&nbsp;\u00bb et \u00ab&nbsp;d\u00e9mocratie&nbsp;\u00bb se renforcent mutuellement. Pour aller plus vite dans la transition, le think-tank pr\u00e9conise de red\u00e9finir les projets politiques et de faire place \u00e0 de nouvelles formes de participation.<\/li><\/ul>\n\n\n\n<p>\u00ab&nbsp;Dictature verte&nbsp;\u00bb ou \u00ab&nbsp;technocratie \u00e9clair\u00e9e&nbsp;\u00bb\u2026 Les r\u00e9gimes autoritaires sont-ils plus qualifi\u00e9s que les d\u00e9mocraties pour mener \u00e0 son terme la transition \u00e9cologique dans les temps impartis&nbsp;?&nbsp;L\u2019id\u00e9e n\u2019est pas nouvelle. \u00ab&nbsp;Elle a \u00e9t\u00e9 d\u00e9velopp\u00e9e par plusieurs penseurs de l\u2019\u00e9cologie politique, pour certains il y a quarante ans d\u00e9j\u00e0*&nbsp;\u00bb, rappelle Eric Vidalenc, \u00e9conomiste \u00e0<a href=\"https:\/\/www.ademe.fr\/\" target=\"_blank\" rel=\"noreferrer noopener\">&nbsp;l\u2019Ademe (Agence de l\u2019environnement et de la ma\u00eetrise de l\u2019\u00e9nergie).<\/a><\/p>\n\n\n\n<p>Mais la tentation du r\u00e9gime autoritaire\u00a0<a rel=\"noreferrer noopener\" href=\"https:\/\/blogs.alternatives-economiques.fr\/vidalenc\/2018\/08\/27\/democratie-et-climat-irreconciliables\" target=\"_blank\">revient avec force,<\/a>\u00a0alors que s\u2019accumulent les rapports scientifiques r\u00e9p\u00e9tant l\u2019urgence d\u2019agir. \u00ab\u00a0A l\u2019heure aussi o\u00f9 les d\u00e9mocraties, telles qu\u2019elles se mat\u00e9rialisent aujourd\u2019hui, traversent une importante crise de l\u00e9gitimit\u00e9\u00a0\u00bb, ajoute\u00a0<a rel=\"noreferrer noopener\" href=\"https:\/\/fr.wikipedia.org\/wiki\/Lucile_Schmid\" target=\"_blank\">Lucile Schmid<\/a>, haut fonctionnaire et vice-pr\u00e9sidente du think-tank\u00a0<a rel=\"noreferrer noopener\" href=\"https:\/\/www.lafabriqueecologique.fr\/\" target=\"_blank\">La Fabrique \u00c9cologique<\/a>.<\/p>\n\n\n\n<h2 class=\"wp-block-heading\">P\u00e9kin et sa chasse aux plastiques \u00e0 usage unique<\/h2>\n\n\n\n<p>Mais qu\u2019est-ce qui laisse penser que les r\u00e9gimes autoritaires sont plus \u00e0 m\u00eame de r\u00e9pondre aux enjeux environnementaux&nbsp;?&nbsp;C\u2019est la premi\u00e8re question que soul\u00e8ve la Fabrique Ecologique dans<a href=\"https:\/\/www.lafabriqueecologique.fr\/gouverner-la-transition-ecologique-democratie-ou-autoritarisme\/\" target=\"_blank\" rel=\"noreferrer noopener\">&nbsp;une note publi\u00e9e mercredi soir&nbsp;<\/a>et r\u00e9dig\u00e9e par un groupe de travail pr\u00e9sid\u00e9, pendant un an, par Eric Vidalenc.<\/p>\n\n\n\n<p>Souvent, la r\u00e9ponse fuse&nbsp;:&nbsp;<a href=\"https:\/\/www.20minutes.fr\/planete\/2198263-20180109-chine-partenaire-credible-lutte-contre-changement-climatique\">La Chine et les plans ambitieux&nbsp;<\/a>qu\u2019elle lance, ces derni\u00e8res ann\u00e9es, dans les \u00e9nergies renouvelables, la lutte contre la pollution de l\u2019air, la pr\u00e9servation de la biodiversit\u00e9\u2026 Le 20 janvier dernier, elle a ouvert aussi, avec fracas,&nbsp;<a href=\"https:\/\/www.la-croix.com\/Economie\/Chine-prend-plastiques-usage-unique-2020-01-20-1301072849\" target=\"_blank\" rel=\"noreferrer noopener\">sa chasse au plastique \u00e0 usage unique.&nbsp;<\/a>Jusque-l\u00e0 discret sur ce sujet, P\u00e9kin a pr\u00e9sent\u00e9 un plan sur cinq ans qui vise \u00e0 r\u00e9duire de 30&nbsp;% l\u2019utilisation de plastique dans le pays en cinq ans. Il pr\u00e9voit, d\u00e8s la fin 2020, l\u2019interdiction des sacs plastiques dans toutes les grandes villes et celle des couverts en plastique&nbsp;\u00e0 usage unique dans la restauration d\u00e8s la fin de l\u2019ann\u00e9e. Des r\u00e9gions tr\u00e8s peupl\u00e9es, comme les villes de P\u00e9kin et de Shanghai ou la&nbsp;<a href=\"https:\/\/www.google.com\/maps?q=Jiangsu&amp;rlz=1C1GCEU_frFR820FR821&amp;um=1&amp;ie=UTF-8&amp;sa=X&amp;ved=2ahUKEwj7vL7j773nAhVQ9IUKHSlNCJk4ChD8BSgBegQIDBAD\" target=\"_blank\" rel=\"noreferrer noopener\">province de Jiangsu<\/a>&nbsp;interdiront aussi l\u2019usage des emballages non biod\u00e9gradables \u00e0 partir de la fin 2022.<\/p>\n\n\n\n<p>Ce plan chinois renvoie forc\u00e9ment \u00e0 la loi anti-gaspillage tout juste vot\u00e9e en France et qui ambitionne<a href=\"https:\/\/www.20minutes.fr\/planete\/2699155-20200121-publier-projet-loi-anti-gaspillage-voulions-juste-supprimer-serie-plastiques-dit-brune-poirson\">\u00a0de nous sortir \u00ab\u00a0d\u2019une soci\u00e9t\u00e9 du tout jetable\u00a0\u00bb<\/a>. Sur Twitter, des internautes n\u2019ont pas manqu\u00e9 de faire le parall\u00e8le, pour demander au gouvernement d\u2019avancer la date de sortie d\u00e9finitive\u00a0<a href=\"https:\/\/www.20minutes.fr\/planete\/2671251-20191210-finir-emballage-plastique-usage-unique-assemblee-fixe-objectif-2040\">des emballages plastiques \u00e0 usage unique jug\u00e9e pr\u00e9vue pour 2040**<\/a><\/p>\n\n\n\n<h2 class=\"wp-block-heading\">La Chine, \u00ab&nbsp;le contre-exemple&nbsp;\u00bb<\/h2>\n\n\n\n<p>Pourtant, pour&nbsp;<a href=\"https:\/\/www.cairn.info\/publications-de-Jean-Paul-Mar%C3%A9chal--11381.htm\" target=\"_blank\" rel=\"noreferrer noopener\">Jean-Paul Mar\u00e9chal<\/a>, ma\u00eetre de conf\u00e9rences en science \u00e9conomique \u00e0 l\u2019universit\u00e9 Paris Sud, auteur de&nbsp;<em><a href=\"https:\/\/www.monde-diplomatique.fr\/2018\/02\/PRIOU\/58410\" target=\"_blank\" rel=\"noreferrer noopener\">La Chine face au mur de l\u2019environnement<\/a><\/em>&nbsp;(ed. CNRS), la Chine est justement le contre-exemple de cette id\u00e9e qu\u2019une dictature serait plus efficace pour mener \u00e0 bien la transition \u00e9cologique. \u00ab&nbsp;P\u00e9kin agit apr\u00e8s des ann\u00e9es de d\u00e9ni et, malgr\u00e9 tout, les \u00e9missions de gaz \u00e0 effet de serre ont augment\u00e9 ces derni\u00e8res ann\u00e9es&nbsp;\u00bb, commence-t-il.<\/p>\n\n\n\n<p>Surtout, l\u2019\u00e9conomiste invite \u00e0 se pencher sur les motivations des autorit\u00e9s chinoises \u00e0 s\u2019emparer du sujet. \u00ab&nbsp;Le pays part de tr\u00e8s loin. La pollution de l\u2019air cause 1,6&nbsp;million de morts chaque ann\u00e9e, 20&nbsp;% des eaux sont impropres \u00e0 la consommation, les sols sont en mauvais \u00e9tat\u2026. Or m\u00eame une dictature, pour exister, doit s\u2019appuyer sur des groupes sociaux relais.&nbsp;\u00bb Notamment la classe moyenne naissante qui demande justement \u00e0 vivre dans un environnement plus sain. Eric Vidalenc rappelle alors le r\u00f4le des&nbsp;<a href=\"https:\/\/www.novethic.fr\/actualite\/environnement\/pollution\/isr-rse\/en-chine-500-manifestations-quotidiennes-contre-la-pollution-143976.html\" target=\"_blank\" rel=\"noreferrer noopener\">nombreuses manifestations citoyennes<\/a>&nbsp;dans la prise en compte par P\u00e9kin, du fl\u00e9au des&nbsp;<a href=\"https:\/\/www.20minutes.fr\/planete\/1988327-20170102-pekin-nouvel-episode-airpocalypse-capitale-chinoise\">\u00ab&nbsp;airpocalypses&nbsp;\u00bb<\/a>, \u00ab&nbsp;un m\u00e9canisme qui rel\u00e8ve justement plus de la d\u00e9mocratie&nbsp;\u00bb.<\/p>\n\n\n\n<p>Enfin, il y a les annonces de P\u00e9kin\u2026 et leurs applications concr\u00e8tes. A la pr\u00e9sentation&nbsp;du plan de lutte contre les plastiques \u00e0 usage unique, l\u2019\u00e9cologiste Ma Jun, \u00e0 la t\u00eate de l\u2019Institut des affaires publiques et environnementales (IPE), financ\u00e9 par des dons priv\u00e9s, soulignait ainsi que \u00ab&nbsp;sa mise en place restait \u00e0 d\u00e9montrer&nbsp;\u00bb.<\/p>\n\n\n\n<p><a href=\"http:\/\/www.inalco.fr\/enseignant-chercheur\/jean-francois-huchet\" target=\"_blank\" rel=\"noreferrer noopener\">Jean-Fran\u00e7ois Huchet<\/a>, professeur d\u2019\u00e9conomie et pr\u00e9sident de l\u2019&nbsp;<a href=\"http:\/\/www.inalco.fr\/\" target=\"_blank\" rel=\"noreferrer noopener\">Inalco (Institut national des langues et civilisations orientales)<\/a>, auteur de&nbsp;<em><a href=\"https:\/\/journals.openedition.org\/lectures\/22169\" target=\"_blank\" rel=\"noreferrer noopener\">La crise environnementale en Chine<\/a><\/em>(ed. Presse de Science Po) d\u00e9construit une vision de la Chine comme un unique bloc monolithique ob\u00e9issant au doigt et \u00e0 l\u2019\u0153il \u00e0 P\u00e9kin.&nbsp;\u00ab&nbsp;Il y a aussi en Chine des lobbies tr\u00e8s puissants qui ne trouvent pas toujours leurs int\u00e9r\u00eats dans les politiques du gouvernement, et les relations entre le pouvoir central et les gouvernements des diff\u00e9rentes provinces sont par ailleurs d\u2019une extr\u00eame complexit\u00e9, d\u00e9taille-t-il. D\u2019o\u00f9 ces d\u00e9calages fr\u00e9quents entre&nbsp;les d\u00e9cisions prises par P\u00e9kin et leurs concr\u00e9tisations sur le terrain.&nbsp;\u00bb<\/p>\n\n\n\n<h2 class=\"wp-block-heading\">\u00ab&nbsp;Besoin de justice et de participation&nbsp;\u00bb<\/h2>\n\n\n\n<p>Pour Lucile Schmid, la tentation de la dictature verte est alors \u00ab&nbsp;la solution de facilit\u00e9 face \u00e0 un probl\u00e8me complexe et urgent qu\u2019est l\u2019\u00e9cologie, glisse-t-elle. Mais d\u2019une part, rien ne garantit&nbsp;que de tels r\u00e9gimes s\u2019engagent de fa\u00e7on continue et sur le long terme en faveur de la transition \u00e9cologique. D\u2019autre part, l\u2019autoritarisme bride la capacit\u00e9 d\u2019initiative, de penser, de cr\u00e9er.&nbsp;\u00bb<\/p>\n\n\n\n<p>\u00ab&nbsp;Or, on en a besoin pour mener \u00e0 bien la transition \u00e9cologique, poursuit&nbsp;Eric Vidalenc.&nbsp;Croire qu\u2019on a d\u00e9j\u00e0 sous la&nbsp;main&nbsp;toutes les solutions techniques pour la&nbsp;mener \u00e0 bien est un leurre. Et comme ces solutions sont aujourd\u2019hui insuffisantes, il nous faut aussi nous pencher sur nos modes de vie. L\u00e0 encore, cette r\u00e9flexion exige de la d\u00e9mocratie.&nbsp;\u00bb L\u2019\u00e9conomiste renvoie \u00e0 une \u00e9tude de l\u2019Ademe qui avait demand\u00e9 \u00e0 un panel de Fran\u00e7ais \u00e0 quelles conditions ils accepteraient des changements importants dans leurs modes de vies. \u00ab&nbsp;Deux notions ressortaient dans les r\u00e9ponses, pr\u00e9cise-t-il.&nbsp;La justice [que ces changements soient justes] et la participation [qu\u2019ils soient impliqu\u00e9s en amont dans la r\u00e9flexion].&nbsp;\u00bb<\/p>\n\n\n\n<h2 class=\"wp-block-heading\">\u00ab&nbsp;Repenser le projet politique&nbsp;\u00bb<\/h2>\n\n\n\n<p>Sans surprise, pour \u00ab&nbsp;gouverner la transition \u00e9cologique&nbsp;\u00bb, la note appelle alors \u00e0 renforcer la d\u00e9mocratie. La Fabrique \u00e9cologique d\u00e9gage trois pistes. Celle d\u2019abord de d\u00e9finir un nouveau projet politique plus \u00e0 m\u00eame de r\u00e9pondre aux enjeux environnementaux. \u00ab&nbsp;L\u2019\u00e9cologie n\u2019a jamais \u00e9t\u00e9 mise au c\u0153ur de nos institutions, nous sommes toujours \u00e0 la recherche de la bonne mani\u00e8re d\u2019articuler les deux, note Lucile Schmid. Il y a un d\u00e9calage entre l\u2019\u00e9cologie de l\u2019expertise, port\u00e9e par les politiques publiques, et l\u2019\u00e9cologie des initiatives citoyennes. Elles ne sont pas port\u00e9es par les m\u00eames personnes, n\u2019ont pas le m\u00eame vocabulaire, le m\u00eame agenda\u2026 et donc communiquent mal.&nbsp;\u00bb<\/p>\n\n\n\n<p>La deuxi\u00e8me piste est celle de ramener de la justice dans la prise de d\u00e9cisions. La Fabrique Ecologique prend alors l\u2019exemple de la<a href=\"https:\/\/www.20minutes.fr\/planete\/2449763-20190213-grand-debat-national-occasion-or-pencher-taxe-carbone\">&nbsp;taxe carbone<\/a>&nbsp;dont le rejet sera le point de d\u00e9part du mouvement des&nbsp;<a href=\"https:\/\/www.20minutes.fr\/societe\/gilets-jaunes\/\">Gilets jaunes<\/a>, mais pointe aussi la n\u00e9cessit\u00e9 de r\u00e9organiser la gouvernance au sein des entreprises avec la pr\u00e9sence de relais de l\u2019int\u00e9r\u00eat g\u00e9n\u00e9ral qui permettraient de r\u00e9aligner les int\u00e9r\u00eats \u00e9conomiques avec les objectifs gouvernementaux.<\/p>\n\n\n\n<h2 class=\"wp-block-heading\">La convention citoyenne \u00e0 surveiller de pr\u00e8s<\/h2>\n\n\n\n<p>Enfin, la note pose la question des nouvelles formes de participation au d\u00e9bat public et de la n\u00e9cessit\u00e9 de renforcer la m\u00e9diation science-soci\u00e9t\u00e9 pour mieux \u00e9clairer les citoyens sur les sujets environnementaux. Sur ce volet, la cr\u00e9ation en France, en novembre&nbsp;2018 d\u2019un<a href=\"https:\/\/www.20minutes.fr\/planete\/2549235-20190625-emissions-taxe-carbone-transports-internationaux-haut-conseil-climat-rend-premier-rapport\">&nbsp;haut conseil pour le climat \u2013 compos\u00e9 de treize experts des questions climatiques<\/a>, et charg\u00e9 d\u2019apporter un regard ind\u00e9pendant sur les politiques climatiques de la France, va dans le bon sens, se f\u00e9licite la Fabrique \u00e9cologique.<\/p>\n\n\n\n<p>De m\u00eame que la&nbsp;<a href=\"https:\/\/www.20minutes.fr\/planete\/2620563-20191004-convention-citoyenne-climat-grands-debuts-experience-democratie-inedite\">convention citoyenne pour le climat<\/a>, une assembl\u00e9e de 150 citoyens tir\u00e9s au sort et qui travaille depuis le 4&nbsp;octobre sur des solutions pour baisser de 40&nbsp;% nos \u00e9missions de gaz \u00e0 effet de serre d\u2019ici \u00e0 2030. La convention entame, ce vendredi, son cinqui\u00e8me week-end de travail \u00e0 Paris. Ses conclusions sont attendues courant avril. \u00ab&nbsp;On suit l\u2019exp\u00e9rience de pr\u00e8s&nbsp;\u00bb, assure Eric Vidalenc.<\/p>\n\n\n\n<p><\/p>\n\n\n\n<p><\/p>\n","protected":false},"excerpt":{"rendered":"<p>Face \u00e0 l\u2019urgence \u00e9cologique et \u00e0 l\u2019heure o\u00f9 la d\u00e9mocratie traverse une crise de&nbsp;l\u00e9gitimit\u00e9, pointe l\u2019id\u00e9e qu\u2019un r\u00e9gime autoritaire serait plus qualifi\u00e9 pour mener \u00e0 bien la transition \u00e9cologique dans les temps impartis Le think-tank La Fabrique Ecologique d\u00e9construit cette tentation de la dictature verte, en s\u2019appuyant notamment sur la Chine, un contre-exemple en la [&hellip;]<\/p>\n","protected":false},"author":2,"featured_media":14551,"comment_status":"open","ping_status":"open","sticky":false,"template":"","format":"standard","meta":{"_jetpack_memberships_contains_paid_content":false,"footnotes":"","jetpack_publicize_message":"","jetpack_publicize_feature_enabled":true,"jetpack_social_post_already_shared":true,"jetpack_social_options":{"image_generator_settings":{"template":"highway","default_image_id":0,"font":"","enabled":false},"version":2},"_wpas_customize_per_network":false},"categories":[14],"tags":[],"class_list":["post-14550","post","type-post","status-publish","format-standard","has-post-thumbnail","hentry","category-actu-meteo"],"jetpack_publicize_connections":[],"jetpack_featured_media_url":"https:\/\/i0.wp.com\/www.iceagetv.com\/radiosite\/wp-content\/uploads\/2020\/02\/Quel-r%C3%A9gime-faut-il-adopter-pour-r%C3%A9ussir-la-transition-%C3%A9cologique.jpg?fit=656%2C401&ssl=1","jetpack_sharing_enabled":true,"_links":{"self":[{"href":"https:\/\/www.iceagetv.com\/radiosite\/wp-json\/wp\/v2\/posts\/14550","targetHints":{"allow":["GET"]}}],"collection":[{"href":"https:\/\/www.iceagetv.com\/radiosite\/wp-json\/wp\/v2\/posts"}],"about":[{"href":"https:\/\/www.iceagetv.com\/radiosite\/wp-json\/wp\/v2\/types\/post"}],"author":[{"embeddable":true,"href":"https:\/\/www.iceagetv.com\/radiosite\/wp-json\/wp\/v2\/users\/2"}],"replies":[{"embeddable":true,"href":"https:\/\/www.iceagetv.com\/radiosite\/wp-json\/wp\/v2\/comments?post=14550"}],"version-history":[{"count":1,"href":"https:\/\/www.iceagetv.com\/radiosite\/wp-json\/wp\/v2\/posts\/14550\/revisions"}],"predecessor-version":[{"id":14552,"href":"https:\/\/www.iceagetv.com\/radiosite\/wp-json\/wp\/v2\/posts\/14550\/revisions\/14552"}],"wp:featuredmedia":[{"embeddable":true,"href":"https:\/\/www.iceagetv.com\/radiosite\/wp-json\/wp\/v2\/media\/14551"}],"wp:attachment":[{"href":"https:\/\/www.iceagetv.com\/radiosite\/wp-json\/wp\/v2\/media?parent=14550"}],"wp:term":[{"taxonomy":"category","embeddable":true,"href":"https:\/\/www.iceagetv.com\/radiosite\/wp-json\/wp\/v2\/categories?post=14550"},{"taxonomy":"post_tag","embeddable":true,"href":"https:\/\/www.iceagetv.com\/radiosite\/wp-json\/wp\/v2\/tags?post=14550"}],"curies":[{"name":"wp","href":"https:\/\/api.w.org\/{rel}","templated":true}]}}