{"id":14559,"date":"2020-02-08T08:38:28","date_gmt":"2020-02-08T08:38:28","guid":{"rendered":"http:\/\/www.iceagetv.com\/radiosite\/?p=14559"},"modified":"2020-02-08T08:38:28","modified_gmt":"2020-02-08T08:38:28","slug":"election-les-irlandais-aux-urnes-lavenir-du-premier-ministre-en-jeu","status":"publish","type":"post","link":"https:\/\/www.iceagetv.com\/radiosite\/election-les-irlandais-aux-urnes-lavenir-du-premier-ministre-en-jeu\/","title":{"rendered":"Election: Les Irlandais aux urnes, l\u2019avenir du Premier ministre en jeu"},"content":{"rendered":"\n<p>Le Premier ministre Leo Varadkar joue samedi son avenir \u00e0 la t\u00eate de l\u2019<a href=\"https:\/\/www.20minutes.fr\/dossier\/irlande\">Irlande<\/a>. Des l\u00e9gislatives qui s\u2019annoncent difficiles, au terme d\u2019une campagne o\u00f9 les questions int\u00e9rieures ont pris le pas sur le&nbsp;<a href=\"https:\/\/www.20minutes.fr\/monde\/brexit\/\">Brexit<\/a>, vont en effet se tenir \u00e0 partir de 7H00.<\/p>\n\n\n\n<h2 class=\"wp-block-heading\">Miser uniquement sur le Brexit \u00e9tait \u00ab&nbsp;un mauvais calcul&nbsp;\u00bb<\/h2>\n\n\n\n<p>Une semaine apr\u00e8s la sortie du Royaume-Uni de l\u2019<a href=\"https:\/\/www.20minutes.fr\/dossier\/ue\">Union europ\u00e9enne<\/a>, l\u2019Irlande et ses 4,9\u00a0millions d\u2019habitants se trouvent en premi\u00e8re ligne. Le pays est le seul de l\u2019UE \u00e0 partager une fronti\u00e8re terrestre avec le voisin britannique, et les liens \u00e9conomiques entre les deux pays sont \u00e9troits. Des discussions commerciales avec l\u2019UE approchent, aux cons\u00e9quences consid\u00e9rables sur les \u00e9changes sur l\u2019\u00eele. Et Leo Varadkar a mis en avant son r\u00f4le dans la mise au point d\u2019une solution \u00e9vitant le retour \u00e0 une fronti\u00e8re physique entre les deux Irlande dans l\u2019accord de Brexit.<\/p>\n\n\n\n<p>Cependant, miser sur cette image lors de la campagne \u00e9lectorale \u00e9tait \u00ab&nbsp;un mauvais calcul&nbsp;\u00bb pour l\u2019actuel Premier ministre, estime Eoin O\u2019Malley, professeur \u00e0 la Dublin City University. \u00ab&nbsp;Le probl\u00e8me pour la plupart des gens c\u2019est le temps qu\u2019ils passent dans les transports pour aller travailler, qu\u2019ils n\u2019ont pas les moyens d\u2019acheter leur logement et qu\u2019ils ont \u00e0 peine les moyens de payer le loyer&nbsp;\u00bb. Jeune (41 ans), m\u00e9tis, homosexuel, incarnant une Irlande autrefois tr\u00e8s catholique qui se modernise, le chef de gouvernement voit ainsi apr\u00e8s presque trois ans au pouvoir sa popularit\u00e9 s\u2019\u00e9mousser.<\/p>\n\n\n\n<p>Selon un sondage publi\u00e9 en d\u00e9but de semaine, le parti du Premier ministre, le Fine Gael, arriverait en troisi\u00e8me position, avec 20\u00a0% des intentions de vote. Il serait devanc\u00e9 par son grand rival, le Fianna Fail, \u00e9galement de centre droit. Depuis l\u2019ind\u00e9pendance il y a un si\u00e8cle, le paysage politique irlandais est domin\u00e9 par ces deux partis, qui\u00a0gouvernent le pays alternativement ou en coalition comme actuellement. Mais cette fois, les cartes pourraient \u00eatre rebattues. Dans ce sondage en effet, la surprise est venue du Sinn Fein, l\u2019ancienne vitrine politique de l\u2019Arm\u00e9e r\u00e9publicaine irlandaise (IRA), donn\u00e9 en t\u00eate, avec 25\u00a0% des suffrages. \u00ab\u00a0Personne n\u2019avait anticip\u00e9\u00a0\u00bb, a reconnu vendredi Leo Varadkar. <\/p>\n\n\n\n<h2 class=\"wp-block-heading\">Le jeu des alliances<\/h2>\n\n\n\n<p>La pr\u00e9sidente du Sinn Fein, Mary Lou McDonald, veut un r\u00e9f\u00e9rendum sur l\u2019unification de l\u2019Irlande avec la province britannique du nord dans les cinq ans. Et ses propositions pour b\u00e2tir des logements, un des th\u00e8mes majeurs dans la campagne, trouvent un \u00e9cho particulier aupr\u00e8s d\u2019un \u00e9lectorat jeune et urbain. Mais dans les faits, les chances de la voir acc\u00e9der au pouvoir \u00e0 l\u2019issue de ces \u00e9lections sont extr\u00eamement faibles. Son parti nationaliste de gauche ne pr\u00e9sente que 42 candidats pour 160 si\u00e8ges de d\u00e9put\u00e9s \u00e0 la chambre basse du Parlement irlandais. De plus, Fine Gael comme Fianna Fail excluent toute alliance avec un parti au pass\u00e9 sulfureux, vu&nbsp;<a href=\"https:\/\/www.20minutes.fr\/monde\/79052-20060405-monde-irlande-les-grandes-dates-du-processus-de-paix\">ses liens avec l\u2019IRA, organisation paramilitaire oppos\u00e9e \u00e0 la pr\u00e9sence britannique en Irlande du Nord<\/a>.<\/p>\n\n\n\n<p>Une fois les r\u00e9sultats officiels connus, commenceront les tractations pour former un gouvernement de coalition, \u00e0 moins qu\u2019un parti ne parvienne \u00e0 d\u00e9crocher 80 si\u00e8ges, sc\u00e9nario hautement improbable. Apr\u00e8s les derni\u00e8res \u00e9lections en 2016, il avait fallu 70 jours pour que les deux grands partis s\u2019accordent pour former un gouvernement.<\/p>\n\n\n\n<p><\/p>\n\n\n\n<p><\/p>\n","protected":false},"excerpt":{"rendered":"<p>Le Premier ministre Leo Varadkar joue samedi son avenir \u00e0 la t\u00eate de l\u2019Irlande. Des l\u00e9gislatives qui s\u2019annoncent difficiles, au terme d\u2019une campagne o\u00f9 les questions int\u00e9rieures ont pris le pas sur le&nbsp;Brexit, vont en effet se tenir \u00e0 partir de 7H00. Miser uniquement sur le Brexit \u00e9tait \u00ab&nbsp;un mauvais calcul&nbsp;\u00bb Une semaine apr\u00e8s la [&hellip;]<\/p>\n","protected":false},"author":2,"featured_media":14560,"comment_status":"open","ping_status":"open","sticky":false,"template":"","format":"standard","meta":{"_jetpack_memberships_contains_paid_content":false,"footnotes":"","jetpack_publicize_message":"","jetpack_publicize_feature_enabled":true,"jetpack_social_post_already_shared":true,"jetpack_social_options":{"image_generator_settings":{"template":"highway","default_image_id":0,"font":"","enabled":false},"version":2},"_wpas_customize_per_network":false},"categories":[405],"tags":[2740],"class_list":["post-14559","post","type-post","status-publish","format-standard","has-post-thumbnail","hentry","category-actu-france-monde","tag-les-irlandais-aux-urnes"],"jetpack_publicize_connections":[],"jetpack_featured_media_url":"https:\/\/i0.wp.com\/www.iceagetv.com\/radiosite\/wp-content\/uploads\/2020\/02\/Les-Irlandais-aux-urnes-l%E2%80%99avenir-du-Premier-ministre-en-jeu.jpg?fit=646%2C407&ssl=1","jetpack_sharing_enabled":true,"_links":{"self":[{"href":"https:\/\/www.iceagetv.com\/radiosite\/wp-json\/wp\/v2\/posts\/14559","targetHints":{"allow":["GET"]}}],"collection":[{"href":"https:\/\/www.iceagetv.com\/radiosite\/wp-json\/wp\/v2\/posts"}],"about":[{"href":"https:\/\/www.iceagetv.com\/radiosite\/wp-json\/wp\/v2\/types\/post"}],"author":[{"embeddable":true,"href":"https:\/\/www.iceagetv.com\/radiosite\/wp-json\/wp\/v2\/users\/2"}],"replies":[{"embeddable":true,"href":"https:\/\/www.iceagetv.com\/radiosite\/wp-json\/wp\/v2\/comments?post=14559"}],"version-history":[{"count":1,"href":"https:\/\/www.iceagetv.com\/radiosite\/wp-json\/wp\/v2\/posts\/14559\/revisions"}],"predecessor-version":[{"id":14561,"href":"https:\/\/www.iceagetv.com\/radiosite\/wp-json\/wp\/v2\/posts\/14559\/revisions\/14561"}],"wp:featuredmedia":[{"embeddable":true,"href":"https:\/\/www.iceagetv.com\/radiosite\/wp-json\/wp\/v2\/media\/14560"}],"wp:attachment":[{"href":"https:\/\/www.iceagetv.com\/radiosite\/wp-json\/wp\/v2\/media?parent=14559"}],"wp:term":[{"taxonomy":"category","embeddable":true,"href":"https:\/\/www.iceagetv.com\/radiosite\/wp-json\/wp\/v2\/categories?post=14559"},{"taxonomy":"post_tag","embeddable":true,"href":"https:\/\/www.iceagetv.com\/radiosite\/wp-json\/wp\/v2\/tags?post=14559"}],"curies":[{"name":"wp","href":"https:\/\/api.w.org\/{rel}","templated":true}]}}