{"id":14567,"date":"2020-02-08T12:17:25","date_gmt":"2020-02-08T12:17:25","guid":{"rendered":"http:\/\/www.iceagetv.com\/radiosite\/?p=14567"},"modified":"2020-02-08T12:17:25","modified_gmt":"2020-02-08T12:17:25","slug":"coronavirus-2019-ncov-ce-que-lon-sait-des-cinq-nouveaux-cas-identifies-en-france","status":"publish","type":"post","link":"https:\/\/www.iceagetv.com\/radiosite\/coronavirus-2019-ncov-ce-que-lon-sait-des-cinq-nouveaux-cas-identifies-en-france\/","title":{"rendered":"Coronavirus 2019-nCoV : ce que l&rsquo;on sait des cinq nouveaux cas identifi\u00e9s en France"},"content":{"rendered":"\n<p> Les autorit\u00e9s sanitaires fran\u00e7aises en alerte. La\u00a0ministre de la Sant\u00e9, Agn\u00e8s Buzyn, a annonc\u00e9 cinq nouveaux cas de personnes\u00a0atteintes\u00a0par le\u00a0<a rel=\"noreferrer noopener\" href=\"https:\/\/www.francetvinfo.fr\/sante\/maladie\/coronavirus\/\" target=\"_blank\">coronavirus 2019-nCoV<\/a>\u00a0en France,\u00a0samedi 8 f\u00e9vrier. Il s&rsquo;agit de quatre adultes et d&rsquo;un enfant, a-t-elle pr\u00e9cis\u00e9.\u00a0<em>\u00ab\u00a0Leur \u00e9tat clinique ne pr\u00e9sente aucun signe de gravit\u00e9\u00a0\u00bb<\/em>, a\u00a0pr\u00e9cis\u00e9 Agn\u00e8s\u00a0Buzyn. Ces cinq nouveaux cas s&rsquo;ajoutent aux six relev\u00e9s jusqu&rsquo;\u00e0 pr\u00e9sent sur le territoire fran\u00e7ais.\u00a0Ces six personnes\u00a0sont toujours hospitalis\u00e9es mais la plupart vont mieux. <\/p>\n\n\n\n<h2 class=\"wp-block-heading\">Qui sont les personnes contamin\u00e9es ?<\/h2>\n\n\n\n<p>Leur identit\u00e9 n&rsquo;a pas \u00e9t\u00e9 r\u00e9v\u00e9l\u00e9e, mais Agn\u00e8s Buzyn a indiqu\u00e9 qu&rsquo;il s&rsquo;agissait d&rsquo;un groupe de personnes&nbsp;qui s\u00e9journait dans un chalet en Haute-Savoie.&nbsp;A l&rsquo;origine de cette contamination,&nbsp;un ressortissant britannique de retour de Singapour&nbsp;<em>\u00ab\u00a0o\u00f9 il avait s\u00e9journ\u00e9 du 20 au 23 janvier\u00a0\u00bb<\/em>.&nbsp;<em>\u00ab\u00a0Il est arriv\u00e9 le 24 janvier en France pour quatre jours, il a s\u00e9journ\u00e9 dans la commune des&nbsp;<a href=\"https:\/\/www.google.fr\/maps\/place\/74170+Les+Contamines-Montjoie\/@45.7558267,6.1686291,9z\/data=!4m5!3m4!1s0x47895a2b6090701b:0xfb8a97d508f382dd!8m2!3d45.822746!4d6.726553\" target=\"_blank\" rel=\"noreferrer noopener\">Contamines-Montjoie<\/a>\u00ab\u00a0<\/em>, en Haute-Savoie, a-t-elle pr\u00e9cis\u00e9. Les cinq personnes concern\u00e9es sont de nationalit\u00e9 britannique, a pr\u00e9cis\u00e9 la ministre.<\/p>\n\n\n\n<p>Le chalet \u00e9tait&nbsp;<em>\u00ab\u00a0isol\u00e9\u00a0\u00bb<\/em>, a soulign\u00e9, de son c\u00f4t\u00e9,&nbsp;J\u00e9r\u00f4me Salomon, le directeur g\u00e9n\u00e9ral de la Sant\u00e9. Dans le d\u00e9tail,&nbsp;<em>\u00ab\u00a0deux appartements ont \u00e9t\u00e9 investigu\u00e9s dans ce chalet\u00a0\u00bb<\/em>, a-t-il expliqu\u00e9. Dans le premier, les autorit\u00e9s sanitaires ont&nbsp;\u00e9tabli la pr\u00e9sence de touristes anglais, uniquement des adultes,&nbsp;<em>\u00ab\u00a0avec des sympt\u00f4mes mineurs\u00a0\u00bb<\/em>. Trois personnes&nbsp;ont \u00e9t\u00e9&nbsp;atteintes&nbsp;par le&nbsp;coronavirus.<\/p>\n\n\n\n<p>Dans le deuxi\u00e8me appartement de ce chalet, les autorit\u00e9s ont&nbsp;\u00e9tabli la pr\u00e9sence d&rsquo;un p\u00e8re et de trois enfants. Le p\u00e8re et l&rsquo;un de ses enfants, qui pr\u00e9sentent des&nbsp;<em>\u00ab\u00a0sympt\u00f4mes mineurs\u00a0\u00bb<\/em>,&nbsp;ont \u00e9t\u00e9 identifi\u00e9s comme des cas positifs.<\/p>\n\n\n\n<h2 class=\"wp-block-heading\">Comment ont-elles \u00e9t\u00e9 prises en charge ?<\/h2>\n\n\n\n<p>Au total, onze personnes (toutes de nationalit\u00e9 britanniques) ont \u00e9t\u00e9 hospitalis\u00e9es dans la nuit de vendredi \u00e0 samedi, dans trois h\u00f4pitaux&nbsp;: aux CHU de Lyon, de Saint-Etienne et de Grenoble.Parmi ces onze personnes se trouvent les cinq cas positifs av\u00e9r\u00e9s et les personnes ayant eu des contacts rapproch\u00e9s et prolong\u00e9s avec le ressortissant britannique de retour de Singapour. Toutes ces personnes&nbsp;<em>\u00ab\u00a0r\u00e9sidaient dans le m\u00eame chalet<\/em><em>\u00a0\u00bb&nbsp;<\/em>aux&nbsp;Contamines-Montjoie,a insist\u00e9 la ministre.&nbsp;<em>\u00ab\u00a0Leur \u00e9tat clinique ne pr\u00e9sente aucun signe de gravit\u00e9\u00a0\u00bb<\/em>, a pr\u00e9cis\u00e9&nbsp;Agn\u00e8s Buzyn.<\/p>\n\n\n\n<p>Une cellule de crise a \u00e9t\u00e9 activ\u00e9e par la&nbsp; r\u00e9gion Auvergne-Rh\u00f4ne-Alpes et un num\u00e9ro sp\u00e9cial (0 800 100 379) a \u00e9t\u00e9 ouvert pour r\u00e9pondre aux questions des personnes&nbsp;<em>\u00ab\u00a0directement concern\u00e9es par ces nouveaux cas de contamination\u00a0\u00bb<\/em>.<\/p>\n\n\n\n<p><em>\u00ab\u00a0Les contacts \u00e0 hauts risques sont ceux qui sont rest\u00e9s \u00e0 moins d&rsquo;un m\u00e8tre, pendant une dur\u00e9e prolong\u00e9e, des personnes contamin\u00e9es<\/em>, a insist\u00e9&nbsp;J\u00e9r\u00f4me Salomon.&nbsp;<em>\u00ab\u00a0Ce sont vraiment les personnes qui partagent la m\u00eame chambre, le m\u00eame repas, le m\u00eame lieu, ou des amis proches\u00a0\u00bb<\/em>&nbsp;des personnes diagnostiqu\u00e9es positives au coronavirus 2019-nCoV.<\/p>\n\n\n\n<h2 class=\"wp-block-heading\">O\u00f9 en est l&rsquo;enqu\u00eate sur cette contamination ?<\/h2>\n\n\n\n<p><em>\u00ab\u00a0Nous avons une investigation internationale qui est lanc\u00e9e\u00a0\u00bb<\/em>, a d\u00e9clar\u00e9 le directeur g\u00e9n\u00e9ral de la Sant\u00e9.&nbsp;<em>\u00ab\u00a0Nous avons des relations \u00e9troites avec les autorit\u00e9s de Singapour qui investiguent actuellement une r\u00e9union professionnelle qui se serait tenue \u00e0 Singapour du 20 au 22 janvier, au cours de laquelle 94&nbsp;\u00e9trangers ont \u00e9t\u00e9 regroup\u00e9s dans un h\u00f4tel\u00a0\u00bb<\/em>, a-t-il indiqu\u00e9.<\/p>\n\n\n\n<p>Des personnes venant de la province de Hubei, foyer chinois de l&rsquo;\u00e9pid\u00e9mie de ce nouveau coronavirus, ont particip\u00e9 \u00e0 cet \u00e9v\u00e9nement professionnel. J\u00e9r\u00f4me Salomon ajoute que la Malaisie et la Cor\u00e9e du Sud ont aussi rapport\u00e9 des cas confirm\u00e9s, le 4 et le 5 f\u00e9vrier, de personnes ayant pris part \u00e0 cette r\u00e9union \u00e0 Singapour.<\/p>\n\n\n\n<p><\/p>\n","protected":false},"excerpt":{"rendered":"<p>Les autorit\u00e9s sanitaires fran\u00e7aises en alerte. La\u00a0ministre de la Sant\u00e9, Agn\u00e8s Buzyn, a annonc\u00e9 cinq nouveaux cas de personnes\u00a0atteintes\u00a0par le\u00a0coronavirus 2019-nCoV\u00a0en France,\u00a0samedi 8 f\u00e9vrier. Il s&rsquo;agit de quatre adultes et d&rsquo;un enfant, a-t-elle pr\u00e9cis\u00e9.\u00a0\u00ab\u00a0Leur \u00e9tat clinique ne pr\u00e9sente aucun signe de gravit\u00e9\u00a0\u00bb, a\u00a0pr\u00e9cis\u00e9 Agn\u00e8s\u00a0Buzyn. Ces cinq nouveaux cas s&rsquo;ajoutent aux six relev\u00e9s jusqu&rsquo;\u00e0 pr\u00e9sent sur [&hellip;]<\/p>\n","protected":false},"author":2,"featured_media":14568,"comment_status":"open","ping_status":"open","sticky":false,"template":"","format":"standard","meta":{"_jetpack_memberships_contains_paid_content":false,"footnotes":"","jetpack_publicize_message":"","jetpack_publicize_feature_enabled":true,"jetpack_social_post_already_shared":true,"jetpack_social_options":{"image_generator_settings":{"template":"highway","default_image_id":0,"font":"","enabled":false},"version":2},"_wpas_customize_per_network":false},"categories":[405],"tags":[],"class_list":["post-14567","post","type-post","status-publish","format-standard","has-post-thumbnail","hentry","category-actu-france-monde"],"jetpack_publicize_connections":[],"jetpack_featured_media_url":"https:\/\/i0.wp.com\/www.iceagetv.com\/radiosite\/wp-content\/uploads\/2020\/02\/ce-que-lon-sait-des-cinq-nouveaux-cas-identifi%C3%A9s-en-France.jpg?fit=1198%2C450&ssl=1","jetpack_sharing_enabled":true,"_links":{"self":[{"href":"https:\/\/www.iceagetv.com\/radiosite\/wp-json\/wp\/v2\/posts\/14567","targetHints":{"allow":["GET"]}}],"collection":[{"href":"https:\/\/www.iceagetv.com\/radiosite\/wp-json\/wp\/v2\/posts"}],"about":[{"href":"https:\/\/www.iceagetv.com\/radiosite\/wp-json\/wp\/v2\/types\/post"}],"author":[{"embeddable":true,"href":"https:\/\/www.iceagetv.com\/radiosite\/wp-json\/wp\/v2\/users\/2"}],"replies":[{"embeddable":true,"href":"https:\/\/www.iceagetv.com\/radiosite\/wp-json\/wp\/v2\/comments?post=14567"}],"version-history":[{"count":1,"href":"https:\/\/www.iceagetv.com\/radiosite\/wp-json\/wp\/v2\/posts\/14567\/revisions"}],"predecessor-version":[{"id":14569,"href":"https:\/\/www.iceagetv.com\/radiosite\/wp-json\/wp\/v2\/posts\/14567\/revisions\/14569"}],"wp:featuredmedia":[{"embeddable":true,"href":"https:\/\/www.iceagetv.com\/radiosite\/wp-json\/wp\/v2\/media\/14568"}],"wp:attachment":[{"href":"https:\/\/www.iceagetv.com\/radiosite\/wp-json\/wp\/v2\/media?parent=14567"}],"wp:term":[{"taxonomy":"category","embeddable":true,"href":"https:\/\/www.iceagetv.com\/radiosite\/wp-json\/wp\/v2\/categories?post=14567"},{"taxonomy":"post_tag","embeddable":true,"href":"https:\/\/www.iceagetv.com\/radiosite\/wp-json\/wp\/v2\/tags?post=14567"}],"curies":[{"name":"wp","href":"https:\/\/api.w.org\/{rel}","templated":true}]}}