{"id":14573,"date":"2020-02-09T08:08:58","date_gmt":"2020-02-09T08:08:58","guid":{"rendered":"http:\/\/www.iceagetv.com\/radiosite\/?p=14573"},"modified":"2020-02-09T10:53:22","modified_gmt":"2020-02-09T10:53:22","slug":"le-plan-alerte-enlevement-declenche-pour-une-fillette-de-1-an-a-angers","status":"publish","type":"post","link":"https:\/\/www.iceagetv.com\/radiosite\/le-plan-alerte-enlevement-declenche-pour-une-fillette-de-1-an-a-angers\/","title":{"rendered":"Alerte enl\u00e8vement : \u00ab\u00a0La maman a quitt\u00e9 le foyer avec l&rsquo;enfant sans donner de signe quelconque\u00a0\u00bb, explique le procureur"},"content":{"rendered":"\n<p>Au lendemain du d\u00e9clenchement de&nbsp;<a href=\"https:\/\/www.francetvinfo.fr\/faits-divers\/enlevements\/le-plan-alerte-enlevement-declenche-pour-retrouver-vanille-un-an-enlevee-a-angers_3818189.html\" target=\"_blank\" rel=\"noreferrer noopener\">l&rsquo;alerte enl\u00e8vement pour la petite Vanille<\/a>, \u00e2g\u00e9e d&rsquo;un an, \u00c9ric Bouillard, le procureur de la R\u00e9publique d&rsquo;Angers, a donn\u00e9 \u00e0 franceinfo dimanche 9 f\u00e9vrier des pr\u00e9cisions sur les circonstances de&nbsp;<a href=\"https:\/\/www.francetvinfo.fr\/faits-divers\/enlevements\/\" target=\"_blank\" rel=\"noreferrer noopener\">l&rsquo;enl\u00e8vement<\/a>&nbsp;de la fillette. Sa m\u00e8re Nathalie Stephan, 40 ans, est suspect\u00e9e de l&rsquo;avoir enlev\u00e9 \u00e0 Angers.<\/p>\n\n\n\n<p><em>\u00ab\u00a0Vanille \u00e9tait confi\u00e9e \u00e0 sa m\u00e8re. L\u2019enfant est h\u00e9berg\u00e9e actuellement entre une famille d\u2019accueil et un foyer maternel, qui re\u00e7oit sa m\u00e8re et qui lui permet de s\u2019occuper de sa fille pendant un temps donn\u00e9. Il \u00e9tait de 48h dans la semaine, au moment o\u00f9 la fillette a disparu\u00a0\u00bb<\/em>, a expliqu\u00e9 \u00c9ric Bouillard.&nbsp;La m\u00e8re avait l&rsquo;autorisation de sortir du foyer avec sa fille, mais devait la ramener vendredi \u00e0 17h30, ce qu&rsquo;elle n&rsquo;a pas fait.&nbsp;<\/p>\n\n\n\n<p>Vanille, un an, aurait \u00e9t\u00e9 enlev\u00e9e par sa m\u00e8re vendredi apr\u00e8s-midi.\u00a0<\/p>\n\n\n\n<p>Le dispositif \u00ab&nbsp;Alerte enl\u00e8vement&nbsp;\u00bb a \u00e9t\u00e9 d\u00e9clench\u00e9 samedi soir pour une fillette de 1&nbsp;an, Vanille, qui aurait \u00e9t\u00e9 enlev\u00e9e par sa m\u00e8re \u00e0 Angers vendredi apr\u00e8s-midi.<\/p>\n\n\n\n<p>\u00ab&nbsp;Vanille, de sexe f\u00e9minin, \u00e2g\u00e9e de 1&nbsp;an, de type m\u00e9tisse, mesurant 1&nbsp;m\u00e8tre, yeux noirs, cheveux couleur brun fonc\u00e9, courts et fris\u00e9s, aurait \u00e9t\u00e9 enlev\u00e9e \u00e0 Angers (Maine et Loire), 3&nbsp;rue Lebas le 7&nbsp;f\u00e9vrier 2020, vers 17h30. Le suspect est sa m\u00e8re Nathalie Stephan, \u00e2g\u00e9e de 40&nbsp;ans, v\u00eatue d\u2019une doudoune et d\u2019un legging, et susceptible de se d\u00e9placer en transport en commun dans l\u2019agglom\u00e9ration angevine&nbsp;\u00bb,&nbsp;<a rel=\"noreferrer noopener\" href=\"http:\/\/www.alerte-enlevement.gouv.fr\/\" target=\"_blank\">d\u00e9taille cette alerte<\/a>. \u00ab&nbsp;Si vous localisez l\u2019enfant ou le suspect, n\u2019intervenez pas vous-m\u00eame, appelez imm\u00e9diatement le 197, ou envoyez un courriel \u00e0&nbsp;: alerte.enlevement@interieur.gouv.fr&nbsp;\u00bb, pr\u00e9cise l\u2019alerte accompagn\u00e9e d\u2019une photo de l\u2019enfant.<\/p>\n\n\n\n<p>Le plan \u00ab&nbsp;Alerte enl\u00e8vement&nbsp;\u00bb est un dispositif d\u2019alerte massive et imm\u00e9diate, d\u00e9ploy\u00e9 pour aider \u00e0 la recherche d\u2019un enfant pr\u00e9sum\u00e9 enlev\u00e9. Il est largement inspir\u00e9 du plan \u00ab&nbsp;Amber Alert&nbsp;\u00bb, cr\u00e9\u00e9 au Texas en 1996, apr\u00e8s l\u2019enl\u00e8vement et l\u2019assassinat de la petite Amber Hagerman.<\/p>\n\n\n\n<p>Adopt\u00e9 en France en f\u00e9vrier 2006, il consiste \u00e0 lancer en cas de rapt d\u2019enfant mineur une alerte massive pour mobiliser la population dans la recherche de l\u2019enfant enlev\u00e9 et de son ravisseur.&nbsp;<strong>Il n\u2019est activ\u00e9 que si plusieurs crit\u00e8res sont r\u00e9unis&nbsp;<\/strong>: il faut un enl\u00e8vement av\u00e9r\u00e9 et pas une simple disparition, la victime doit \u00eatre mineure et son int\u00e9grit\u00e9 physique ou sa vie doivent \u00eatre en danger; des \u00e9l\u00e9ments d\u2019information doivent permettre de localiser l\u2019enfant.<\/p>\n\n\n\n<p>Il a \u00e9t\u00e9 d\u00e9clench\u00e9 officiellement pour la premi\u00e8re fois le 9&nbsp;juillet 2006&nbsp;apr\u00e8s la disparition de deux soeurs, Emeline et M\u00e9lissa, 8&nbsp;et 10&nbsp;ans, en Maine-et-Loire. Cette affaire s\u2019\u00e9tait r\u00e9v\u00e9l\u00e9e \u00eatre une alerte sans objet, les deux fillettes ayant regagn\u00e9 leur domicile une quinzaine d\u2019heures apr\u00e8s leur disparition.&nbsp;La derni\u00e8re \u00ab&nbsp;alerte enl\u00e8vement&nbsp;\u00bb remonte \u00e0 mai 2019&nbsp;pour un gar\u00e7onnet de 2&nbsp;ans, Osnachi, victime d\u2019un rapt en plein centre de Marseille. Il avait \u00e9t\u00e9 retrouv\u00e9 sain et sauf quelques heures plus tard dans un h\u00f4tel de Valence (Dr\u00f4me) avec l\u2019homme qui l\u2019avait enlev\u00e9. &nbsp;<\/p>\n\n\n\n<p><\/p>\n","protected":false},"excerpt":{"rendered":"<p>Au lendemain du d\u00e9clenchement de&nbsp;l&rsquo;alerte enl\u00e8vement pour la petite Vanille, \u00e2g\u00e9e d&rsquo;un an, \u00c9ric Bouillard, le procureur de la R\u00e9publique d&rsquo;Angers, a donn\u00e9 \u00e0 franceinfo dimanche 9 f\u00e9vrier des pr\u00e9cisions sur les circonstances de&nbsp;l&rsquo;enl\u00e8vement&nbsp;de la fillette. Sa m\u00e8re Nathalie Stephan, 40 ans, est suspect\u00e9e de l&rsquo;avoir enlev\u00e9 \u00e0 Angers. \u00ab\u00a0Vanille \u00e9tait confi\u00e9e \u00e0 sa m\u00e8re. [&hellip;]<\/p>\n","protected":false},"author":2,"featured_media":14574,"comment_status":"open","ping_status":"open","sticky":false,"template":"","format":"standard","meta":{"_jetpack_memberships_contains_paid_content":false,"footnotes":"","jetpack_publicize_message":"","jetpack_publicize_feature_enabled":true,"jetpack_social_post_already_shared":true,"jetpack_social_options":{"image_generator_settings":{"template":"highway","default_image_id":0,"font":"","enabled":false},"version":2},"_wpas_customize_per_network":false},"categories":[405],"tags":[],"class_list":["post-14573","post","type-post","status-publish","format-standard","has-post-thumbnail","hentry","category-actu-france-monde"],"jetpack_publicize_connections":[],"jetpack_featured_media_url":"https:\/\/i0.wp.com\/www.iceagetv.com\/radiosite\/wp-content\/uploads\/2020\/02\/Le-plan-alerte-enl%C3%A8vement-d%C3%A9clench%C3%A9-pour-une-fillette-de-1-an-%C3%A0-Angers.jpg?fit=680%2C544&ssl=1","jetpack_sharing_enabled":true,"_links":{"self":[{"href":"https:\/\/www.iceagetv.com\/radiosite\/wp-json\/wp\/v2\/posts\/14573","targetHints":{"allow":["GET"]}}],"collection":[{"href":"https:\/\/www.iceagetv.com\/radiosite\/wp-json\/wp\/v2\/posts"}],"about":[{"href":"https:\/\/www.iceagetv.com\/radiosite\/wp-json\/wp\/v2\/types\/post"}],"author":[{"embeddable":true,"href":"https:\/\/www.iceagetv.com\/radiosite\/wp-json\/wp\/v2\/users\/2"}],"replies":[{"embeddable":true,"href":"https:\/\/www.iceagetv.com\/radiosite\/wp-json\/wp\/v2\/comments?post=14573"}],"version-history":[{"count":2,"href":"https:\/\/www.iceagetv.com\/radiosite\/wp-json\/wp\/v2\/posts\/14573\/revisions"}],"predecessor-version":[{"id":14576,"href":"https:\/\/www.iceagetv.com\/radiosite\/wp-json\/wp\/v2\/posts\/14573\/revisions\/14576"}],"wp:featuredmedia":[{"embeddable":true,"href":"https:\/\/www.iceagetv.com\/radiosite\/wp-json\/wp\/v2\/media\/14574"}],"wp:attachment":[{"href":"https:\/\/www.iceagetv.com\/radiosite\/wp-json\/wp\/v2\/media?parent=14573"}],"wp:term":[{"taxonomy":"category","embeddable":true,"href":"https:\/\/www.iceagetv.com\/radiosite\/wp-json\/wp\/v2\/categories?post=14573"},{"taxonomy":"post_tag","embeddable":true,"href":"https:\/\/www.iceagetv.com\/radiosite\/wp-json\/wp\/v2\/tags?post=14573"}],"curies":[{"name":"wp","href":"https:\/\/api.w.org\/{rel}","templated":true}]}}