{"id":14603,"date":"2020-02-11T19:17:43","date_gmt":"2020-02-11T19:17:43","guid":{"rendered":"http:\/\/www.iceagetv.com\/radiosite\/?p=14603"},"modified":"2020-02-11T19:17:43","modified_gmt":"2020-02-11T19:17:43","slug":"postes-crees-a-lecole-maintien-de-laah-qua-annonce-emmanuel-macron-lors-de-la-conference-nationale-sur-le-handicap","status":"publish","type":"post","link":"https:\/\/www.iceagetv.com\/radiosite\/postes-crees-a-lecole-maintien-de-laah-qua-annonce-emmanuel-macron-lors-de-la-conference-nationale-sur-le-handicap\/","title":{"rendered":"Postes cr\u00e9\u00e9s \u00e0 l&rsquo;\u00e9cole, maintien de l&rsquo;AAH\u2026 Qu&rsquo;a annonc\u00e9 Emmanuel Macron lors de la Conf\u00e9rence nationale sur le handicap ?"},"content":{"rendered":"\n<p><em>Nous ne devons jamais nous habituer \u00e0 ce que des enfants en situation de handicap soient priv\u00e9s de la chance d&rsquo;aller \u00e0 l&rsquo;\u00e9cole.\u00a0\u00bb&nbsp;<\/em>Emmanuel Macron a promis des avanc\u00e9es pour la scolarisation des personnes en situation de handicap, mardi 11&nbsp;f\u00e9vrier,&nbsp;en conclusion de la&nbsp;Conf\u00e9rence nationale&nbsp;<a href=\"https:\/\/www.francetvinfo.fr\/sante\/handicap\/\">sur le handicap<\/a>&nbsp;\u00e0 l&rsquo;Elys\u00e9e. Il a annonc\u00e9 que 11&nbsp;500 postes&nbsp;d&rsquo;accompagnants suppl\u00e9mentaires seraient cr\u00e9\u00e9s d&rsquo;ici 2022. Mais ce n&rsquo;est pas la seule annonce ou promesse du chef de l&rsquo;Etat.<\/p>\n\n\n\n<h2 class=\"wp-block-heading\">Des postes cr\u00e9\u00e9s pour&nbsp;accompagner les \u00e9l\u00e8ves handicap\u00e9s<\/h2>\n\n\n\n<p>Emmanuel Macron a donc promis 11&nbsp;500 postes d&rsquo;accompagnants scolaires suppl\u00e9mentaires d&rsquo;ici 2022. Leur nombre&nbsp;doit d\u00e9j\u00e0 avoir progress\u00e9 de 11&nbsp;000 \u00e0 la fin 2020 par rapport \u00e0 2017.&nbsp;Selon le chef de l&rsquo;Etat,<em>&nbsp;\u00ab\u00a0le nombre d&rsquo;enfants qui \u00e9taient en attente d&rsquo;un accompagnant a \u00e9t\u00e9 divis\u00e9 par pr\u00e8s de deux entre 2018 et 2019\u00a0\u00bb<\/em>, de 15&nbsp;000 \u00e0 8&nbsp;000, mais&nbsp;<em>\u00ab\u00a0on doit r\u00e9ussir \u00e0 tomber \u00e0 z\u00e9ro\u00a0\u00bb<\/em>. De m\u00eame, il a fix\u00e9 l&rsquo;objectif&nbsp;<em>\u00ab\u00a0qu&rsquo;aucun enfant sans solution de scolarisation ne puisse encore exister au mois de septembre prochain\u00a0\u00bb<\/em>.<\/p>\n\n\n\n<p><em>\u00ab\u00a0La question des moyens ne se r\u00e9sume pas par des postes\u00a0\u00bb<\/em>, a r\u00e9agi sur franceinfo&nbsp; Coryne Husse, vice-pr\u00e9sidente de l&rsquo;Union nationale des associations de parents de personnes handicap\u00e9es mentales (Unapei).&nbsp;<em>\u00ab\u00a0La question fondamentale, c&rsquo;est comment on transforme l&rsquo;environnement et donc l&rsquo;\u00e9cole pour accueillir ces enfants\u00a0\u00bb<\/em>, juge-t-elle.<\/p>\n\n\n\n<h2 class=\"wp-block-heading\">Des places suppl\u00e9mentaires en \u00e9tablissements sp\u00e9cialis\u00e9s<\/h2>\n\n\n\n<p>Emmanuel Macron a \u00e9galement annonc\u00e9 la cr\u00e9ation de 1&nbsp;000 places dans les \u00e9tablissements sp\u00e9cialis\u00e9s dans la prise en charge des personnes en situation de handicap. Il&nbsp;a dit souhaiter qu&rsquo;il n&rsquo;y ait, d\u00e8s l&rsquo;an prochain,&nbsp;<em>\u00ab\u00a0plus de d\u00e9parts\u00a0\u00bb<\/em>&nbsp;faute de prise en charge ad\u00e9quate et accessible en France.<\/p>\n\n\n\n<h2 class=\"wp-block-heading\">Une promesse de maintien de l&rsquo;AAH<\/h2>\n\n\n\n<p>Le chef de l&rsquo;Etat&nbsp;s&rsquo;est voulu rassurant&nbsp;sur la p\u00e9rennit\u00e9 de l&rsquo;allocation aux adultes handicap\u00e9s (AAH), vers\u00e9e \u00e0 1,2 million de personnes. Le gouvernement avait \u00e9voqu\u00e9 la possibilit\u00e9 d&rsquo;inclure&nbsp;l&rsquo;AAH dans le revenu universel d&rsquo;activit\u00e9 (RUA), cens\u00e9 fusionner plusieurs allocations dont, au minimum,&nbsp;les actuels RSA, prime d&rsquo;activit\u00e9 et allocations logement.<\/p>\n\n\n\n<p>Quatre associations de d\u00e9fense des personnes handicap\u00e9es ont claqu\u00e9 la porte de la concertation gouvernementale sur le sujet, pour marquer leur refus de ce sc\u00e9nario.&nbsp;<em>\u00ab\u00a0Je souhaite qu&rsquo;elles reviennent \u00e0 la table, mais avec un principe ici pos\u00e9 officiellement et clairement&nbsp;: jamais l&rsquo;AAH ne sera transform\u00e9e, dilu\u00e9e ou supprim\u00e9e au b\u00e9n\u00e9fice\u00a0\u00bb&nbsp;<\/em>du RUA, a insist\u00e9 Emmanuel Macron.<\/p>\n\n\n\n<p>Le pr\u00e9sident de l&rsquo;association APF France Handicap, Alain Rochon, s&rsquo;est f\u00e9licit\u00e9 de cette d\u00e9claration&nbsp;:&nbsp;<em>\u00ab\u00a0Le discours est parfaitement clair, je pense que les \u00e9l\u00e9ments sont r\u00e9unis (&#8230;) pour revenir \u00e0 la table des n\u00e9gociations sur cette base\u00a0\u00bb<\/em>, a-t-il comment\u00e9 aupr\u00e8s de l&rsquo;AFP.<\/p>\n\n\n\n<p>Par ailleurs, le pr\u00e9sident de la R\u00e9publique a annonc\u00e9 que le dispositif de la prestation de compensation du handicap, qui permet de financer des aides, sera \u00e9tendu \u00e0 partir de l&rsquo;an prochain de mani\u00e8re \u00e0 couvrir les aides m\u00e9nag\u00e8res, mais aussi l&rsquo;assistance apport\u00e9e par un tiers \u00e0 un parent handicap\u00e9 pour s&rsquo;occuper de son jeune enfant.<\/p>\n\n\n\n<h2 class=\"wp-block-heading\">Un num\u00e9ro unique&nbsp;pour les d\u00e9marches administratives<\/h2>\n\n\n\n<p>Pr\u00e9sentant la&nbsp;<em>\u00ab\u00a0montagne administrative\u00a0\u00bb&nbsp;<\/em>comme l&rsquo;un des probl\u00e8mes majeurs touchant les personnes en situation de handicap, le pr\u00e9sident de la R\u00e9publique a plaid\u00e9 pour la cr\u00e9ation d&rsquo;un num\u00e9ro de t\u00e9l\u00e9phone unique&nbsp;pour les aider dans toutes les d\u00e9marches les concernant, le 360. Il doit \u00eatre mis en place en 2021.<\/p>\n\n\n\n<p>Une annonce&nbsp;<a href=\"https:\/\/www.francetvinfo.fr\/sante\/handicap\/scolarisation-des-enfants-handicapes-la-question-des-moyens-ne-se-resume-pas-par-des-postes_3821611.html\">qui convainc peu Coryne Husse<\/a>&nbsp;:<em>&nbsp;\u00ab\u00a0Pour r\u00e9pondre \u00e0 des familles qui se retrouvent dans des situations tr\u00e8s complexes et tr\u00e8s diverses, quel interlocuteur avec quelle formation&nbsp;?\u00a0\u00bb<\/em><\/p>\n\n\n\n<h2 class=\"wp-block-heading\">Un dispositif \u00e9tendu pour les enfants autistes<\/h2>\n\n\n\n<p>Emmanuel Macron a \u00e9galement \u00e9voqu\u00e9 la question de l&rsquo;autisme. Il a \u00e9mis le souhait d&rsquo;\u00e9tendre le&nbsp;<a href=\"https:\/\/handicap.gouv.fr\/presse\/communiques-de-presse\/article\/forfait-precoce-autisme-les-modalites-du-conventionnement-des-professionnels\" target=\"_blank\" rel=\"noreferrer noopener\">forfait d&rsquo;intervention pr\u00e9coce<\/a>, aujourd&rsquo;hui r\u00e9serv\u00e9 aux enfants de 0 \u00e0 6&nbsp;ans, \u00e0 ceux \u00e2g\u00e9s de&nbsp;7 \u00e0 12 ans, et de l&rsquo;ouvrir \u00e0&nbsp;<em>\u00ab\u00a0tous&nbsp;<a href=\"https:\/\/www.inserm.fr\/information-en-sante\/dossiers-information\/troubles-specifiques-apprentissages\" target=\"_blank\" rel=\"noreferrer noopener\">les dys<\/a>-\u00ab\u00a0<\/em>, comme les enfants dyslexiques. Avec ce forfait, l&rsquo;Assurance-maladie&nbsp;finance&nbsp;\u00e0 100% les bilans et actes effectu\u00e9s par les psychologues, psychomotriciens&nbsp;et ergoth\u00e9rapeutes pour la premi\u00e8re ann\u00e9e d&rsquo;intervention, sans attendre les prises en charge sur prescription des Maisons d\u00e9partementales des personnes handicap\u00e9es (MDPH).<\/p>\n\n\n\n<h2 class=\"wp-block-heading\">Pas d&rsquo;annonce concr\u00e8te sur les aidants sexuels<\/h2>\n\n\n\n<p>En amont de cette conf\u00e9rence nationale, la secr\u00e9taire&nbsp;d&rsquo;Etat charg\u00e9e des Personnes handicap\u00e9es,&nbsp;Sophie Cluzel,&nbsp;avait remis sur la table le d\u00e9bat sur les aidants sexuels, dimanche,&nbsp;<a href=\"https:\/\/www.francetvinfo.fr\/sante\/handicap\/le-gouvernement-se-dit-tres-favorable-a-l-assistance-sexuelle-des-personnes-handicapees_3819929.html\">en saisissant<\/a>&nbsp;le&nbsp;Comit\u00e9 consultatif national d&rsquo;\u00e9thique d&rsquo;une proposition sur le sujet. Mardi, avant le discours d&rsquo;Emmanuel Macron, le&nbsp;Haut Conseil \u00e0 l&rsquo;\u00e9galit\u00e9 s&rsquo;est oppos\u00e9&nbsp;<em>\u00ab\u00a0fermement\u00a0\u00bb&nbsp;<\/em>\u00e0 cette id\u00e9e, y voyant&nbsp;<em>\u00ab\u00a0une forme de l\u00e9galisation de la prostitution\u00a0\u00bb<\/em>.<\/p>\n\n\n\n<p>Dans son discours, le chef de l&rsquo;Etat n&rsquo;a fait aucune annonce sur le sujet, mais il l&rsquo;a \u00e9voqu\u00e9, jugeant que la question de la vie sexuelle des personnes handicap\u00e9es ne devait&nbsp;<em>\u00ab\u00a0pas \u00eatre un tabou dans la soci\u00e9t\u00e9\u00a0\u00bb<\/em>.<\/p>\n","protected":false},"excerpt":{"rendered":"<p>Nous ne devons jamais nous habituer \u00e0 ce que des enfants en situation de handicap soient priv\u00e9s de la chance d&rsquo;aller \u00e0 l&rsquo;\u00e9cole.\u00a0\u00bb&nbsp;Emmanuel Macron a promis des avanc\u00e9es pour la scolarisation des personnes en situation de handicap, mardi 11&nbsp;f\u00e9vrier,&nbsp;en conclusion de la&nbsp;Conf\u00e9rence nationale&nbsp;sur le handicap&nbsp;\u00e0 l&rsquo;Elys\u00e9e. Il a annonc\u00e9 que 11&nbsp;500 postes&nbsp;d&rsquo;accompagnants suppl\u00e9mentaires seraient cr\u00e9\u00e9s [&hellip;]<\/p>\n","protected":false},"author":2,"featured_media":14604,"comment_status":"open","ping_status":"open","sticky":false,"template":"","format":"standard","meta":{"_jetpack_memberships_contains_paid_content":false,"footnotes":"","jetpack_publicize_message":"","jetpack_publicize_feature_enabled":true,"jetpack_social_post_already_shared":true,"jetpack_social_options":{"image_generator_settings":{"template":"highway","default_image_id":0,"font":"","enabled":false},"version":2},"_wpas_customize_per_network":false},"categories":[405],"tags":[],"class_list":["post-14603","post","type-post","status-publish","format-standard","has-post-thumbnail","hentry","category-actu-france-monde"],"jetpack_publicize_connections":[],"jetpack_featured_media_url":"https:\/\/i0.wp.com\/www.iceagetv.com\/radiosite\/wp-content\/uploads\/2020\/02\/Postes-cr%C3%A9%C3%A9s-%C3%A0-l%C3%A9cole-maintien-de-lAAH.jpg?fit=1200%2C449&ssl=1","jetpack_sharing_enabled":true,"_links":{"self":[{"href":"https:\/\/www.iceagetv.com\/radiosite\/wp-json\/wp\/v2\/posts\/14603","targetHints":{"allow":["GET"]}}],"collection":[{"href":"https:\/\/www.iceagetv.com\/radiosite\/wp-json\/wp\/v2\/posts"}],"about":[{"href":"https:\/\/www.iceagetv.com\/radiosite\/wp-json\/wp\/v2\/types\/post"}],"author":[{"embeddable":true,"href":"https:\/\/www.iceagetv.com\/radiosite\/wp-json\/wp\/v2\/users\/2"}],"replies":[{"embeddable":true,"href":"https:\/\/www.iceagetv.com\/radiosite\/wp-json\/wp\/v2\/comments?post=14603"}],"version-history":[{"count":1,"href":"https:\/\/www.iceagetv.com\/radiosite\/wp-json\/wp\/v2\/posts\/14603\/revisions"}],"predecessor-version":[{"id":14605,"href":"https:\/\/www.iceagetv.com\/radiosite\/wp-json\/wp\/v2\/posts\/14603\/revisions\/14605"}],"wp:featuredmedia":[{"embeddable":true,"href":"https:\/\/www.iceagetv.com\/radiosite\/wp-json\/wp\/v2\/media\/14604"}],"wp:attachment":[{"href":"https:\/\/www.iceagetv.com\/radiosite\/wp-json\/wp\/v2\/media?parent=14603"}],"wp:term":[{"taxonomy":"category","embeddable":true,"href":"https:\/\/www.iceagetv.com\/radiosite\/wp-json\/wp\/v2\/categories?post=14603"},{"taxonomy":"post_tag","embeddable":true,"href":"https:\/\/www.iceagetv.com\/radiosite\/wp-json\/wp\/v2\/tags?post=14603"}],"curies":[{"name":"wp","href":"https:\/\/api.w.org\/{rel}","templated":true}]}}