{"id":14610,"date":"2020-02-12T12:50:32","date_gmt":"2020-02-12T12:50:32","guid":{"rendered":"http:\/\/www.iceagetv.com\/radiosite\/?p=14610"},"modified":"2020-02-12T12:50:32","modified_gmt":"2020-02-12T12:50:32","slug":"les-cartes-inedites-montrant-les-consequences-du-dereglement-climatique-en-europe","status":"publish","type":"post","link":"https:\/\/www.iceagetv.com\/radiosite\/les-cartes-inedites-montrant-les-consequences-du-dereglement-climatique-en-europe\/","title":{"rendered":"Les cartes in\u00e9dites montrant les cons\u00e9quences du d\u00e9r\u00e8glement climatique en Europe"},"content":{"rendered":"\n<p> Incendies, s\u00e9cheresse, inondations&#8230; l\u2019Agence europ\u00e9enne de l\u2019environnement s\u2019est projet\u00e9e sur la fin du XXIe si\u00e8cle pour imaginer ce que seront les vies de nos enfants. <\/p>\n\n\n\n<p>C\u2019est une s\u00e9rie de cartesqui pourrait donner des id\u00e9es \u00e0 n\u2019importe quel r\u00e9alisateur de films port\u00e9 sur les sc\u00e9narios catastrophe, et que&nbsp;<em>Le Monde&nbsp;<\/em>publie lundi 10&nbsp;f\u00e9vrier. Pourtant, elles ont \u00e9t\u00e9 r\u00e9alis\u00e9es par la tr\u00e8s s\u00e9rieuse Agence europ\u00e9enne de l\u2019environnement, qui s\u2019est attach\u00e9e \u00e0 repr\u00e9senterles cons\u00e9quences du r\u00e9chauffement climatique sur notre continent.<\/p>\n\n\n\n<p>A l\u2019heure o\u00f9 la&nbsp;<a href=\"https:\/\/www.lemonde.fr\/international\/article\/2019\/12\/11\/climat-agriculture-transports-financements-le-green-deal-tous-azimuts-de-la-commission-europeenne_6022507_3210.html\">Commission europ\u00e9enne a fait du \u00ab&nbsp;green deal&nbsp;\u00bb<\/a>&nbsp;sa priorit\u00e9 et o\u00f9 elle s\u2019appr\u00eate, d\u00e9but mars, \u00e0 d\u00e9voiler sa loi climat \u2013 cens\u00e9e inscrire dans le marbre le principe de la neutralit\u00e9 carbone en&nbsp;2050 \u2013, ce travail ne manquera pas d\u2019alimenter ses r\u00e9flexions.<\/p>\n\n\n\n<p>Mont\u00e9e du niveau de la mer, pluies torrentielles, \u00e9pisodes de s\u00e9cheresse, feux de for\u00eat : les chercheurs de l\u2019institution se sont projet\u00e9s sur la fin du XXI<sup>e<\/sup>\u00a0si\u00e8cle pour imaginer ce que seront nos vies d\u2019Europ\u00e9ens, et celles de nos enfants et petits-enfants, \u00e0 cette \u00e9ch\u00e9ance. Leurs cartes permettent \u00e0 chacun d\u2019entre nous d\u2019aller regarder ce qui l\u2019attend, l\u00e0 o\u00f9 il vit ou l\u00e0 o\u00f9 il passe ses vacances.<\/p>\n\n\n\n<h2 class=\"wp-block-heading\">&nbsp;Test de r\u00e9silience climat&nbsp;\u00bb<\/h2>\n\n\n\n<p>La conclusion est sans appel. Les catastrophes qui se multiplient ces derni\u00e8res ann\u00e9es \u2013&nbsp;<a href=\"https:\/\/www.lemonde.fr\/m-le-mag\/article\/2020\/01\/10\/venise-la-montee-des-perils_6025366_4500055.html\">Venise sous les eaux en novembre&nbsp;2019<\/a>, les&nbsp;<a href=\"https:\/\/www.lemonde.fr\/planete\/article\/2018\/10\/15\/inondations-dans-l-aude-les-episodes-mediterraneens-seront-de-plus-en-plus-intenses_5369796_3244.html\">inondations dans l\u2019Aude fin 2018<\/a>, ou encore les incendies en Su\u00e8de en&nbsp;2018, pour n\u2019en citer que quelques-unes \u2013 vont devenir partie int\u00e9grante de nos quotidiens. Et ce, m\u00eame en prenant l\u2019hypoth\u00e8se la plus optimiste, celle o\u00f9 l\u2019<a href=\"https:\/\/www.lemonde.fr\/cop21\/\">accord de Paris sur le climat<\/a>&nbsp;serait respect\u00e9 et o\u00f9 le r\u00e9chauffement serait contenu sous les deux degr\u00e9s par rapport aux niveaux pr\u00e9industriels. Une hypoth\u00e8se dont tous les scientifiques s\u2019accordent \u00e0 dire qu\u2019elle est d\u00e9j\u00e0 hors d\u2019atteinte tant les mesures prises ne sont pas \u00e0 la hauteur des d\u00e9fis.<\/p>\n\n\n\n<p>Prenons les feux de for\u00eat par exemple, ceux qui sont imputables aux conditions climatiques (vagues de chaleur, s\u00e9cheresse). Quand bien m\u00eame l\u2019accord de Paris serait respect\u00e9,&nbsp;<em>\u00ab&nbsp;le risque augmenterait de 30&nbsp;% \u00e0 40&nbsp;% en Europe du Sud&nbsp;\u00bb<\/em>d\u2019ici \u00e0 2100, \u00e9crivent les auteurs de l\u2019\u00e9tude. La France et l\u2019Espagne sont particuli\u00e8rement expos\u00e9es. Mais le nord de la Norv\u00e8ge, de la Su\u00e8de et de la Finlande le sont tout autant.<\/p>\n\n\n\n<p><\/p>\n\n\n\n<p><\/p>\n","protected":false},"excerpt":{"rendered":"<p>Incendies, s\u00e9cheresse, inondations&#8230; l\u2019Agence europ\u00e9enne de l\u2019environnement s\u2019est projet\u00e9e sur la fin du XXIe si\u00e8cle pour imaginer ce que seront les vies de nos enfants. C\u2019est une s\u00e9rie de cartesqui pourrait donner des id\u00e9es \u00e0 n\u2019importe quel r\u00e9alisateur de films port\u00e9 sur les sc\u00e9narios catastrophe, et que&nbsp;Le Monde&nbsp;publie lundi 10&nbsp;f\u00e9vrier. Pourtant, elles ont \u00e9t\u00e9 r\u00e9alis\u00e9es [&hellip;]<\/p>\n","protected":false},"author":2,"featured_media":14611,"comment_status":"open","ping_status":"open","sticky":false,"template":"","format":"standard","meta":{"_jetpack_memberships_contains_paid_content":false,"footnotes":"","jetpack_publicize_message":"","jetpack_publicize_feature_enabled":true,"jetpack_social_post_already_shared":true,"jetpack_social_options":{"image_generator_settings":{"template":"highway","default_image_id":0,"font":"","enabled":false},"version":2},"_wpas_customize_per_network":false},"categories":[14],"tags":[],"class_list":["post-14610","post","type-post","status-publish","format-standard","has-post-thumbnail","hentry","category-actu-meteo"],"jetpack_publicize_connections":[],"jetpack_featured_media_url":"https:\/\/i0.wp.com\/www.iceagetv.com\/radiosite\/wp-content\/uploads\/2020\/02\/Les-cartes-in%C3%A9dites-montrant-les-cons%C3%A9quences-du-d%C3%A9r%C3%A8glement-climatique-en-Europe.jpg?fit=254%2C178&ssl=1","jetpack_sharing_enabled":true,"_links":{"self":[{"href":"https:\/\/www.iceagetv.com\/radiosite\/wp-json\/wp\/v2\/posts\/14610","targetHints":{"allow":["GET"]}}],"collection":[{"href":"https:\/\/www.iceagetv.com\/radiosite\/wp-json\/wp\/v2\/posts"}],"about":[{"href":"https:\/\/www.iceagetv.com\/radiosite\/wp-json\/wp\/v2\/types\/post"}],"author":[{"embeddable":true,"href":"https:\/\/www.iceagetv.com\/radiosite\/wp-json\/wp\/v2\/users\/2"}],"replies":[{"embeddable":true,"href":"https:\/\/www.iceagetv.com\/radiosite\/wp-json\/wp\/v2\/comments?post=14610"}],"version-history":[{"count":1,"href":"https:\/\/www.iceagetv.com\/radiosite\/wp-json\/wp\/v2\/posts\/14610\/revisions"}],"predecessor-version":[{"id":14612,"href":"https:\/\/www.iceagetv.com\/radiosite\/wp-json\/wp\/v2\/posts\/14610\/revisions\/14612"}],"wp:featuredmedia":[{"embeddable":true,"href":"https:\/\/www.iceagetv.com\/radiosite\/wp-json\/wp\/v2\/media\/14611"}],"wp:attachment":[{"href":"https:\/\/www.iceagetv.com\/radiosite\/wp-json\/wp\/v2\/media?parent=14610"}],"wp:term":[{"taxonomy":"category","embeddable":true,"href":"https:\/\/www.iceagetv.com\/radiosite\/wp-json\/wp\/v2\/categories?post=14610"},{"taxonomy":"post_tag","embeddable":true,"href":"https:\/\/www.iceagetv.com\/radiosite\/wp-json\/wp\/v2\/tags?post=14610"}],"curies":[{"name":"wp","href":"https:\/\/api.w.org\/{rel}","templated":true}]}}