{"id":14616,"date":"2020-02-12T15:23:48","date_gmt":"2020-02-12T15:23:48","guid":{"rendered":"http:\/\/www.iceagetv.com\/radiosite\/?p=14616"},"modified":"2020-02-12T15:23:48","modified_gmt":"2020-02-12T15:23:48","slug":"la-cour-dappel-ordonne-la-remise-en-liberte-de-patrick-balkany-estimant-que-son-etat-de-sante-nest-pas-compatible-avec-sa-detention-le-bonheur-ca-ne-se-decrit-pas-isabelle-balkany","status":"publish","type":"post","link":"https:\/\/www.iceagetv.com\/radiosite\/la-cour-dappel-ordonne-la-remise-en-liberte-de-patrick-balkany-estimant-que-son-etat-de-sante-nest-pas-compatible-avec-sa-detention-le-bonheur-ca-ne-se-decrit-pas-isabelle-balkany\/","title":{"rendered":"La cour d&rsquo;appel ordonne la remise en libert\u00e9 de Patrick Balkany, estimant que son \u00e9tat de sant\u00e9 n&rsquo;est pas compatible avec sa d\u00e9tention &#8211; \u00ab\u00a0Le bonheur \u00e7a ne se d\u00e9crit pas\u00a0\u00bb (Isabelle Balkany)"},"content":{"rendered":"\n<p><strong>LE POINT SUR LES DERNIERES INFORMATIONS<\/strong><\/p>\n\n\n\n<p>La cour d&rsquo;appel de Paris a autoris\u00e9 mercredi la mise en libert\u00e9 pour raisons de sant\u00e9 du maire LR de Levallois-Perret Patrick Balkany, 71 ans, incarc\u00e9r\u00e9 depuis le 13 septembre, apr\u00e8s ses condamnations pour fraude fiscale puis pour blanchiment aggrav\u00e9.<\/p>\n\n\n\n<p>La cour, au vu d&rsquo;une alarmante expertise m\u00e9diale, constate que la d\u00e9gradation de l&rsquo;\u00e9tat de sant\u00e9 de \u00ab\u00a0Patrick Balkany est difficilement compatible avec la d\u00e9tention\u00a0\u00bb. Elle \u00ab\u00a0lib\u00e8re\u00a0\u00bb le maire de Levallois et lui impose un contr\u00f4le judiciaire l\u00e9ger, sans caution, dans le dossier de fraude fiscale comme de blanchiment.<\/p>\n\n\n\n<p>Patrick Balkany pourra donc sortir de prison dans les prochaines heures.<\/p>\n\n\n\n<p>\u00ab\u00a0C&rsquo;est \u00e9videmment ce que j&rsquo;esp\u00e9rais, c&rsquo;est ce qui est justifi\u00e9\u00a0\u00bb, a r\u00e9agi l&rsquo;avocat du maire Romain Dieudonn\u00e9. \u00ab\u00a0La cour n&rsquo;a pas fait de cadeau \u00e0 Balkany, c&rsquo;est juste que la situation m\u00e9dicale indiquait que ce n&rsquo;\u00e9tait plus possible\u00a0\u00bb, a-t-il insist\u00e9.<\/p>\n\n\n\n<p>L&rsquo;avocat avait saisi la cour d&rsquo;appel de deux recours: une demande de mise en libert\u00e9 dans le volet blanchiment et une demande de suppression de la caution de 500.000 euros impos\u00e9e dans le cadre de son contr\u00f4le judiciaire, dans le volet fraude fiscale.<\/p>\n\n\n\n<p>A l&rsquo;audience, l&rsquo;avocat a demand\u00e9 la \u00ab\u00a0lib\u00e9ration imm\u00e9diate\u00a0\u00bb de son client. \u00ab\u00a0A quelles conditions? Celles que vous voulez. Patrick Balkany n&rsquo;a qu&rsquo;une envie, \u00eatre aupr\u00e8s de sa famille, se soigner et se reposer dans sa r\u00e9sidence du moulin de Cossy (\u00e0 Giverny, Eure)\u00a0\u00bb.<\/p>\n\n\n\n<p>Il a \u00e9t\u00e9 pleinement entendu par la cour. La pr\u00e9sidente Sophie Cl\u00e9ment a indiqu\u00e9 s&rsquo;\u00eatre appuy\u00e9e sur une expertise m\u00e9dicale r\u00e9alis\u00e9e le 5 f\u00e9vrier au parloir de la maison d&rsquo;arr\u00eat parisienne de la Sant\u00e9. Ce rapport rel\u00e8ve une \u00ab\u00a0d\u00e9gradation manifeste de l&rsquo;\u00e9tat g\u00e9n\u00e9ral\u00a0\u00bb de l&rsquo;\u00e9lu, qui pr\u00e9sente un \u00ab\u00a0\u00e9tat d\u00e9pressif marqu\u00e9\u00a0\u00bb, \u00ab\u00a0pas compatible avec une d\u00e9tention ordinaire\u00a0\u00bb.<\/p>\n\n\n\n<p>La cour a donc remis en libert\u00e9 M. Balkany sous contr\u00f4le judiciaire, aux conditions suivantes: fixer sa r\u00e9sidence au moulin de Cossy, interdiction de sortir du territoire national et obligation de se pr\u00e9senter deux fois par mois \u00e0 la gendarmerie.<\/p>\n\n\n\n<p><strong>\u00ab\u00a0L&rsquo;expertise m\u00e9dicale, on la demandait depuis 5 mois. Quand je l&rsquo;ai lue, elle est flippante\u00a0\u00bb<\/strong><\/p>\n\n\n\n<p><strong>\u00ab\u00a0Je suis excit\u00e9e comme si j&rsquo;avais deux ans.\u00a0\u00bb<\/strong><\/p>\n\n\n\n<p> <strong>Patrick Balkany devra pointer deux fois par mois \u00e0 la gendarmerie, a\u00a0interdiction de sortir de l&rsquo;hexagone, et sa r\u00e9sidence sera au moulin de Giverny.<\/strong> <\/p>\n","protected":false},"excerpt":{"rendered":"<p>LE POINT SUR LES DERNIERES INFORMATIONS La cour d&rsquo;appel de Paris a autoris\u00e9 mercredi la mise en libert\u00e9 pour raisons de sant\u00e9 du maire LR de Levallois-Perret Patrick Balkany, 71 ans, incarc\u00e9r\u00e9 depuis le 13 septembre, apr\u00e8s ses condamnations pour fraude fiscale puis pour blanchiment aggrav\u00e9. La cour, au vu d&rsquo;une alarmante expertise m\u00e9diale, constate [&hellip;]<\/p>\n","protected":false},"author":2,"featured_media":14617,"comment_status":"open","ping_status":"open","sticky":false,"template":"","format":"standard","meta":{"_jetpack_memberships_contains_paid_content":false,"footnotes":"","jetpack_publicize_message":"","jetpack_publicize_feature_enabled":true,"jetpack_social_post_already_shared":true,"jetpack_social_options":{"image_generator_settings":{"template":"highway","default_image_id":0,"font":"","enabled":false},"version":2},"_wpas_customize_per_network":false},"categories":[405],"tags":[],"class_list":["post-14616","post","type-post","status-publish","format-standard","has-post-thumbnail","hentry","category-actu-france-monde"],"jetpack_publicize_connections":[],"jetpack_featured_media_url":"https:\/\/i0.wp.com\/www.iceagetv.com\/radiosite\/wp-content\/uploads\/2020\/02\/La-cour-dappel-ordonne-la-remise-en-libert%C3%A9-de-Patrick-Balkany.jpg?fit=1197%2C450&ssl=1","jetpack_sharing_enabled":true,"_links":{"self":[{"href":"https:\/\/www.iceagetv.com\/radiosite\/wp-json\/wp\/v2\/posts\/14616","targetHints":{"allow":["GET"]}}],"collection":[{"href":"https:\/\/www.iceagetv.com\/radiosite\/wp-json\/wp\/v2\/posts"}],"about":[{"href":"https:\/\/www.iceagetv.com\/radiosite\/wp-json\/wp\/v2\/types\/post"}],"author":[{"embeddable":true,"href":"https:\/\/www.iceagetv.com\/radiosite\/wp-json\/wp\/v2\/users\/2"}],"replies":[{"embeddable":true,"href":"https:\/\/www.iceagetv.com\/radiosite\/wp-json\/wp\/v2\/comments?post=14616"}],"version-history":[{"count":1,"href":"https:\/\/www.iceagetv.com\/radiosite\/wp-json\/wp\/v2\/posts\/14616\/revisions"}],"predecessor-version":[{"id":14618,"href":"https:\/\/www.iceagetv.com\/radiosite\/wp-json\/wp\/v2\/posts\/14616\/revisions\/14618"}],"wp:featuredmedia":[{"embeddable":true,"href":"https:\/\/www.iceagetv.com\/radiosite\/wp-json\/wp\/v2\/media\/14617"}],"wp:attachment":[{"href":"https:\/\/www.iceagetv.com\/radiosite\/wp-json\/wp\/v2\/media?parent=14616"}],"wp:term":[{"taxonomy":"category","embeddable":true,"href":"https:\/\/www.iceagetv.com\/radiosite\/wp-json\/wp\/v2\/categories?post=14616"},{"taxonomy":"post_tag","embeddable":true,"href":"https:\/\/www.iceagetv.com\/radiosite\/wp-json\/wp\/v2\/tags?post=14616"}],"curies":[{"name":"wp","href":"https:\/\/api.w.org\/{rel}","templated":true}]}}