{"id":14626,"date":"2020-02-13T15:58:42","date_gmt":"2020-02-13T15:58:42","guid":{"rendered":"http:\/\/www.iceagetv.com\/radiosite\/?p=14626"},"modified":"2020-02-13T15:58:42","modified_gmt":"2020-02-13T15:58:42","slug":"hospitalise-a-lhopital-americain-michel-sardou-a-annule-les-representations-de-sa-piece-et-se-repose-desormais-en-normandie","status":"publish","type":"post","link":"https:\/\/www.iceagetv.com\/radiosite\/hospitalise-a-lhopital-americain-michel-sardou-a-annule-les-representations-de-sa-piece-et-se-repose-desormais-en-normandie\/","title":{"rendered":"Hospitalis\u00e9 \u00e0 l\u2019h\u00f4pital am\u00e9ricain, Michel Sardou a annul\u00e9 les repr\u00e9sentations de sa pi\u00e8ce et se repose d\u00e9sormais en Normandie"},"content":{"rendered":"\n<p>Depuis septembre, Michel Sardou est \u00e0 l&rsquo;affiche du th\u00e9\u00e2tre de la Michodi\u00e8re dans la pi\u00e8ce \u00ab\u00a0N&rsquo;\u00e9coutez pas Mesdames\u00a0\u00bb. Mais, suite \u00e0 une mauvaise grippe, le chanteur a \u00e9t\u00e9 contraint d&rsquo;\u00e9courter les derni\u00e8res repr\u00e9sentations.<\/p>\n\n\n\n<p>Selon<a href=\"http:\/\/www.leparisien.fr\/culture-loisirs\/grippe-michel-sardou-contraint-d-ecourter-sa-piece-de-theatre-12-02-2020-8258673.php\" target=\"_blank\" rel=\"noreferrer noopener\">&nbsp;Le Parisien<\/a>, il y a quelques jours, le chanteur, \u00e2g\u00e9 de 73 ans, a pass\u00e9 des examens \u00e0 l&rsquo;h\u00f4pital am\u00e9ricain de Neuilly-sur-Seine (Hauts-de-Seine) pour s&rsquo;assurer qu&rsquo;il n&rsquo;y aurait pas de complications. \u00ab\u00a0Il n&rsquo;est pas hospitalis\u00e9 comme on a pu le lire, mais est chez lui, en Normandie et se repose\u00a0\u00bb, a expliqu\u00e9 Richard Caillat, producteur et directeur de la salle parisienne, \u00e0 nos confr\u00e8res.<em>close<\/em><em>volume_off<\/em><\/p>\n\n\n\n<p>Les personnes qui avaient achet\u00e9 des places pour la pi\u00e8ce seront rembours\u00e9es. Concernant la captation de la pi\u00e8ce pour une diffusion sur C8, Le Parisien explique que les cam\u00e9ras de la cha\u00eene \u00ab\u00a0viendront enregistrer la pi\u00e8ce lors de la tourn\u00e9e qui se tiendra de septembre 2020 \u00e0 f\u00e9vrier 2021\u00a0\u00bb.<\/p>\n","protected":false},"excerpt":{"rendered":"<p>Depuis septembre, Michel Sardou est \u00e0 l&rsquo;affiche du th\u00e9\u00e2tre de la Michodi\u00e8re dans la pi\u00e8ce \u00ab\u00a0N&rsquo;\u00e9coutez pas Mesdames\u00a0\u00bb. Mais, suite \u00e0 une mauvaise grippe, le chanteur a \u00e9t\u00e9 contraint d&rsquo;\u00e9courter les derni\u00e8res repr\u00e9sentations. Selon&nbsp;Le Parisien, il y a quelques jours, le chanteur, \u00e2g\u00e9 de 73 ans, a pass\u00e9 des examens \u00e0 l&rsquo;h\u00f4pital am\u00e9ricain de Neuilly-sur-Seine [&hellip;]<\/p>\n","protected":false},"author":2,"featured_media":14627,"comment_status":"open","ping_status":"open","sticky":false,"template":"","format":"standard","meta":{"_jetpack_memberships_contains_paid_content":false,"footnotes":"","jetpack_publicize_message":"","jetpack_publicize_feature_enabled":true,"jetpack_social_post_already_shared":true,"jetpack_social_options":{"image_generator_settings":{"template":"highway","default_image_id":0,"font":"","enabled":false},"version":2},"_wpas_customize_per_network":false},"categories":[68],"tags":[1594],"class_list":["post-14626","post","type-post","status-publish","format-standard","has-post-thumbnail","hentry","category-actu-culturelle","tag-michel-sardou"],"jetpack_publicize_connections":[],"jetpack_featured_media_url":"https:\/\/i0.wp.com\/www.iceagetv.com\/radiosite\/wp-content\/uploads\/2020\/02\/Michel-Sardou-a-annul%C3%A9-les-repr%C3%A9sentations-de-sa-pi%C3%A8ce-et-se-repose-d%C3%A9sormais-en-Normandie.jpg?fit=762%2C376&ssl=1","jetpack_sharing_enabled":true,"_links":{"self":[{"href":"https:\/\/www.iceagetv.com\/radiosite\/wp-json\/wp\/v2\/posts\/14626","targetHints":{"allow":["GET"]}}],"collection":[{"href":"https:\/\/www.iceagetv.com\/radiosite\/wp-json\/wp\/v2\/posts"}],"about":[{"href":"https:\/\/www.iceagetv.com\/radiosite\/wp-json\/wp\/v2\/types\/post"}],"author":[{"embeddable":true,"href":"https:\/\/www.iceagetv.com\/radiosite\/wp-json\/wp\/v2\/users\/2"}],"replies":[{"embeddable":true,"href":"https:\/\/www.iceagetv.com\/radiosite\/wp-json\/wp\/v2\/comments?post=14626"}],"version-history":[{"count":1,"href":"https:\/\/www.iceagetv.com\/radiosite\/wp-json\/wp\/v2\/posts\/14626\/revisions"}],"predecessor-version":[{"id":14628,"href":"https:\/\/www.iceagetv.com\/radiosite\/wp-json\/wp\/v2\/posts\/14626\/revisions\/14628"}],"wp:featuredmedia":[{"embeddable":true,"href":"https:\/\/www.iceagetv.com\/radiosite\/wp-json\/wp\/v2\/media\/14627"}],"wp:attachment":[{"href":"https:\/\/www.iceagetv.com\/radiosite\/wp-json\/wp\/v2\/media?parent=14626"}],"wp:term":[{"taxonomy":"category","embeddable":true,"href":"https:\/\/www.iceagetv.com\/radiosite\/wp-json\/wp\/v2\/categories?post=14626"},{"taxonomy":"post_tag","embeddable":true,"href":"https:\/\/www.iceagetv.com\/radiosite\/wp-json\/wp\/v2\/tags?post=14626"}],"curies":[{"name":"wp","href":"https:\/\/api.w.org\/{rel}","templated":true}]}}