{"id":14629,"date":"2020-02-13T19:20:28","date_gmt":"2020-02-13T19:20:28","guid":{"rendered":"http:\/\/www.iceagetv.com\/radiosite\/?p=14629"},"modified":"2020-02-13T19:20:28","modified_gmt":"2020-02-13T19:20:28","slug":"la-brigade-de-protection-des-mineurs-lance-un-appel-ce-soir-apres-lenlevement-dun-nourrisson-a-paris-lenfant-grand-premature-est-en-danger-sil-nest-pas-pris-en-charge-medicalement-le","status":"publish","type":"post","link":"https:\/\/www.iceagetv.com\/radiosite\/la-brigade-de-protection-des-mineurs-lance-un-appel-ce-soir-apres-lenlevement-dun-nourrisson-a-paris-lenfant-grand-premature-est-en-danger-sil-nest-pas-pris-en-charge-medicalement-le\/","title":{"rendered":"La brigade de protection des mineurs lance un appel, ce soir, apr\u00e8s l&rsquo;enl\u00e8vement d&rsquo;un nourrisson \u00e0 Paris : \u00ab\u00a0L&rsquo;enfant, grand pr\u00e9matur\u00e9, est en danger s&rsquo;il n&rsquo;est pas pris en charge m\u00e9dicalement le plus rapidement possible\u00a0\u00bb"},"content":{"rendered":"\n<p>La brigade de protection des mineurs lance un appel \u00e0 t\u00e9moin, ce jeudi soir, apr\u00e8s l&rsquo;enl\u00e8vement d&rsquo;un b\u00e9b\u00e9 de moins d&rsquo;un mois \u00e0 Paris, annonce-t-elle dans un communiqu\u00e9 de presse. \u00ab\u00a0L&rsquo;enfant, grand pr\u00e9matur\u00e9, est en danger s&rsquo;il n&rsquo;est pas pris en charge m\u00e9dicalement le plus rapidement possible\u00a0\u00bb, alerte la police. La m\u00e8re \u00ab\u00a0est susceptible de se trouver en Ile-de-France ou dans le Nord de la France\u00a0\u00bb, pr\u00e9cise la brigade de protection des mineurs.<\/p>\n\n\n\n<p>Mardi, vers 12h30, une femme, \u00e2g\u00e9e de 28 ans, a enlev\u00e9 sa fille Indy, n\u00e9e le 27 janvier, dans un h\u00f4pital du 10e arrondissement de Paris. La brigade de protection des mineurs assure que depuis, \u00ab\u00a0la m\u00e8re s&rsquo;est rendue dans diff\u00e9rentes pharmacies afin d&rsquo;y acheter du mat\u00e9riel pour nourrisson\u00a0\u00bb.<em>close<\/em><em>volume_off<\/em><\/p>\n\n\n\n<p>Cette femme, mesurant 1m50, de corpulence mince a les yeux marrons, les cheveux ch\u00e2tains d\u00e9color\u00e9s mi-longs et un de ses incisives est en avant. La police appelle ainsi toute personne ayant des informations \u00e0 joindre l&rsquo;\u00e9tat-major de la police judiciaire de Paris au 0800 00 27 08 ou par courriel \u00e0&nbsp;pppj-appelatemoin@interieur.gouv.fr.<\/p>\n","protected":false},"excerpt":{"rendered":"<p>La brigade de protection des mineurs lance un appel \u00e0 t\u00e9moin, ce jeudi soir, apr\u00e8s l&rsquo;enl\u00e8vement d&rsquo;un b\u00e9b\u00e9 de moins d&rsquo;un mois \u00e0 Paris, annonce-t-elle dans un communiqu\u00e9 de presse. \u00ab\u00a0L&rsquo;enfant, grand pr\u00e9matur\u00e9, est en danger s&rsquo;il n&rsquo;est pas pris en charge m\u00e9dicalement le plus rapidement possible\u00a0\u00bb, alerte la police. La m\u00e8re \u00ab\u00a0est susceptible de [&hellip;]<\/p>\n","protected":false},"author":2,"featured_media":14630,"comment_status":"open","ping_status":"open","sticky":false,"template":"","format":"standard","meta":{"_jetpack_memberships_contains_paid_content":false,"footnotes":"","jetpack_publicize_message":"","jetpack_publicize_feature_enabled":true,"jetpack_social_post_already_shared":true,"jetpack_social_options":{"image_generator_settings":{"template":"highway","default_image_id":0,"font":"","enabled":false},"version":2},"_wpas_customize_per_network":false},"categories":[405],"tags":[],"class_list":["post-14629","post","type-post","status-publish","format-standard","has-post-thumbnail","hentry","category-actu-france-monde"],"jetpack_publicize_connections":[],"jetpack_featured_media_url":"https:\/\/i0.wp.com\/www.iceagetv.com\/radiosite\/wp-content\/uploads\/2020\/02\/La-brigade-de-protection-des-mineurs.jpg?fit=693%2C307&ssl=1","jetpack_sharing_enabled":true,"_links":{"self":[{"href":"https:\/\/www.iceagetv.com\/radiosite\/wp-json\/wp\/v2\/posts\/14629","targetHints":{"allow":["GET"]}}],"collection":[{"href":"https:\/\/www.iceagetv.com\/radiosite\/wp-json\/wp\/v2\/posts"}],"about":[{"href":"https:\/\/www.iceagetv.com\/radiosite\/wp-json\/wp\/v2\/types\/post"}],"author":[{"embeddable":true,"href":"https:\/\/www.iceagetv.com\/radiosite\/wp-json\/wp\/v2\/users\/2"}],"replies":[{"embeddable":true,"href":"https:\/\/www.iceagetv.com\/radiosite\/wp-json\/wp\/v2\/comments?post=14629"}],"version-history":[{"count":1,"href":"https:\/\/www.iceagetv.com\/radiosite\/wp-json\/wp\/v2\/posts\/14629\/revisions"}],"predecessor-version":[{"id":14631,"href":"https:\/\/www.iceagetv.com\/radiosite\/wp-json\/wp\/v2\/posts\/14629\/revisions\/14631"}],"wp:featuredmedia":[{"embeddable":true,"href":"https:\/\/www.iceagetv.com\/radiosite\/wp-json\/wp\/v2\/media\/14630"}],"wp:attachment":[{"href":"https:\/\/www.iceagetv.com\/radiosite\/wp-json\/wp\/v2\/media?parent=14629"}],"wp:term":[{"taxonomy":"category","embeddable":true,"href":"https:\/\/www.iceagetv.com\/radiosite\/wp-json\/wp\/v2\/categories?post=14629"},{"taxonomy":"post_tag","embeddable":true,"href":"https:\/\/www.iceagetv.com\/radiosite\/wp-json\/wp\/v2\/tags?post=14629"}],"curies":[{"name":"wp","href":"https:\/\/api.w.org\/{rel}","templated":true}]}}