{"id":14632,"date":"2020-02-14T10:07:51","date_gmt":"2020-02-14T10:07:51","guid":{"rendered":"http:\/\/www.iceagetv.com\/radiosite\/?p=14632"},"modified":"2020-02-14T10:07:51","modified_gmt":"2020-02-14T10:07:51","slug":"municipales-a-paris-griveaux-la-chute-finale","status":"publish","type":"post","link":"https:\/\/www.iceagetv.com\/radiosite\/municipales-a-paris-griveaux-la-chute-finale\/","title":{"rendered":"MUNICIPALES \u00c0 PARIS Griveaux, la chute finale"},"content":{"rendered":"\n<p>Le candidat LREM, en baisse dans les sondages, a d\u00e9cid\u00e9 de retirer sa candidature \u00e0 la mairie de Paris apr\u00e8s la diffusion d&rsquo;une vid\u00e9o \u00e0 caract\u00e8re sexuel.<\/p>\n\n\n\n<p>Benjamin Griveaux, candidat LREM \u00e0 la mairie de Paris, se retire de la course. Ce retrait intervient apr\u00e8s la diffusion d\u2019une vid\u00e9o \u00e0 caract\u00e8re sexuel, dont il serait l\u2019auteur et qu\u2019il aurait envoy\u00e9e \u00e0 une femme avec laquelle il \u00e9change. Mise en ligne le 1<sup>er&nbsp;<\/sup>f\u00e9vrier par l\u2019artiste Piotr Pavlenski (<a href=\"https:\/\/www.liberation.fr\/planete\/2016\/10\/11\/piotr-pavlenski-couillu_1521239\">dont<em>&nbsp;Lib\u00e9<\/em>&nbsp;avait fait le portrait<\/a>&nbsp;en 2016), elle a commenc\u00e9 \u00e0 tourner mercredi soir. L\u2019artiste russe, r\u00e9fugi\u00e9 en France, assure \u00e0&nbsp;<em>Lib\u00e9ration<\/em>&nbsp;vouloir&nbsp;<em>\u00abd\u00e9noncer l\u2019hypocrisie\u00bb<\/em>&nbsp;de l\u2019ex-porte-parole du gouvernement. Il affirme tenir cette vid\u00e9o d\u2019une&nbsp;<em>\u00absource\u00bb<\/em>&nbsp;qui avait une relation consentie avec Benjamin Griveaux.<\/p>\n\n\n\n<p><em>\u00abEn annon\u00e7ant ma candidature \u00e0 la mairie de Paris je connaissais la duret\u00e9 de la vie politique\u00bb<\/em>, a d\u00e9clar\u00e9 le candidat dans une vid\u00e9o qu\u2019il a enregistr\u00e9e et publi\u00e9e ce vendredi matin.\u00a0<em>\u00abDepuis plus d\u2019un an ma famille et moi avons subi des propos diffamatoires, des mensonges, des attaques anonymes, la r\u00e9v\u00e9lation de conversations priv\u00e9es d\u00e9rob\u00e9es ainsi que des menaces de mort. Ce torrent de boue m\u2019a affect\u00e9 mais il a surtout fait du mal \u00e0 ceux que j\u2019aime. Hier un nouveau stade a \u00e9t\u00e9 franchi\u00a0: un site et des r\u00e9seaux sociaux ont relay\u00e9 des attaques ignobles mettant en cause ma vie priv\u00e9e. Ma famille ne m\u00e9rite pas cela, personne ne devrait subir une telle violence. En ce qui me concerne, je ne souhaite pas nous exposer davantage quand tous les coups sont d\u00e9sormais permis. Cela va trop loin. C\u2019est pourquoi j\u2019ai d\u00e9cid\u00e9 de retirer ma candidature. Cette d\u00e9cision me co\u00fbte mais mes priorit\u00e9s sont tr\u00e8s claires, c\u2019est d\u2019abord ma famille.\u00bb<\/em> Toute la journ\u00e9e jeudi,\u00a0<a href=\"https:\/\/www.liberation.fr\/politiques\/2020\/02\/13\/benjamin-griveaux-apres-l-humanisation-le-fond_1778276\">alors que le candidat pr\u00e9sentait son programme le matin dans un cin\u00e9ma des Batignolles<\/a>, dans le XVII<sup>e\u00a0<\/sup>arrondissement, la vid\u00e9o a circul\u00e9 aussi vite que la rumeur du retrait de sa candidature. Du c\u00f4t\u00e9 de ses \u00e9quipes, bouche cousue, mais ses interventions de ce vendredi, lors d\u2019un d\u00e9bat organis\u00e9 par le think thank Terra Nova, sur RTL et Europe\u00a01, ont \u00e9t\u00e9 annul\u00e9es. <\/p>\n\n\n\n<h3 class=\"wp-block-heading\">\u00abC\u2019est un humain\u00bb<\/h3>\n\n\n\n<p>L\u2019enregistrement dans lequel il insultait ses concurrents \u00e0 l\u2019investiture LREM avait d\u00e9j\u00e0 laiss\u00e9 des traces. Mais avant la publication de la vid\u00e9o, les marcheurs voulaient encore convaincre qu\u2019il y avait&nbsp;<em>\u00abmismatch\u00bb,<\/em>&nbsp;comme ils disent, entre l\u2019image publique et l\u2019homme.&nbsp;<em>\u00abOn pourrait croire qu\u2019il n\u2019est pas humain mais il n\u2019est pas format\u00e9 par la politique, c\u2019est un humain\u00bb<\/em>, voulait nous rassurer un cadre de la campagne, quelques jours avant son retrait.<\/p>\n\n\n\n<p>D\u2019o\u00f9 une s\u00e9quence \u00abil brise l\u2019armure\u00bb&nbsp;<a href=\"https:\/\/www.liberation.fr\/politiques\/2020\/01\/28\/griveaux-se-pose-en-candidat-du-rassemblement-et-tend-la-main-aux-soutiens-de-villani_1775646\">lors de son meeting \u00e0 Bobino<\/a>.&nbsp;<em>\u00abDerri\u00e8re mon assurance et mes bons mots, auxquels je ne sais pas toujours r\u00e9sister<\/em>&nbsp;[un euph\u00e9misme pour qualifier les insultes prof\u00e9r\u00e9es contre ses adversaires et r\u00e9v\u00e9l\u00e9es par&nbsp;<em>le Point<\/em>&nbsp;cet \u00e9t\u00e9, ndlr]<em>, se cachent aussi mes angoisses et mes \u00e9checs, mes \u00e9preuves, mes drames familiaux. Tout cela forge un caract\u00e8re et manifestement une carapace. [\u2026] Il me reste sept semaines pour vous dire ma part de v\u00e9rit\u00e9, celle que vous n\u2019avez pas pu voir jusqu\u2019alors car je n\u2019ai pas su la partager avec vous.\u00bb<\/em><\/p>\n\n\n\n<p>Deuxi\u00e8me axe de la tentative de red\u00e9collage&nbsp;: le programme, jusque-l\u00e0 \u00e9touff\u00e9 par<em>&nbsp;\u00abla monstruosit\u00e9 du sujet Villani\u00bb.<\/em>&nbsp;<em>\u00abOn ne parlait que de \u00e7a\u00bb,<\/em>&nbsp;expliquait-on dans le camp Griveaux apr\u00e8s la \u00abclarification\u00bb op\u00e9r\u00e9e par le math\u00e9maticien,&nbsp;<a href=\"https:\/\/www.liberation.fr\/politiques\/2020\/01\/26\/paris-villani-continue-sur-l-air-du-defi_1775439\">qui a pris ses distances avec la majorit\u00e9<\/a>.&nbsp;<em>\u00abLa division au sein de LREM a cass\u00e9 une dynamique&nbsp;: beaucoup de gens de droite \u00e9taient pr\u00eats \u00e0 voter Griveaux mais se disent qu\u2019il n\u2019a plus de chances et reviennent chez Dati\u00bb,<\/em>&nbsp;expliquait un membre de son \u00e9quipe fin janvier. Il d\u00e9crivait alors&nbsp;<em>\u00abl\u2019inqui\u00e9tude g\u00e9n\u00e9rale\u00bb<\/em>&nbsp;parmi les troupes et s\u2019\u00e9tonnait du calme apparent de Benjamin Griveaux.<\/p>\n\n\n\n<p><\/p>\n\n\n\n<p><\/p>\n","protected":false},"excerpt":{"rendered":"<p>Le candidat LREM, en baisse dans les sondages, a d\u00e9cid\u00e9 de retirer sa candidature \u00e0 la mairie de Paris apr\u00e8s la diffusion d&rsquo;une vid\u00e9o \u00e0 caract\u00e8re sexuel. Benjamin Griveaux, candidat LREM \u00e0 la mairie de Paris, se retire de la course. Ce retrait intervient apr\u00e8s la diffusion d\u2019une vid\u00e9o \u00e0 caract\u00e8re sexuel, dont il serait [&hellip;]<\/p>\n","protected":false},"author":2,"featured_media":14633,"comment_status":"open","ping_status":"open","sticky":false,"template":"","format":"standard","meta":{"_jetpack_memberships_contains_paid_content":false,"footnotes":"","jetpack_publicize_message":"","jetpack_publicize_feature_enabled":true,"jetpack_social_post_already_shared":true,"jetpack_social_options":{"image_generator_settings":{"template":"highway","default_image_id":0,"font":"","enabled":false},"version":2},"_wpas_customize_per_network":false},"categories":[405],"tags":[],"class_list":["post-14632","post","type-post","status-publish","format-standard","has-post-thumbnail","hentry","category-actu-france-monde"],"jetpack_publicize_connections":[],"jetpack_featured_media_url":"https:\/\/i0.wp.com\/www.iceagetv.com\/radiosite\/wp-content\/uploads\/2020\/02\/Griveaux.jpg?fit=960%2C639&ssl=1","jetpack_sharing_enabled":true,"_links":{"self":[{"href":"https:\/\/www.iceagetv.com\/radiosite\/wp-json\/wp\/v2\/posts\/14632","targetHints":{"allow":["GET"]}}],"collection":[{"href":"https:\/\/www.iceagetv.com\/radiosite\/wp-json\/wp\/v2\/posts"}],"about":[{"href":"https:\/\/www.iceagetv.com\/radiosite\/wp-json\/wp\/v2\/types\/post"}],"author":[{"embeddable":true,"href":"https:\/\/www.iceagetv.com\/radiosite\/wp-json\/wp\/v2\/users\/2"}],"replies":[{"embeddable":true,"href":"https:\/\/www.iceagetv.com\/radiosite\/wp-json\/wp\/v2\/comments?post=14632"}],"version-history":[{"count":1,"href":"https:\/\/www.iceagetv.com\/radiosite\/wp-json\/wp\/v2\/posts\/14632\/revisions"}],"predecessor-version":[{"id":14634,"href":"https:\/\/www.iceagetv.com\/radiosite\/wp-json\/wp\/v2\/posts\/14632\/revisions\/14634"}],"wp:featuredmedia":[{"embeddable":true,"href":"https:\/\/www.iceagetv.com\/radiosite\/wp-json\/wp\/v2\/media\/14633"}],"wp:attachment":[{"href":"https:\/\/www.iceagetv.com\/radiosite\/wp-json\/wp\/v2\/media?parent=14632"}],"wp:term":[{"taxonomy":"category","embeddable":true,"href":"https:\/\/www.iceagetv.com\/radiosite\/wp-json\/wp\/v2\/categories?post=14632"},{"taxonomy":"post_tag","embeddable":true,"href":"https:\/\/www.iceagetv.com\/radiosite\/wp-json\/wp\/v2\/tags?post=14632"}],"curies":[{"name":"wp","href":"https:\/\/api.w.org\/{rel}","templated":true}]}}