{"id":14640,"date":"2020-02-14T10:13:48","date_gmt":"2020-02-14T10:13:48","guid":{"rendered":"http:\/\/www.iceagetv.com\/radiosite\/?p=14640"},"modified":"2020-02-14T10:13:48","modified_gmt":"2020-02-14T10:13:48","slug":"contestee-la-direction-de-lacademie-des-cesar-annonce-sa-demission-collective-a-quinze-jours-de-la-traditionnelle-ceremonie","status":"publish","type":"post","link":"https:\/\/www.iceagetv.com\/radiosite\/contestee-la-direction-de-lacademie-des-cesar-annonce-sa-demission-collective-a-quinze-jours-de-la-traditionnelle-ceremonie\/","title":{"rendered":"Contest\u00e9e, la direction de l&rsquo;Acad\u00e9mie des C\u00e9sar annonce sa \u00ab\u00a0d\u00e9mission collective\u00a0\u00bb \u00e0 quinze jours de la traditionnelle c\u00e9r\u00e9monie"},"content":{"rendered":"\n<p>Coup de tonnerre sur le cin\u00e9ma fran\u00e7ais. La&nbsp;<a href=\"https:\/\/www.francetvinfo.fr\/culture\/cinema\/cesar\/on-vous-explique-pourquoi-les-cesar-sont-en-crise-a-quelques-semaines-de-la-ceremonie_3821647.html\">direction des C\u00e9sar<\/a>&nbsp;a annonc\u00e9 jeudi 13 f\u00e9vrier au soir sa&nbsp;<em>\u00ab\u00a0d\u00e9mission collective\u00a0\u00bb<\/em>, \u00e0 quinze jours de la prochaine c\u00e9r\u00e9monie annuelle, sur fond de crise, entre d\u00e9nonciation de l&rsquo;opacit\u00e9 de la gestion de l&rsquo;Acad\u00e9mie et la pol\u00e9mique Polanski.<\/p>\n\n\n\n<p><em>\u00ab\u00a0Pour honorer celles et ceux qui ont fait le cin\u00e9ma en 2019, pour retrouver la s\u00e9r\u00e9nit\u00e9 et faire que la f\u00eate du cin\u00e9ma reste une f\u00eate, le conseil d&rsquo;administration de l&rsquo;Association pour la promotion du cin\u00e9ma (Acad\u00e9mie des arts et technique du cin\u00e9ma) a pris la d\u00e9cision \u00e0 l&rsquo;unanimit\u00e9 de d\u00e9missionner\u00a0\u00bb,<\/em>&nbsp;indique l&rsquo;Acad\u00e9mie pr\u00e9sid\u00e9e depuis 2003 par le producteur Alain Terzian.<\/p>\n\n\n\n<p><em>Cette d\u00e9mission collective permettra de proc\u00e9der au renouvellement complet de la direction.<\/em>la direction des C\u00e9sar<em>dans un communiqu\u00e9<\/em><\/p>\n\n\n\n<p>Une assembl\u00e9e g\u00e9n\u00e9rale se tiendra apr\u00e8s la 45e c\u00e9r\u00e9monie pr\u00e9vue le 28 f\u00e9vrier et sera l&rsquo;occasion d&rsquo;\u00e9lire<em>&nbsp;\u00ab\u00a0une nouvelle direction pour pr\u00e9parer ainsi, sous l&rsquo;\u00e9gide du CNC (Centre national du cin\u00e9ma), les modifications des statuts fondateurs de l&rsquo;Association pour la promotion du cin\u00e9ma (APC), et mettre en \u0153uvre les mesures de modernisation annonc\u00e9es\u00a0\u00bb<\/em>.<\/p>\n\n\n\n<h2 class=\"wp-block-heading\">400 personnalit\u00e9s r\u00e9clamaient une \u00ab\u00a0r\u00e9forme en profondeur\u00a0\u00bb&nbsp;<\/h2>\n\n\n\n<p>Cette annonce choc survient apr\u00e8s une&nbsp;<a href=\"https:\/\/www.francetvinfo.fr\/culture\/cinema\/cesar\/omar-sy-celine-sciamma-marina-fois-200-personnalites-du-cinema-francais-etrillent-le-fonctionnement-des-cesar_3820733.html\">tribune publi\u00e9e lundi soir dans&nbsp;<em>Le Monde<\/em><\/a>, o\u00f9 quelque&nbsp;quatre cents&nbsp;personnalit\u00e9s, parmi lesquelles figurent Omar Sy, Bertrand Tavernier, Michel Hazanavicius, Jacques Audiard, C\u00e9line Sciamma, Marina Fo\u00efs ou Agn\u00e8s Jaoui, ont r\u00e9clam\u00e9 une<em>&nbsp;\u00ab\u00a0r\u00e9forme en profondeur\u00a0\u00bb<\/em>&nbsp;de l&rsquo;Acad\u00e9mie des C\u00e9sar.<\/p>\n\n\n\n<p>La liste des membres de l&rsquo;Acad\u00e9mie, constitu\u00e9e de 4&nbsp;700&nbsp;professionnels du cin\u00e9ma, est confidentielle. Pour en faire partie, il faut avoir au moins deux parrainages et avoir particip\u00e9 \u00e0 au moins trois longs m\u00e9trages en cinq ans. L&rsquo;Acad\u00e9mie est elle-m\u00eame r\u00e9gie par l&rsquo;APC, dont les membres sont les professionnels ayant re\u00e7u un C\u00e9sar, les anciens pr\u00e9sidents et plusieurs personnalit\u00e9s, soit 47 membres.<\/p>\n\n\n\n<p>Parmi ceux-ci, le r\u00e9alisateur Roman Polanski, vis\u00e9 par des accusations de viol et en t\u00eate des nominations avec son film&nbsp;<em>J&rsquo;accuse<\/em>,&nbsp;un choix qui passe tr\u00e8s mal aupr\u00e8s des f\u00e9ministes et de l&rsquo;opinion publique. Des associations comme Osez le f\u00e9minisme appellent \u00e0 un rassemblement le soir de la c\u00e9r\u00e9monie devant la salle Pleyel \u00e0 Paris.<\/p>\n","protected":false},"excerpt":{"rendered":"<p>Coup de tonnerre sur le cin\u00e9ma fran\u00e7ais. La&nbsp;direction des C\u00e9sar&nbsp;a annonc\u00e9 jeudi 13 f\u00e9vrier au soir sa&nbsp;\u00ab\u00a0d\u00e9mission collective\u00a0\u00bb, \u00e0 quinze jours de la prochaine c\u00e9r\u00e9monie annuelle, sur fond de crise, entre d\u00e9nonciation de l&rsquo;opacit\u00e9 de la gestion de l&rsquo;Acad\u00e9mie et la pol\u00e9mique Polanski. \u00ab\u00a0Pour honorer celles et ceux qui ont fait le cin\u00e9ma en 2019, [&hellip;]<\/p>\n","protected":false},"author":2,"featured_media":14641,"comment_status":"open","ping_status":"open","sticky":false,"template":"","format":"standard","meta":{"_jetpack_memberships_contains_paid_content":false,"footnotes":"","jetpack_publicize_message":"","jetpack_publicize_feature_enabled":true,"jetpack_social_post_already_shared":true,"jetpack_social_options":{"image_generator_settings":{"template":"highway","default_image_id":0,"font":"","enabled":false},"version":2},"_wpas_customize_per_network":false},"categories":[68],"tags":[],"class_list":["post-14640","post","type-post","status-publish","format-standard","has-post-thumbnail","hentry","category-actu-culturelle"],"jetpack_publicize_connections":[],"jetpack_featured_media_url":"https:\/\/i0.wp.com\/www.iceagetv.com\/radiosite\/wp-content\/uploads\/2020\/02\/la-direction-de-lAcad%C3%A9mie-des-C%C3%A9sar.jpg?fit=1197%2C450&ssl=1","jetpack_sharing_enabled":true,"_links":{"self":[{"href":"https:\/\/www.iceagetv.com\/radiosite\/wp-json\/wp\/v2\/posts\/14640","targetHints":{"allow":["GET"]}}],"collection":[{"href":"https:\/\/www.iceagetv.com\/radiosite\/wp-json\/wp\/v2\/posts"}],"about":[{"href":"https:\/\/www.iceagetv.com\/radiosite\/wp-json\/wp\/v2\/types\/post"}],"author":[{"embeddable":true,"href":"https:\/\/www.iceagetv.com\/radiosite\/wp-json\/wp\/v2\/users\/2"}],"replies":[{"embeddable":true,"href":"https:\/\/www.iceagetv.com\/radiosite\/wp-json\/wp\/v2\/comments?post=14640"}],"version-history":[{"count":1,"href":"https:\/\/www.iceagetv.com\/radiosite\/wp-json\/wp\/v2\/posts\/14640\/revisions"}],"predecessor-version":[{"id":14642,"href":"https:\/\/www.iceagetv.com\/radiosite\/wp-json\/wp\/v2\/posts\/14640\/revisions\/14642"}],"wp:featuredmedia":[{"embeddable":true,"href":"https:\/\/www.iceagetv.com\/radiosite\/wp-json\/wp\/v2\/media\/14641"}],"wp:attachment":[{"href":"https:\/\/www.iceagetv.com\/radiosite\/wp-json\/wp\/v2\/media?parent=14640"}],"wp:term":[{"taxonomy":"category","embeddable":true,"href":"https:\/\/www.iceagetv.com\/radiosite\/wp-json\/wp\/v2\/categories?post=14640"},{"taxonomy":"post_tag","embeddable":true,"href":"https:\/\/www.iceagetv.com\/radiosite\/wp-json\/wp\/v2\/tags?post=14640"}],"curies":[{"name":"wp","href":"https:\/\/api.w.org\/{rel}","templated":true}]}}