{"id":14659,"date":"2020-02-16T16:23:48","date_gmt":"2020-02-16T16:23:48","guid":{"rendered":"http:\/\/www.iceagetv.com\/radiosite\/?p=14659"},"modified":"2020-02-16T16:23:48","modified_gmt":"2020-02-16T16:23:48","slug":"municipales-agnes-buzyn-remplace-benjamin-griveaux-comme-tete-de-liste-a-paris","status":"publish","type":"post","link":"https:\/\/www.iceagetv.com\/radiosite\/municipales-agnes-buzyn-remplace-benjamin-griveaux-comme-tete-de-liste-a-paris\/","title":{"rendered":"Municipales : Agn\u00e8s Buzyn remplace Benjamin Griveaux comme t\u00eate de liste \u00e0 Paris"},"content":{"rendered":"\n<p>Agn\u00e8s Buzyn conduira la liste La R\u00e9publique en marche pour les \u00e9lections municipales \u00e0 Paris, a appris franceinfo dimanche 16 f\u00e9vrier. La ministre de la Sant\u00e9 a \u00e9t\u00e9 d\u00e9sign\u00e9e par la commission nationale d&rsquo;investiture du parti pr\u00e9sidentiel pour succ\u00e9der \u00e0&nbsp;<a href=\"https:\/\/www.francetvinfo.fr\/politique\/benjamin-griveaux\/\" target=\"_blank\" rel=\"noreferrer noopener\">Benjamin Griveaux<\/a>. Elle va pr\u00e9senter sa d\u00e9mission au Premier ministre Edouard Philippe dimanche soir, \u00e0 l&rsquo;issue d&rsquo;un bureau ex\u00e9cutif de La R\u00e9publique en marche qui se tient en ce moment, selon les informations recueillies par franceinfo.<\/p>\n\n\n\n<p><em>\u00ab\u00a0J&rsquo;y vais, j&rsquo;en ai envie. J&rsquo;y vais pour gagner\u00a0\u00bb,<\/em>&nbsp;a confirm\u00e9 Agn\u00e8s Buzyn dans une d\u00e9claration \u00e0 l&rsquo;AFP.&nbsp;Selon les informations recueillies par franceinfo,&nbsp;la ministre de la Sant\u00e9 a \u00e9t\u00e9 convaincue par le pr\u00e9sident de la R\u00e9publique lui-m\u00eame de reprendre la t\u00eate de la campagne, apr\u00e8s le d\u00e9sistement de Benjamin Griveaux.<\/p>\n\n\n\n<h2 class=\"wp-block-heading\">Campagne express<\/h2>\n\n\n\n<p>Vendredi, la ministre de la Sant\u00e9 avait une nouvelle fois d\u00e9clin\u00e9 la proposition de mener la campagne de la majorit\u00e9 pr\u00e9sidentielle dans le 15e arrondissement de Paris, en mettant en avant&nbsp;<em>\u00ab\u00a0un agenda tr\u00e8s charg\u00e9\u00a0\u00bb,<\/em>&nbsp;avec la crise du coronavirus, la r\u00e9forme des retraites ou encore la crise hospitali\u00e8re.&nbsp;Pour l&rsquo;heure, Agn\u00e8s Buzyn n&rsquo;a pas pr\u00e9cis\u00e9 si elle allait d\u00e9missionner du gouvernement pour mener campagne.<\/p>\n\n\n\n<p>Les cadres d&rsquo;En Marche, mais aussi du MoDem, ont finalement convaincu la ministre de la Sant\u00e9&nbsp;de s&rsquo;engager pour&nbsp;mener une campagne express \u00e0 Paris, \u00e0 moins d&rsquo;un mois du premier tour des municipales.&nbsp;<\/p>\n\n\n\n<p>L&rsquo;ancien porte-parole du gouvernement s&rsquo;est retir\u00e9 de la course \u00e0 la mairie de Paris, vendredi 14 f\u00e9vrier, apr\u00e8s la&nbsp;<a href=\"https:\/\/www.francetvinfo.fr\/elections\/municipales\/recit-d-une-fuite-sur-un-site-pornographique-a-un-abandon-la-gorge-serree-les-48-heures-qui-ont-fait-tomber-benjamin-griveaux_3826243.html\" target=\"_blank\" rel=\"noreferrer noopener\">diffusion sur internet de vid\u00e9os \u00e0 caract\u00e8re sexuel<\/a>&nbsp;et de conversations personnelles qui lui sont attribu\u00e9es.<\/p>\n","protected":false},"excerpt":{"rendered":"<p>Agn\u00e8s Buzyn conduira la liste La R\u00e9publique en marche pour les \u00e9lections municipales \u00e0 Paris, a appris franceinfo dimanche 16 f\u00e9vrier. La ministre de la Sant\u00e9 a \u00e9t\u00e9 d\u00e9sign\u00e9e par la commission nationale d&rsquo;investiture du parti pr\u00e9sidentiel pour succ\u00e9der \u00e0&nbsp;Benjamin Griveaux. Elle va pr\u00e9senter sa d\u00e9mission au Premier ministre Edouard Philippe dimanche soir, \u00e0 l&rsquo;issue [&hellip;]<\/p>\n","protected":false},"author":2,"featured_media":14660,"comment_status":"open","ping_status":"open","sticky":false,"template":"","format":"standard","meta":{"_jetpack_memberships_contains_paid_content":false,"footnotes":"","jetpack_publicize_message":"","jetpack_publicize_feature_enabled":true,"jetpack_social_post_already_shared":true,"jetpack_social_options":{"image_generator_settings":{"template":"highway","default_image_id":0,"font":"","enabled":false},"version":2},"_wpas_customize_per_network":false},"categories":[405],"tags":[],"class_list":["post-14659","post","type-post","status-publish","format-standard","has-post-thumbnail","hentry","category-actu-france-monde"],"jetpack_publicize_connections":[],"jetpack_featured_media_url":"https:\/\/i0.wp.com\/www.iceagetv.com\/radiosite\/wp-content\/uploads\/2020\/02\/Agn%C3%A8s-Buzyn-remplace-Benjamin-Griveaux-comme-t%C3%AAte-de-liste-%C3%A0-Paris.jpg?fit=1196%2C450&ssl=1","jetpack_sharing_enabled":true,"_links":{"self":[{"href":"https:\/\/www.iceagetv.com\/radiosite\/wp-json\/wp\/v2\/posts\/14659","targetHints":{"allow":["GET"]}}],"collection":[{"href":"https:\/\/www.iceagetv.com\/radiosite\/wp-json\/wp\/v2\/posts"}],"about":[{"href":"https:\/\/www.iceagetv.com\/radiosite\/wp-json\/wp\/v2\/types\/post"}],"author":[{"embeddable":true,"href":"https:\/\/www.iceagetv.com\/radiosite\/wp-json\/wp\/v2\/users\/2"}],"replies":[{"embeddable":true,"href":"https:\/\/www.iceagetv.com\/radiosite\/wp-json\/wp\/v2\/comments?post=14659"}],"version-history":[{"count":1,"href":"https:\/\/www.iceagetv.com\/radiosite\/wp-json\/wp\/v2\/posts\/14659\/revisions"}],"predecessor-version":[{"id":14661,"href":"https:\/\/www.iceagetv.com\/radiosite\/wp-json\/wp\/v2\/posts\/14659\/revisions\/14661"}],"wp:featuredmedia":[{"embeddable":true,"href":"https:\/\/www.iceagetv.com\/radiosite\/wp-json\/wp\/v2\/media\/14660"}],"wp:attachment":[{"href":"https:\/\/www.iceagetv.com\/radiosite\/wp-json\/wp\/v2\/media?parent=14659"}],"wp:term":[{"taxonomy":"category","embeddable":true,"href":"https:\/\/www.iceagetv.com\/radiosite\/wp-json\/wp\/v2\/categories?post=14659"},{"taxonomy":"post_tag","embeddable":true,"href":"https:\/\/www.iceagetv.com\/radiosite\/wp-json\/wp\/v2\/tags?post=14659"}],"curies":[{"name":"wp","href":"https:\/\/api.w.org\/{rel}","templated":true}]}}