{"id":14681,"date":"2020-02-20T08:06:42","date_gmt":"2020-02-20T08:06:42","guid":{"rendered":"http:\/\/www.iceagetv.com\/radiosite\/?p=14681"},"modified":"2020-02-20T08:06:42","modified_gmt":"2020-02-20T08:06:42","slug":"le-bilan-carbone-de-la-france-ne-se-joue-pas-ici-la-station-de-ski-de-superbagneres-depassee-par-la-polemique-de-la-neige-livree-par-helicoptere","status":"publish","type":"post","link":"https:\/\/www.iceagetv.com\/radiosite\/le-bilan-carbone-de-la-france-ne-se-joue-pas-ici-la-station-de-ski-de-superbagneres-depassee-par-la-polemique-de-la-neige-livree-par-helicoptere\/","title":{"rendered":"Le bilan carbone de la France ne se joue pas ici\u00a0\u00bb : la station de ski de Superbagn\u00e8res d\u00e9pass\u00e9e par la pol\u00e9mique de la neige livr\u00e9e par h\u00e9licopt\u00e8re"},"content":{"rendered":"\n<p><em>Ces gens-l\u00e0, c&rsquo;est faites ce que je dis, mais surtout pas ce que je fais&nbsp;!\u00a0\u00bb<\/em>&nbsp;Au comptoir du Super-G, Jean-Eric Ferr\u00e9 vide son sac devant un journaliste de passage et un touriste venu boire le caf\u00e9 en attendant la fin de la le\u00e7on de ski de ses enfants.&nbsp;<em>\u00ab\u00a0Notre cher pr\u00e9sident, quand il va \u00e0 la&nbsp;<a href=\"https:\/\/www.francetvinfo.fr\/meteo\/climat\/mer-de-glace-si-on-veut-changer-l-avenir-des-glaciers-il-faut-d-abord-agir-sur-le-climat_3824243.html\" target=\"_blank\" rel=\"noreferrer noopener\">Mer de Glace<\/a>, c&rsquo;est l&rsquo;a<\/em><em>vion, puis 50&nbsp;bagnoles qui arrivent depuis Paris. La ministre de l&rsquo;Ecologie, quand elle prend l&rsquo;avion pour une visite, \u00e7a pollue pas peut-\u00eatre&nbsp;?\u00a0\u00bb<\/em>&nbsp;s&#8217;emporte le g\u00e9rant de cet h\u00f4tel-restaurant de Superbagn\u00e8res (Haute-Garonne). On n&rsquo;ose l&rsquo;interrompre pour rappeler&nbsp;<a href=\"https:\/\/www.francetvinfo.fr\/politique\/gouvernement-d-edouard-philippe\/elisabeth-borne-en-vacances-au-maroc-elle-est-totalement-joignable-et-mobilisable-assure-son-cabinet_3758807.html\" target=\"_blank\" rel=\"noreferrer noopener\">les vacances d&rsquo;Elisabeth Borne \u00e0 Marrakech (Maroc) cet hiver<\/a>. Pas plus courageux que nous, le client acquiesce et r\u00e8gle sa consommation sans demander son reste.<\/p>\n\n\n\n<p>Cette col\u00e8re est \u00e0 la mesure de l&rsquo;incompr\u00e9hension du commer\u00e7ant. En filmant un h\u00e9licopt\u00e8re charg\u00e9 de neige au-dessus de la station de ski, le 14\u00a0f\u00e9vrier, il ne s&rsquo;attendait pas \u00e0 d\u00e9clencher une pol\u00e9mique nationale. Envoy\u00e9es \u00e0\u00a0<a rel=\"noreferrer noopener\" href=\"https:\/\/france3-regions.francetvinfo.fr\/occitanie\/haute-garonne\/toulouse\/station-ski-luchon-superbagneres-va-apporter-neige-helicoptere-ses-pistes-1787695.html\" target=\"_blank\">France 3 Occitanie<\/a>, les images ont vite circul\u00e9 sur les r\u00e9seaux sociaux, certains\u00a0internautes y voyant un symbole de l&rsquo;absurdit\u00e9 des comportements humains face au\u00a0<a rel=\"noreferrer noopener\" href=\"https:\/\/www.francetvinfo.fr\/meteo\/climat\/\" target=\"_blank\">changement climatique<\/a>. Dans un paysage de montagnes nues et alors que le thermom\u00e8tre affiche 11\u00a0\u00b0C \u00e0 1800\u00a0m\u00e8tres d&rsquo;altitude en plein hiver, des filets de neige fra\u00eeche sont achemin\u00e9s par l&rsquo;un des moyens de transport les plus polluants. Rest\u00e9e silencieuse, fin d\u00e9cembre,\u00a0<a rel=\"noreferrer noopener\" href=\"https:\/\/www.ledauphine.com\/edition-gap-alpes-du-sud\/2019\/12\/30\/de-la-neige-livree-par-helicoptere-pour-combler-le-manque\" target=\"_blank\">sur des faits similaires dans les Alpes<\/a>, la ministre de la Transition \u00e9cologique et solidaire condamne cette fois-ci l&rsquo;initiative prise par le syndicat public qui g\u00e8re la station, reprise en 2017 par le conseil d\u00e9partemental de Haute-Garonne. Le pr\u00e9sident de ce conseil, Georges M\u00e9ric, est convoqu\u00e9 jeudi 20\u00a0f\u00e9vrier au minist\u00e8re <\/p>\n\n\n\n<p><em>Qu&rsquo;on ait des critiques, je m&rsquo;y attendais, mais que cela monte aussi haut\u2026\u00a0\u00bb&nbsp;<\/em>Christian Mathias est un peu fatigu\u00e9 de devoir encore s&rsquo;expliquer devant un journaliste.&nbsp;<em>\u00ab\u00a0Cette action a \u00e9t\u00e9 r\u00e9fl\u00e9chie. Je ne me suis pas lev\u00e9 un matin en me disant &lsquo;je vais faire tourner un h\u00e9lico pour le plaisir&rsquo;. Nous vivons un hiver particulier et difficile\u00a0\u00bb<\/em>, expose le directeur de la station. Peu de chutes de neige, des temp\u00e9ratures trop douces pour&nbsp;activer les canons, un retard d\u00fb \u00e0 des travaux\u2026 La station n&rsquo;a ouvert que le 19&nbsp;janvier et un mois plus tard, seules six des 28&nbsp;pistes sont praticables.&nbsp;<em>\u00ab\u00a0L&rsquo;hiver n&rsquo;est pas arriv\u00e9 \u00ab\u00a0<\/em>, r\u00e9sume Christian Mathias.<\/p>\n\n\n\n<h2 class=\"wp-block-heading\">\u00ab\u00a0On aurait perdu 80% de la client\u00e8le\u00a0\u00bb<\/h2>\n\n\n\n<p>Alors, lorsque le directeur de l&rsquo;ESF a donn\u00e9 l&rsquo;alerte, au d\u00e9but des vacances de f\u00e9vrier, la station a d\u00e9ploy\u00e9 les grands moyens.<em>\u00a0\u00ab\u00a0J&rsquo;ai vite vu que les pistes de mont\u00e9e de nos deux t\u00e9l\u00e9skis pour d\u00e9butants ne tiendraient pas\u00a0\u00bb<\/em>, raconte Michel Prad\u00e8re, patron de l&rsquo;\u00e9cole de ski locale depuis 22\u00a0ans. Us\u00e9es par le passage de centaines d&rsquo;enfants chaque jour, ces deux couloirs menacent d&rsquo;\u00eatre rendus \u00e0 l&rsquo;herbe, en pleines vacances scolaires de la zone toulousaine.\u00a0<em>\u00ab\u00a0Si on avait ferm\u00e9 ces pistes, on aurait perdu 80% des gens sur le mois de f\u00e9vrier, au c\u0153ur de notre saison\u00a0\u00bb<\/em>, poursuit le moniteur.<\/p>\n\n\n\n<p>D\u00e9cision est prise de faire appel \u00e0 un h\u00e9licopt\u00e8re pour aller chercher 50 tonnes de neige, un peu plus haut dans la station, sur le pic de&nbsp;C\u00e9cir\u00e9. L&rsquo;appareil a d\u00e9coll\u00e9 d&rsquo;Ancizan (Hautes-Pyr\u00e9n\u00e9es), pour deux vols de 55&nbsp;minutes et 1h03. Montant de la facture&nbsp;: 5000&nbsp;euros.&nbsp;<em>\u00ab\u00a0Une op\u00e9ration rapide, efficace, d\u00e9cisive\u00a0\u00bb<\/em>, appr\u00e9cie Christian Mathias. D&rsquo;autres rotations \u00e9taient pr\u00e9vues, mais la pol\u00e9mique a tout arr\u00eat\u00e9, selon nos informations.&nbsp;<em>\u00ab\u00a0La ministre commence \u00e0 convoquer tout le monde. Il y a quand m\u00eame un petit peu le feu\u00a0\u00bb<\/em>, euph\u00e9mise notre source.<\/p>\n\n\n\n<h2 class=\"wp-block-heading\">Des vacanciers compr\u00e9hensifs<\/h2>\n\n\n\n<p>Derri\u00e8re le Super-G, deux jeunes enfants s&rsquo;affairent dans l&rsquo;herbe autour d&rsquo;un bonhomme de neige teint\u00e9 de boue. En contrebas, leurs a\u00een\u00e9s encha\u00eenent les tours de la piste Baby,\u00a0au t\u00e9l\u00e9ski fra\u00eechement enneig\u00e9. L&rsquo;\u0153il riv\u00e9 sur les d\u00e9buts de son petit-fils de 9\u00a0ans, Emmanuel, 59\u00a0ans, savoure. Venu du Val-d&rsquo;Oise, il a eu peur pour sa semaine de vacances en arrivant \u00e0 Bagn\u00e8res-de-Luchon, la ville du fond de la vall\u00e9e, reli\u00e9e \u00e0 la station par des \u0153ufs.\u00a0<em>\u00ab\u00a0Quand j&rsquo;ai vu qu&rsquo;il n&rsquo;y avait pas un brin de neige, je me suis dit, &lsquo;merde'\u00a0\u00bb<\/em>, confie le Francilien. S&rsquo;il estime qu&rsquo;il\u00a0<em>\u00ab\u00a0vaut mieux ne pas le faire\u00a0\u00bb<\/em>, il consid\u00e8re que\u00a0<em>\u00ab\u00a0c&rsquo;est pas trois tours d&rsquo;h\u00e9lico qui vont vraiment ajouter un peu plus de pollution, il ne faut pas abuser\u00a0\u00bb<\/em>.<\/p>\n\n\n\n<p>\n\nUn avis partag\u00e9 par la majorit\u00e9 des vacanciers rencontr\u00e9s. L&rsquo;ESF, qui accueille 1&nbsp;300 \u00e9l\u00e8ves par jour, n&rsquo;a enregistr\u00e9 que deux annulations, de parents&nbsp;<em>\u00ab\u00a0philosophiquement contre\u00a0\u00bb<\/em>&nbsp;ces h\u00e9liportages.&nbsp;<em>\u00ab\u00a0Les gens qui critiquent devraient regarder ce qu&rsquo;ils consomment\u00a0\u00bb<\/em>, estime Pierre, un Nantais de 39&nbsp;ans, en s&rsquo;en prenant \u00e0&nbsp;<em>\u00ab\u00a0ceux qui partent dans les \u00eeles\u00a0\u00bb<\/em>. Christelle, 40&nbsp;ans, est plus mesur\u00e9e&nbsp;:&nbsp;<em>\u00ab\u00a0L&rsquo;info brute, elle choque, avec tout ce qu&rsquo;on sait sur le r\u00e9chauffement climatique.\u00a0\u00bb<\/em>&nbsp;Mais&nbsp;<em>\u00ab\u00a0ils ont juste fait une op\u00e9ration courte, tr\u00e8s localis\u00e9e. Il y a vraiment des choses \u00e0 remettre en cause avant \u00e7a, \u00e7a fait quand m\u00eame travailler des gens\u00a0\u00bb<\/em>, estime cette m\u00e8re de famille venue de Touraine.<\/p>\n\n\n\n<h2 class=\"wp-block-heading\">Les commer\u00e7ants soulag\u00e9s<\/h2>\n\n\n\n<p>Sa loueuse de ski confirme.&nbsp;<em>\u00ab\u00a0L&rsquo;h\u00e9lico, c&rsquo;est tr\u00e8s bien\u00a0\u00bb<\/em>,&nbsp;pour Sophie Mettayer, propri\u00e9taire du magasin Locaskis depuis neuf ans. Entre deux conseils aux quelques clients de son petit commerce, elle raconte une saison&nbsp;<em>\u00ab\u00a0catastrophique\u00a0\u00bb<\/em>, qui s&rsquo;ajoute aux difficult\u00e9s de l&rsquo;ann\u00e9e pr\u00e9c\u00e9dente, marqu\u00e9e par&nbsp;<a href=\"https:\/\/www.francetvinfo.fr\/economie\/transports\/gilets-jaunes\/\">la crise des \u00ab\u00a0gilets jaunes\u00a0\u00bb<\/a>.&nbsp;<em>\u00ab\u00a0Je ne suis pas s\u00fbre d&rsquo;\u00eatre encore l\u00e0 l&rsquo;ann\u00e9e prochaine. J&rsquo;en suis \u00e0 90-95% de perte\u00a0\u00bb<\/em>, calcule-t-elle, la voix nou\u00e9e. Derri\u00e8re nous, une grand-m\u00e8re r\u00e9p\u00e8te le chiffre \u00e0 haute voix, m\u00e9dus\u00e9e. Si elle a&nbsp;<em>\u00ab\u00a0encore envie d&rsquo;y croire\u00a0\u00bb<\/em>, Sophie Mettayer envisage d\u00e9j\u00e0 un autre m\u00e9tier.&nbsp;<em>\u00ab\u00a0Je suis veuve avec deux enfants, il faut que je travaille\u00a0\u00bb<\/em>, explique-t-elle.<\/p>\n\n\n\n<p><\/p>\n\n\n\n<p><\/p>\n\n\n\n<p><br><\/p>\n","protected":false},"excerpt":{"rendered":"<p>Ces gens-l\u00e0, c&rsquo;est faites ce que je dis, mais surtout pas ce que je fais&nbsp;!\u00a0\u00bb&nbsp;Au comptoir du Super-G, Jean-Eric Ferr\u00e9 vide son sac devant un journaliste de passage et un touriste venu boire le caf\u00e9 en attendant la fin de la le\u00e7on de ski de ses enfants.&nbsp;\u00ab\u00a0Notre cher pr\u00e9sident, quand il va \u00e0 la&nbsp;Mer de [&hellip;]<\/p>\n","protected":false},"author":2,"featured_media":14682,"comment_status":"open","ping_status":"open","sticky":false,"template":"","format":"standard","meta":{"_jetpack_memberships_contains_paid_content":false,"footnotes":"","jetpack_publicize_message":"","jetpack_publicize_feature_enabled":true,"jetpack_social_post_already_shared":true,"jetpack_social_options":{"image_generator_settings":{"template":"highway","default_image_id":0,"font":"","enabled":false},"version":2},"_wpas_customize_per_network":false},"categories":[14],"tags":[],"class_list":["post-14681","post","type-post","status-publish","format-standard","has-post-thumbnail","hentry","category-actu-meteo"],"jetpack_publicize_connections":[],"jetpack_featured_media_url":"https:\/\/i0.wp.com\/www.iceagetv.com\/radiosite\/wp-content\/uploads\/2020\/02\/la-station-de-ski-de-Superbagn%C3%A8res.jpg?fit=1197%2C450&ssl=1","jetpack_sharing_enabled":true,"_links":{"self":[{"href":"https:\/\/www.iceagetv.com\/radiosite\/wp-json\/wp\/v2\/posts\/14681","targetHints":{"allow":["GET"]}}],"collection":[{"href":"https:\/\/www.iceagetv.com\/radiosite\/wp-json\/wp\/v2\/posts"}],"about":[{"href":"https:\/\/www.iceagetv.com\/radiosite\/wp-json\/wp\/v2\/types\/post"}],"author":[{"embeddable":true,"href":"https:\/\/www.iceagetv.com\/radiosite\/wp-json\/wp\/v2\/users\/2"}],"replies":[{"embeddable":true,"href":"https:\/\/www.iceagetv.com\/radiosite\/wp-json\/wp\/v2\/comments?post=14681"}],"version-history":[{"count":1,"href":"https:\/\/www.iceagetv.com\/radiosite\/wp-json\/wp\/v2\/posts\/14681\/revisions"}],"predecessor-version":[{"id":14683,"href":"https:\/\/www.iceagetv.com\/radiosite\/wp-json\/wp\/v2\/posts\/14681\/revisions\/14683"}],"wp:featuredmedia":[{"embeddable":true,"href":"https:\/\/www.iceagetv.com\/radiosite\/wp-json\/wp\/v2\/media\/14682"}],"wp:attachment":[{"href":"https:\/\/www.iceagetv.com\/radiosite\/wp-json\/wp\/v2\/media?parent=14681"}],"wp:term":[{"taxonomy":"category","embeddable":true,"href":"https:\/\/www.iceagetv.com\/radiosite\/wp-json\/wp\/v2\/categories?post=14681"},{"taxonomy":"post_tag","embeddable":true,"href":"https:\/\/www.iceagetv.com\/radiosite\/wp-json\/wp\/v2\/tags?post=14681"}],"curies":[{"name":"wp","href":"https:\/\/api.w.org\/{rel}","templated":true}]}}