{"id":14693,"date":"2020-02-22T12:21:14","date_gmt":"2020-02-22T12:21:14","guid":{"rendered":"http:\/\/www.iceagetv.com\/radiosite\/?p=14693"},"modified":"2020-02-22T12:21:14","modified_gmt":"2020-02-22T12:21:14","slug":"le-gilet-jaune-eric-drouet-expulse-du-salon-de-lagriculture","status":"publish","type":"post","link":"https:\/\/www.iceagetv.com\/radiosite\/le-gilet-jaune-eric-drouet-expulse-du-salon-de-lagriculture\/","title":{"rendered":"Le gilet jaune Eric Drouet expuls\u00e9 du Salon de l&rsquo;agriculture"},"content":{"rendered":"\n<h2 class=\"wp-block-heading\">La pr\u00e9sence d&rsquo;Eric Drouet au Salon de l&rsquo;agriculture a cr\u00e9\u00e9 la cohue pendant un court instant avant qu&rsquo;il soit \u00e9vacu\u00e9 par la s\u00e9curit\u00e9 du pr\u00e9sident de la R\u00e9publique.<\/h2>\n\n\n\n<p>Bref moment de tension au Salon de l&rsquo;agriculture. Ce samedi matin, la figure embl\u00e9matique des gilets jaunes, Eric Drouet, a cr\u00e9\u00e9 des&nbsp;<a href=\"https:\/\/www.bfmtv.com\/politique\/salon-de-l-agriculture-des-son-arrivee-emmanuel-macron-interpelle-par-les-exploitants-inquiets-1862437.html\">remous dans les all\u00e9es du Parc des expositions de la porte de Versailles<\/a>. Alors qu&rsquo;il se trouvait devant le stand des c\u00e9r\u00e9aliers, un d\u00e9but de manifestation non-autoris\u00e9e a \u00e9t\u00e9 observ\u00e9, indique l&rsquo;Elys\u00e9e \u00e0 BFMTV.<\/p>\n\n\n\n<h3 class=\"wp-block-heading\">Interdiction de manifester<\/h3>\n\n\n\n<p>La s\u00e9curit\u00e9 du pr\u00e9sident de la R\u00e9publique lui a donc demand\u00e9 de s&rsquo;\u00e9carter,\u00a0un arr\u00eat\u00e9 pr\u00e9fectoral interdisant toute manifestation autour et \u00e0 l&rsquo;int\u00e9rieur du\u00a0Salon de l&rsquo;agriculture ayant \u00e9t\u00e9 pris.\u00a0<\/p>\n\n\n\n<p>Mais Eric Drouet&nbsp;&nbsp;a refus\u00e9 de s&rsquo;\u00e9loigner et quelques personnes autour lui ont manifest\u00e9 leur soutien en scandant, \u00e0 l&rsquo;encontre de l&rsquo;ex\u00e9cutif:&nbsp;\u00ab\u00a0Dictature!\u00a0\u00bb Il a alors \u00e9t\u00e9 verbalis\u00e9 et le&nbsp;ton est mont\u00e9 entre les \u00e9quipes de s\u00e9curit\u00e9 et le&nbsp;gilet jaune qui a finalement \u00e9t\u00e9 expuls\u00e9 du salon par la pr\u00e9fecture de polcie. La tension est ensuite rapidement retomb\u00e9e.<\/p>\n\n\n\n<h3 class=\"wp-block-heading\">Plac\u00e9 en garde \u00e0 vue<\/h3>\n\n\n\n<p>Cette mise a l&rsquo;\u00e9cart&nbsp;s&rsquo;est effectu\u00e9e dans le cadre de l&rsquo;arr\u00eat\u00e9 pris par le pr\u00e9fet de police visant \u00e0 interdire toute manifestation autour et \u00e0 l&rsquo;int\u00e9rieur du&nbsp;Salon de l&rsquo;agriculture, selon une source proche du dossier \u00e0 BFMTV.&nbsp;Cette semaine, plusieurs appels \u00e0 manifester avaient \u00e9t\u00e9 rep\u00e9r\u00e9s sur les r\u00e9seaux sociaux. Selon nos informations, Eric Drouet avait appel\u00e9 plusieurs fois, au cours de la semaine, \u00e0 se rendre au Salon de l&rsquo;agriculture.<\/p>\n\n\n\n<p>A la suite de son \u00e9vacuation, l&rsquo;homme a \u00e9t\u00e9 plac\u00e9 en garde \u00e0 vue pour r\u00e9bellion, a fait savoir son avocat. Le parquet de Paris confirme cette mesure de privation de libert\u00e9.<\/p>\n\n\n\n<p><\/p>\n","protected":false},"excerpt":{"rendered":"<p>La pr\u00e9sence d&rsquo;Eric Drouet au Salon de l&rsquo;agriculture a cr\u00e9\u00e9 la cohue pendant un court instant avant qu&rsquo;il soit \u00e9vacu\u00e9 par la s\u00e9curit\u00e9 du pr\u00e9sident de la R\u00e9publique. Bref moment de tension au Salon de l&rsquo;agriculture. Ce samedi matin, la figure embl\u00e9matique des gilets jaunes, Eric Drouet, a cr\u00e9\u00e9 des&nbsp;remous dans les all\u00e9es du Parc [&hellip;]<\/p>\n","protected":false},"author":2,"featured_media":14694,"comment_status":"open","ping_status":"open","sticky":false,"template":"","format":"standard","meta":{"_jetpack_memberships_contains_paid_content":false,"footnotes":"","jetpack_publicize_message":"","jetpack_publicize_feature_enabled":true,"jetpack_social_post_already_shared":true,"jetpack_social_options":{"image_generator_settings":{"template":"highway","default_image_id":0,"font":"","enabled":false},"version":2},"_wpas_customize_per_network":false},"categories":[405],"tags":[],"class_list":["post-14693","post","type-post","status-publish","format-standard","has-post-thumbnail","hentry","category-actu-france-monde"],"jetpack_publicize_connections":[],"jetpack_featured_media_url":"https:\/\/i0.wp.com\/www.iceagetv.com\/radiosite\/wp-content\/uploads\/2020\/02\/Le-gilet-jaune-Eric-Drouet-expuls%C3%A9-du-Salon-de-lagriculture.jpg?fit=684%2C211&ssl=1","jetpack_sharing_enabled":true,"_links":{"self":[{"href":"https:\/\/www.iceagetv.com\/radiosite\/wp-json\/wp\/v2\/posts\/14693","targetHints":{"allow":["GET"]}}],"collection":[{"href":"https:\/\/www.iceagetv.com\/radiosite\/wp-json\/wp\/v2\/posts"}],"about":[{"href":"https:\/\/www.iceagetv.com\/radiosite\/wp-json\/wp\/v2\/types\/post"}],"author":[{"embeddable":true,"href":"https:\/\/www.iceagetv.com\/radiosite\/wp-json\/wp\/v2\/users\/2"}],"replies":[{"embeddable":true,"href":"https:\/\/www.iceagetv.com\/radiosite\/wp-json\/wp\/v2\/comments?post=14693"}],"version-history":[{"count":1,"href":"https:\/\/www.iceagetv.com\/radiosite\/wp-json\/wp\/v2\/posts\/14693\/revisions"}],"predecessor-version":[{"id":14695,"href":"https:\/\/www.iceagetv.com\/radiosite\/wp-json\/wp\/v2\/posts\/14693\/revisions\/14695"}],"wp:featuredmedia":[{"embeddable":true,"href":"https:\/\/www.iceagetv.com\/radiosite\/wp-json\/wp\/v2\/media\/14694"}],"wp:attachment":[{"href":"https:\/\/www.iceagetv.com\/radiosite\/wp-json\/wp\/v2\/media?parent=14693"}],"wp:term":[{"taxonomy":"category","embeddable":true,"href":"https:\/\/www.iceagetv.com\/radiosite\/wp-json\/wp\/v2\/categories?post=14693"},{"taxonomy":"post_tag","embeddable":true,"href":"https:\/\/www.iceagetv.com\/radiosite\/wp-json\/wp\/v2\/tags?post=14693"}],"curies":[{"name":"wp","href":"https:\/\/api.w.org\/{rel}","templated":true}]}}