{"id":14699,"date":"2020-02-22T16:15:12","date_gmt":"2020-02-22T16:15:12","guid":{"rendered":"http:\/\/www.iceagetv.com\/radiosite\/?p=14699"},"modified":"2020-02-22T16:15:12","modified_gmt":"2020-02-22T16:15:12","slug":"des-milliers-dinternautes-dans-le-monde-remettent-en-doute-lage-de-quaden-a-t-il-9-ans-ou-est-ce-un-imposteur-notre-enquete-point-par-point-et-les-reponses","status":"publish","type":"post","link":"https:\/\/www.iceagetv.com\/radiosite\/des-milliers-dinternautes-dans-le-monde-remettent-en-doute-lage-de-quaden-a-t-il-9-ans-ou-est-ce-un-imposteur-notre-enquete-point-par-point-et-les-reponses\/","title":{"rendered":"Des milliers d&rsquo;internautes dans le monde remettent en doute l&rsquo;\u00e2ge de Quaden : A-t-il 9 ans o\u00f9 est-ce un imposteur ? Notre enqu\u00eate point par point et les r\u00e9ponses"},"content":{"rendered":"\n<p>La vid\u00e9o de Quaden, le petit gar\u00e7on australien atteint de nanisme et harcel\u00e9 quotidiennement, a fait le tour des r\u00e9seaux sociaux. Les images d\u00e9chirantes de cet enfant qui demande \u00ab\u00a0un couteau\u00a0\u00bb pour qu&rsquo;il puisse \u00ab\u00a0se transpercer le c\u0153ur\u00a0\u00bb, ainsi que le bouleversement de sa m\u00e8re qui, derri\u00e8re la cam\u00e9ra, prend la parole pour \u00ab\u00a0montrer au monde\u00a0\u00bb les cons\u00e9quences du harc\u00e8lement, ont \u00e9mu la plan\u00e8te tout enti\u00e8re.&nbsp;<\/p>\n\n\n\n<p><strong>&#8211; Les preuves apport\u00e9es par les critiques de Quaden Bayles proviennent surtout de photos publi\u00e9es sur son compte Instagram.<\/strong>\u00a0Sur deux d\u2019entre elles, on peut le voir poser avec des amis devant le chiffre 18. Si plusieurs croient que cette photo a \u00e9t\u00e9 prise lors de son 18e anniversaire, il s\u2019agissait bel et bien de la f\u00eate d\u2019un ami, comme le d\u00e9montre une autre photo partag\u00e9e sur le m\u00eame compte Instagram comme l&rsquo;a relev\u00e9 le Journal de Montr\u00e9al. <strong>\u00a0Beaucoup d&rsquo;internautes s&rsquo;appuient \u00e9galement sur un article publi\u00e9 sur le site belge Nordpresse<\/strong>\u00a0qui affirme que Quaden serait en fait un \u00ab\u00a0nainfluenceur\u00a0\u00bb selon l&rsquo;expression employ\u00e9e dans le titre de l&rsquo;article. Or Norddpresse est en fait un site parodique qui a l&rsquo;habitude de semer le trouble avec ce type de papier. Pour simplifier on peut dire que c&rsquo;est l&rsquo;\u00e9quivalent du Gorafi mais en Belgique. <\/p>\n","protected":false},"excerpt":{"rendered":"<p>La vid\u00e9o de Quaden, le petit gar\u00e7on australien atteint de nanisme et harcel\u00e9 quotidiennement, a fait le tour des r\u00e9seaux sociaux. Les images d\u00e9chirantes de cet enfant qui demande \u00ab\u00a0un couteau\u00a0\u00bb pour qu&rsquo;il puisse \u00ab\u00a0se transpercer le c\u0153ur\u00a0\u00bb, ainsi que le bouleversement de sa m\u00e8re qui, derri\u00e8re la cam\u00e9ra, prend la parole pour \u00ab\u00a0montrer au [&hellip;]<\/p>\n","protected":false},"author":2,"featured_media":14700,"comment_status":"open","ping_status":"open","sticky":false,"template":"","format":"standard","meta":{"_jetpack_memberships_contains_paid_content":false,"footnotes":"","jetpack_publicize_message":"","jetpack_publicize_feature_enabled":true,"jetpack_social_post_already_shared":true,"jetpack_social_options":{"image_generator_settings":{"template":"highway","default_image_id":0,"font":"","enabled":false},"version":2},"_wpas_customize_per_network":false},"categories":[68],"tags":[],"class_list":["post-14699","post","type-post","status-publish","format-standard","has-post-thumbnail","hentry","category-actu-culturelle"],"jetpack_publicize_connections":[],"jetpack_featured_media_url":"https:\/\/i0.wp.com\/www.iceagetv.com\/radiosite\/wp-content\/uploads\/2020\/02\/Des-milliers-dinternautes-dans-le-monde-remettent-en-doute-l%C3%A2ge-de-Quaden.jpg?fit=890%2C383&ssl=1","jetpack_sharing_enabled":true,"_links":{"self":[{"href":"https:\/\/www.iceagetv.com\/radiosite\/wp-json\/wp\/v2\/posts\/14699","targetHints":{"allow":["GET"]}}],"collection":[{"href":"https:\/\/www.iceagetv.com\/radiosite\/wp-json\/wp\/v2\/posts"}],"about":[{"href":"https:\/\/www.iceagetv.com\/radiosite\/wp-json\/wp\/v2\/types\/post"}],"author":[{"embeddable":true,"href":"https:\/\/www.iceagetv.com\/radiosite\/wp-json\/wp\/v2\/users\/2"}],"replies":[{"embeddable":true,"href":"https:\/\/www.iceagetv.com\/radiosite\/wp-json\/wp\/v2\/comments?post=14699"}],"version-history":[{"count":1,"href":"https:\/\/www.iceagetv.com\/radiosite\/wp-json\/wp\/v2\/posts\/14699\/revisions"}],"predecessor-version":[{"id":14701,"href":"https:\/\/www.iceagetv.com\/radiosite\/wp-json\/wp\/v2\/posts\/14699\/revisions\/14701"}],"wp:featuredmedia":[{"embeddable":true,"href":"https:\/\/www.iceagetv.com\/radiosite\/wp-json\/wp\/v2\/media\/14700"}],"wp:attachment":[{"href":"https:\/\/www.iceagetv.com\/radiosite\/wp-json\/wp\/v2\/media?parent=14699"}],"wp:term":[{"taxonomy":"category","embeddable":true,"href":"https:\/\/www.iceagetv.com\/radiosite\/wp-json\/wp\/v2\/categories?post=14699"},{"taxonomy":"post_tag","embeddable":true,"href":"https:\/\/www.iceagetv.com\/radiosite\/wp-json\/wp\/v2\/tags?post=14699"}],"curies":[{"name":"wp","href":"https:\/\/api.w.org\/{rel}","templated":true}]}}