{"id":14709,"date":"2020-02-24T07:59:28","date_gmt":"2020-02-24T07:59:28","guid":{"rendered":"http:\/\/www.iceagetv.com\/radiosite\/?p=14709"},"modified":"2020-02-24T07:59:28","modified_gmt":"2020-02-24T07:59:28","slug":"herve-bourges-grande-figure-de-laudiovisuel-et-fervent-defenseur-de-la-francophonie-est-mort-a-lage-de-86-ans","status":"publish","type":"post","link":"https:\/\/www.iceagetv.com\/radiosite\/herve-bourges-grande-figure-de-laudiovisuel-et-fervent-defenseur-de-la-francophonie-est-mort-a-lage-de-86-ans\/","title":{"rendered":"Herv\u00e9 Bourges, grande figure de l&rsquo;audiovisuel et fervent d\u00e9fenseur de la francophonie, est mort \u00e0 l&rsquo;\u00e2ge de 86 ans"},"content":{"rendered":"\n<p>Il \u00e9tait une figure&nbsp;majeure des&nbsp;<a href=\"https:\/\/www.francetvinfo.fr\/economie\/medias\/\">m\u00e9dias<\/a>&nbsp;en France. Herv\u00e9 Bourges, ancien pr\u00e9sident de France 2, France 3, TF1 et RFI, puis dirigeant du Conseil sup\u00e9rieur de l&rsquo;audiovisuel (CSA), est mort dimanche 23 f\u00e9vrier \u00e0 l&rsquo;\u00e2ge de 86 ans, a appris l&rsquo;AFP aupr\u00e8s de ses proches.&nbsp;Il est mort&nbsp;dans un h\u00f4pital parisien, entour\u00e9 de son \u00e9pouse et de proches, a notamment indiqu\u00e9 \u00e0 l&rsquo;AFP Olivier Zegna-Rata, qui fut son directeur de cabinet au Conseil sup\u00e9rieur de l&rsquo;audiovisuel (CSA).<\/p>\n\n\n\n<p>N\u00e9 le 2 mai 1933 \u00e0 Rennes (Ille-et-Vilaine), Herv\u00e9 Bourges fut dipl\u00f4m\u00e9 de l&rsquo;Ecole sup\u00e9rieure de journalisme de Lille (ESJ) en 1955.&nbsp;D\u00e8s 1976, il devient directeur puis pr\u00e9sident de&nbsp;l&rsquo;\u00e9cole, et prend successivement la direction de trois grands m\u00e9dias fran\u00e7ais : RFI (Radio France Internationale), TF1 (jusqu&rsquo;\u00e0 sa privatisation en avril 1987) puis Antenne 2 et FR3 jusqu&rsquo;en septembre 1992, o\u00f9 les deux cha\u00eenes publiques deviennent le groupe&nbsp;<a href=\"https:\/\/www.francetvinfo.fr\/economie\/medias\/france-televisions\/\">France T\u00e9l\u00e9visions<\/a>. Apr\u00e8s&nbsp;deux ann\u00e9es pass\u00e9es comme ambassadeur de France aupr\u00e8s de l&rsquo;Unesco, il est d\u00e9sign\u00e9 en janvier 1995 pr\u00e9sident du Conseil sup\u00e9rieur de l&rsquo;audiovisuel (CSA).&nbsp;<\/p>\n\n\n\n<p>Outre ses r\u00f4les \u00e9minents dans les m\u00e9dias, Herv\u00e9 Bourges fut aussi un militant anti-colonialiste du temps de la guerre d&rsquo;Alg\u00e9rie, un conseiller du pr\u00e9sident alg\u00e9rien Ahmed Ben Bella, un amoureux de l&rsquo;Afrique et un fervent d\u00e9fenseur de&nbsp;<a href=\"https:\/\/www.francetvinfo.fr\/culture\/patrimoine\/francophonie\/\">la francophonie<\/a>. Herv\u00e9 Bourges fut notamment pr\u00e9sident de l&rsquo;Union internationale de la presse francophone.&nbsp;<\/p>\n\n\n\n<h2 class=\"wp-block-heading\">\u00ab\u00a0C&rsquo;\u00e9tait une conscience\u00a0\u00bb&nbsp;<\/h2>\n\n\n\n<p>Sur Twitter, plusieurs personnalit\u00e9s ont tenu \u00e0 rendre hommage \u00e0 cette figure des m\u00e9dias. \u00ab\u00a0Nous<em>\u00a0qui l&rsquo;admirions, avons fait appel \u00e0 lui, pu maintes fois compter sur son inestimable concours, ses avis sur les m\u00e9dias ou sur l&rsquo;Etat de droit, sommes profond\u00e9ment pein\u00e9s\u00a0\u00bb<\/em>, a tweet\u00e9 Michaelle Jean, qui a notamment \u00e9t\u00e9 envoy\u00e9e sp\u00e9ciale de l&rsquo;Unesco pour Ha\u00efti (2010-2014) et secr\u00e9taire g\u00e9n\u00e9rale de la Francophonie (2014-2018).De son c\u00f4t\u00e9, l&rsquo;ancien patron de Radio France et de l&rsquo;Institut national de l&rsquo;audiovisuel Mathieu Gallet a rendu hommage sur Twitter \u00e0 l&rsquo;homme\u00a0<em>\u00ab\u00a0exigeant et juste\u00a0\u00bb<\/em>. <em>Herv\u00e9 Bourges, c&rsquo;\u00e9tait l&rsquo;Alg\u00e9rie, c&rsquo;\u00e9tait l&rsquo;Afrique, c&rsquo;\u00e9tait la francophonie, c&rsquo;\u00e9tait le journalisme, c&rsquo;\u00e9tait l&rsquo;audiovisuel public, c&rsquo;\u00e9tait tout l&rsquo;audiovisuel\u00a0\u00bb<\/em>, a-t-il \u00e9crit sur le r\u00e9seau social.\u00a0<em>\u00ab\u00a0C&rsquo;\u00e9tait une conscience. J&rsquo;aimais son regard sur le monde et sur les hommes<\/em> <br><\/p>\n","protected":false},"excerpt":{"rendered":"<p>Il \u00e9tait une figure&nbsp;majeure des&nbsp;m\u00e9dias&nbsp;en France. Herv\u00e9 Bourges, ancien pr\u00e9sident de France 2, France 3, TF1 et RFI, puis dirigeant du Conseil sup\u00e9rieur de l&rsquo;audiovisuel (CSA), est mort dimanche 23 f\u00e9vrier \u00e0 l&rsquo;\u00e2ge de 86 ans, a appris l&rsquo;AFP aupr\u00e8s de ses proches.&nbsp;Il est mort&nbsp;dans un h\u00f4pital parisien, entour\u00e9 de son \u00e9pouse et de proches, [&hellip;]<\/p>\n","protected":false},"author":2,"featured_media":14710,"comment_status":"open","ping_status":"open","sticky":false,"template":"","format":"standard","meta":{"_jetpack_memberships_contains_paid_content":false,"footnotes":"","jetpack_publicize_message":"","jetpack_publicize_feature_enabled":true,"jetpack_social_post_already_shared":true,"jetpack_social_options":{"image_generator_settings":{"template":"highway","default_image_id":0,"font":"","enabled":false},"version":2},"_wpas_customize_per_network":false},"categories":[68],"tags":[],"class_list":["post-14709","post","type-post","status-publish","format-standard","has-post-thumbnail","hentry","category-actu-culturelle"],"jetpack_publicize_connections":[],"jetpack_featured_media_url":"https:\/\/i0.wp.com\/www.iceagetv.com\/radiosite\/wp-content\/uploads\/2020\/02\/Herv%C3%A9-Bourges.jpg?fit=1197%2C450&ssl=1","jetpack_sharing_enabled":true,"_links":{"self":[{"href":"https:\/\/www.iceagetv.com\/radiosite\/wp-json\/wp\/v2\/posts\/14709","targetHints":{"allow":["GET"]}}],"collection":[{"href":"https:\/\/www.iceagetv.com\/radiosite\/wp-json\/wp\/v2\/posts"}],"about":[{"href":"https:\/\/www.iceagetv.com\/radiosite\/wp-json\/wp\/v2\/types\/post"}],"author":[{"embeddable":true,"href":"https:\/\/www.iceagetv.com\/radiosite\/wp-json\/wp\/v2\/users\/2"}],"replies":[{"embeddable":true,"href":"https:\/\/www.iceagetv.com\/radiosite\/wp-json\/wp\/v2\/comments?post=14709"}],"version-history":[{"count":1,"href":"https:\/\/www.iceagetv.com\/radiosite\/wp-json\/wp\/v2\/posts\/14709\/revisions"}],"predecessor-version":[{"id":14711,"href":"https:\/\/www.iceagetv.com\/radiosite\/wp-json\/wp\/v2\/posts\/14709\/revisions\/14711"}],"wp:featuredmedia":[{"embeddable":true,"href":"https:\/\/www.iceagetv.com\/radiosite\/wp-json\/wp\/v2\/media\/14710"}],"wp:attachment":[{"href":"https:\/\/www.iceagetv.com\/radiosite\/wp-json\/wp\/v2\/media?parent=14709"}],"wp:term":[{"taxonomy":"category","embeddable":true,"href":"https:\/\/www.iceagetv.com\/radiosite\/wp-json\/wp\/v2\/categories?post=14709"},{"taxonomy":"post_tag","embeddable":true,"href":"https:\/\/www.iceagetv.com\/radiosite\/wp-json\/wp\/v2\/tags?post=14709"}],"curies":[{"name":"wp","href":"https:\/\/api.w.org\/{rel}","templated":true}]}}