{"id":14726,"date":"2020-02-26T08:02:21","date_gmt":"2020-02-26T08:02:21","guid":{"rendered":"http:\/\/www.iceagetv.com\/radiosite\/?p=14726"},"modified":"2020-02-26T08:02:21","modified_gmt":"2020-02-26T08:02:21","slug":"malgre-la-violente-polemique-roman-polanski-assistera-bien-a-la-ceremonie-des-cesar-vendredi-soir","status":"publish","type":"post","link":"https:\/\/www.iceagetv.com\/radiosite\/malgre-la-violente-polemique-roman-polanski-assistera-bien-a-la-ceremonie-des-cesar-vendredi-soir\/","title":{"rendered":"Malgr\u00e9 la violente pol\u00e9mique, Roman Polanski assistera bien \u00e0 la c\u00e9r\u00e9monie des C\u00e9sar vendredi soir"},"content":{"rendered":"\n<p>Bravant l\u2019appel \u00e0 manifester de plusieurs associations f\u00e9ministes, Roman Polanski aurait la ferme intention d\u2019assister \u00e0 la soir\u00e9e qui sera retransmise vendredi par Canal + en direct de la salle Pleyel \u00e0 Paris, affirme ce matin<a href=\"https:\/\/www.lci.fr\/medias\/info-lci-cinema-roman-polanski-et-adele-haenel-j-accuse-affaire-dreyfus-assisteront-a-la-ceremonie-des-cesar-2020-2146402.html\" target=\"_blank\" rel=\"noreferrer noopener\">&nbsp;la cha\u00eene&nbsp; LCI<\/a>, citant des sources concordantes.&nbsp;Roman Polanski, 86 ans, devrait \u00eatre entour\u00e9 de plusieurs des com\u00e9diens de \u00ab\u00a0J\u2019accuse\u00a0\u00bb, un film qui a r\u00e9uni plus d\u20191,5 million de spectateurs en salles. Sa compagne Emmanuelle Seigner bien s\u00fbr. Mais aussi Jean Dujardin, l\u2019interpr\u00e8te du commandant Marie-George Picquart.&nbsp;<\/p>\n\n\n\n<p>Le 29 janvier dernier, l\u2019annonce des 12 nominations de \u00ab\u00a0J\u2019accuse\u00a0\u00bb, le dernier film du cin\u00e9aste franco-polonais consacr\u00e9 \u00e0 l\u2019affaire Dreyfus, avait suscit\u00e9 une vague de protestations jusqu\u2019au sein de la classe politique. \u00ab\u00a0Le fait qu\u2019on aille applaudir une personne qui est accus\u00e9e de viol par plusieurs femmes, je trouve cela choquant\u00a0\u00bb, avait d\u00e9clar\u00e9 d\u00e8s le lendemain Marl\u00e8ne Schiappa.&nbsp;<em>close<\/em><em>volume_off<\/em><\/p>\n\n\n\n<p>La situation devrait \u00eatre \u00e0 son comble dans la salle car Ad\u00e8le Haenel, devrait \u00e9galement \u00eatre pr\u00e9sente, apr\u00e8s avoir accus\u00e9 en novembre dernier le r\u00e9alisateur Christophe Ruggia d\u2019attouchements et de harc\u00e8lement sexuel lorsqu\u2019elle avait 12 ans. Ce mardi, dans&nbsp; un entretien au \u00ab\u00a0New York Times\u00a0\u00bb elle estime que \u00ab\u00a0r\u00e9compenser Polanski, c\u2019est cracher au visage des victimes\u00a0\u00bb.<\/p>\n","protected":false},"excerpt":{"rendered":"<p>Bravant l\u2019appel \u00e0 manifester de plusieurs associations f\u00e9ministes, Roman Polanski aurait la ferme intention d\u2019assister \u00e0 la soir\u00e9e qui sera retransmise vendredi par Canal + en direct de la salle Pleyel \u00e0 Paris, affirme ce matin&nbsp;la cha\u00eene&nbsp; LCI, citant des sources concordantes.&nbsp;Roman Polanski, 86 ans, devrait \u00eatre entour\u00e9 de plusieurs des com\u00e9diens de \u00ab\u00a0J\u2019accuse\u00a0\u00bb, un [&hellip;]<\/p>\n","protected":false},"author":2,"featured_media":14727,"comment_status":"open","ping_status":"open","sticky":false,"template":"","format":"standard","meta":{"_jetpack_memberships_contains_paid_content":false,"footnotes":"","jetpack_publicize_message":"","jetpack_publicize_feature_enabled":true,"jetpack_social_post_already_shared":true,"jetpack_social_options":{"image_generator_settings":{"template":"highway","default_image_id":0,"font":"","enabled":false},"version":2},"_wpas_customize_per_network":false},"categories":[68],"tags":[],"class_list":["post-14726","post","type-post","status-publish","format-standard","has-post-thumbnail","hentry","category-actu-culturelle"],"jetpack_publicize_connections":[],"jetpack_featured_media_url":"https:\/\/i0.wp.com\/www.iceagetv.com\/radiosite\/wp-content\/uploads\/2020\/02\/Roman-Polanski.jpg?fit=572%2C290&ssl=1","jetpack_sharing_enabled":true,"_links":{"self":[{"href":"https:\/\/www.iceagetv.com\/radiosite\/wp-json\/wp\/v2\/posts\/14726","targetHints":{"allow":["GET"]}}],"collection":[{"href":"https:\/\/www.iceagetv.com\/radiosite\/wp-json\/wp\/v2\/posts"}],"about":[{"href":"https:\/\/www.iceagetv.com\/radiosite\/wp-json\/wp\/v2\/types\/post"}],"author":[{"embeddable":true,"href":"https:\/\/www.iceagetv.com\/radiosite\/wp-json\/wp\/v2\/users\/2"}],"replies":[{"embeddable":true,"href":"https:\/\/www.iceagetv.com\/radiosite\/wp-json\/wp\/v2\/comments?post=14726"}],"version-history":[{"count":1,"href":"https:\/\/www.iceagetv.com\/radiosite\/wp-json\/wp\/v2\/posts\/14726\/revisions"}],"predecessor-version":[{"id":14728,"href":"https:\/\/www.iceagetv.com\/radiosite\/wp-json\/wp\/v2\/posts\/14726\/revisions\/14728"}],"wp:featuredmedia":[{"embeddable":true,"href":"https:\/\/www.iceagetv.com\/radiosite\/wp-json\/wp\/v2\/media\/14727"}],"wp:attachment":[{"href":"https:\/\/www.iceagetv.com\/radiosite\/wp-json\/wp\/v2\/media?parent=14726"}],"wp:term":[{"taxonomy":"category","embeddable":true,"href":"https:\/\/www.iceagetv.com\/radiosite\/wp-json\/wp\/v2\/categories?post=14726"},{"taxonomy":"post_tag","embeddable":true,"href":"https:\/\/www.iceagetv.com\/radiosite\/wp-json\/wp\/v2\/tags?post=14726"}],"curies":[{"name":"wp","href":"https:\/\/api.w.org\/{rel}","templated":true}]}}