{"id":14732,"date":"2020-02-26T08:06:56","date_gmt":"2020-02-26T08:06:56","guid":{"rendered":"http:\/\/www.iceagetv.com\/radiosite\/?p=14732"},"modified":"2020-02-26T16:42:33","modified_gmt":"2020-02-26T16:42:33","slug":"la-contamination-semble-ralentir-en-chine-alors-quelle-saccelere-en-italie-et-2-nouveaux-cas-signales-en-france-par-le-directeur-general-de-la-sante","status":"publish","type":"post","link":"https:\/\/www.iceagetv.com\/radiosite\/la-contamination-semble-ralentir-en-chine-alors-quelle-saccelere-en-italie-et-2-nouveaux-cas-signales-en-france-par-le-directeur-general-de-la-sante\/","title":{"rendered":"La contamination semble ralentir en Chine alors qu&rsquo;elle s&rsquo;acc\u00e9l\u00e8re en Italie et 2 nouveaux cas signal\u00e9s en France par le directeur g\u00e9n\u00e9ral de la Sant\u00e9"},"content":{"rendered":"\n<p> Virus &#8211; Apr\u00e8s le carnaval de Nice, c&rsquo;est la F\u00eate du citron \u00e0 Menton qui est annul\u00e9e<\/p>\n\n\n\n<p>Les autorit\u00e9s sanitaires f\u00e9d\u00e9rales am\u00e9ricaines ont pr\u00e9venu que la question n\u2019est plus de savoir si le coronavirus va se r\u00e9pandre dans des villes am\u00e9ricaines mais quand, et elles appellent les Am\u00e9ricains \u00e0 se pr\u00e9parer. En prenant notamment des mesures de \u00ab\u00a0distance sociale\u00a0\u00bb, c\u2019est \u00e0 dire par exemple en fermant des \u00e9coles s\u2019il le faut, ou en divisant les classes en de plus petits groupes, en annulant des r\u00e9unions ou des rassemblements et en favorisant le t\u00e9l\u00e9travail.  <strong>La Chine annonce aujourd&rsquo;hui un bilan de 52 morts du coronavirus au cours des derni\u00e8res 24 heures, portant \u00e0 2.715 le total cumul\u00e9 depuis l&rsquo;apparition de la pneumonie<\/strong>\u00a0virale en d\u00e9cembre dans le Hubei (centre). Ce chiffre est le plus bas depuis trois semaines.  Un r\u00e9sident de Sao Paulo ayant r\u00e9cemment visit\u00e9 l&rsquo;Italie est test\u00e9 pour le virus Covid-19, a annonc\u00e9 mardi le minist\u00e8re de la Sant\u00e9 br\u00e9silien, \u00e9voquant un cas qui, si av\u00e9r\u00e9, pourrait alors \u00eatre le premier en Am\u00e9rique du Sud.L&rsquo;homme de 61 ans a voyag\u00e9 en Lombardie, le berceau de l&rsquo;\u00e9pid\u00e9mie en Europe, entre le 9 et 21 f\u00e9vrier dans le cadre de son emploi, a indiqu\u00e9 le minist\u00e8re dans une d\u00e9claration mardi. L&rsquo;homme pr\u00e9sentait des symptomes identiques \u00e0 celui du virus, dont de la fi\u00e8vre et un mal de gorge, selon la d\u00e9claration. Le minist\u00e8re indique que des mesures de pr\u00e9cautions standards ont \u00e9t\u00e9 prises et que le patient est en bonne condition. <\/p>\n\n\n\n<p><strong>Deux nouvelles contaminations au coronavirus ont \u00e9t\u00e9 confirm\u00e9es hier en France<\/strong>, une jeune femme chinoise qui revenait de Chine et un Fran\u00e7ais qui avait s\u00e9journ\u00e9 en Lombardie (Italie), au moment o\u00f9 les questions s&rsquo;intensifient sur la strat\u00e9gie du gouvernement pour contenir l&rsquo;\u00e9pid\u00e9mie. \u00ab\u00a0Nous avons ce soir deux nouveaux cas\u00a0\u00bb, a annonc\u00e9 lors d&rsquo;une conf\u00e9rence de presse le directeur g\u00e9n\u00e9ral de la Sant\u00e9, le Pr J\u00e9r\u00f4me Salomon. Ils portent \u00e0 14 le nombre total de cas enregistr\u00e9s en France depuis le d\u00e9but de la crise du nouveau coronavirus : ces deux nouveaux cas s&rsquo;ajoutent en effet \u00e0 11 patients qui ont \u00e9t\u00e9 d\u00e9clar\u00e9s gu\u00e9ris et ne sont plus hospitalis\u00e9s, ainsi qu&rsquo;\u00e0 un Chinois \u00e2g\u00e9 de 80 ans qui est d\u00e9c\u00e9d\u00e9 mi-f\u00e9vrier \u00e0 Paris.<\/p>\n\n\n\n<p>Le 13e cas est \u00ab\u00a0une jeune femme chinoise revenue de Chine le 7 f\u00e9vrier, qui est hospitalis\u00e9e \u00e0 Paris\u00a0\u00bb pour simple \u00ab\u00a0surveillance\u00a0\u00bb et qui \u00ab\u00a0va tr\u00e8s bien\u00a0\u00bb, a pr\u00e9cis\u00e9 le num\u00e9ro deux du minist\u00e8re de la Sant\u00e9. Cette jeune femme a \u00e9t\u00e9 test\u00e9e n\u00e9gative au nouveau coronavirus mais \u00e9tait porteuse de \u00ab\u00a0traces de gu\u00e9rison\u00a0\u00bb, a-t-il pr\u00e9cis\u00e9.<\/p>\n\n\n\n<p>Quant au 14e cas, il s&rsquo;agit d'\u00a0\u00bbun homme Fran\u00e7ais qui rentre d&rsquo;un s\u00e9jour en Lombardie et qui est actuellement hospitalis\u00e9 en Auvergne-Rh\u00f4ne Alpes\u00a0\u00bb, une r\u00e9gion frontali\u00e8re de l&rsquo;Italie, a ajout\u00e9 le responsable. Ces deux cas ont \u00e9t\u00e9 annonc\u00e9s sur fond de multiplication des contaminations dans plusieurs pays ext\u00e9rieurs \u00e0 la Chine (Cor\u00e9e du Sud, Iran, Italie&#8230;), un contexte pr\u00e9occupant qui nourrit les d\u00e9bats en France sur les mesures \u00e0 adopter pour contenir le virus.<\/p>\n\n\n\n<p><\/p>\n","protected":false},"excerpt":{"rendered":"<p>Virus &#8211; Apr\u00e8s le carnaval de Nice, c&rsquo;est la F\u00eate du citron \u00e0 Menton qui est annul\u00e9e Les autorit\u00e9s sanitaires f\u00e9d\u00e9rales am\u00e9ricaines ont pr\u00e9venu que la question n\u2019est plus de savoir si le coronavirus va se r\u00e9pandre dans des villes am\u00e9ricaines mais quand, et elles appellent les Am\u00e9ricains \u00e0 se pr\u00e9parer. En prenant notamment des [&hellip;]<\/p>\n","protected":false},"author":2,"featured_media":14733,"comment_status":"open","ping_status":"open","sticky":false,"template":"","format":"standard","meta":{"_jetpack_memberships_contains_paid_content":false,"footnotes":"","jetpack_publicize_message":"","jetpack_publicize_feature_enabled":true,"jetpack_social_post_already_shared":true,"jetpack_social_options":{"image_generator_settings":{"template":"highway","default_image_id":0,"font":"","enabled":false},"version":2},"_wpas_customize_per_network":false},"categories":[405],"tags":[],"class_list":["post-14732","post","type-post","status-publish","format-standard","has-post-thumbnail","hentry","category-actu-france-monde"],"jetpack_publicize_connections":[],"jetpack_featured_media_url":"https:\/\/i0.wp.com\/www.iceagetv.com\/radiosite\/wp-content\/uploads\/2020\/02\/2-nouveaux-cas-signal%C3%A9s-en-France-par-le-directeur-g%C3%A9n%C3%A9ral-de-la-Sant%C3%A9.jpg?fit=641%2C272&ssl=1","jetpack_sharing_enabled":true,"_links":{"self":[{"href":"https:\/\/www.iceagetv.com\/radiosite\/wp-json\/wp\/v2\/posts\/14732","targetHints":{"allow":["GET"]}}],"collection":[{"href":"https:\/\/www.iceagetv.com\/radiosite\/wp-json\/wp\/v2\/posts"}],"about":[{"href":"https:\/\/www.iceagetv.com\/radiosite\/wp-json\/wp\/v2\/types\/post"}],"author":[{"embeddable":true,"href":"https:\/\/www.iceagetv.com\/radiosite\/wp-json\/wp\/v2\/users\/2"}],"replies":[{"embeddable":true,"href":"https:\/\/www.iceagetv.com\/radiosite\/wp-json\/wp\/v2\/comments?post=14732"}],"version-history":[{"count":2,"href":"https:\/\/www.iceagetv.com\/radiosite\/wp-json\/wp\/v2\/posts\/14732\/revisions"}],"predecessor-version":[{"id":14739,"href":"https:\/\/www.iceagetv.com\/radiosite\/wp-json\/wp\/v2\/posts\/14732\/revisions\/14739"}],"wp:featuredmedia":[{"embeddable":true,"href":"https:\/\/www.iceagetv.com\/radiosite\/wp-json\/wp\/v2\/media\/14733"}],"wp:attachment":[{"href":"https:\/\/www.iceagetv.com\/radiosite\/wp-json\/wp\/v2\/media?parent=14732"}],"wp:term":[{"taxonomy":"category","embeddable":true,"href":"https:\/\/www.iceagetv.com\/radiosite\/wp-json\/wp\/v2\/categories?post=14732"},{"taxonomy":"post_tag","embeddable":true,"href":"https:\/\/www.iceagetv.com\/radiosite\/wp-json\/wp\/v2\/tags?post=14732"}],"curies":[{"name":"wp","href":"https:\/\/api.w.org\/{rel}","templated":true}]}}