{"id":14736,"date":"2020-02-26T13:59:50","date_gmt":"2020-02-26T13:59:50","guid":{"rendered":"http:\/\/www.iceagetv.com\/radiosite\/?p=14736"},"modified":"2020-02-26T13:59:50","modified_gmt":"2020-02-26T13:59:50","slug":"coronavirus-le-francais-decede-navait-pas-ete-dans-des-zones-a-risques","status":"publish","type":"post","link":"https:\/\/www.iceagetv.com\/radiosite\/coronavirus-le-francais-decede-navait-pas-ete-dans-des-zones-a-risques\/","title":{"rendered":"Coronavirus : le Fran\u00e7ais d\u00e9c\u00e9d\u00e9 \u00ab\u00a0n&rsquo;avait pas \u00e9t\u00e9 dans des zones \u00e0 risques\u00a0\u00bb"},"content":{"rendered":"\n<p>LE POINT EN FRANCE- Les autorit\u00e9s fran\u00e7aises ont fait savoir que trois nouveaux cas de coronavirus ont \u00e9t\u00e9 confirm\u00e9s en France. Parmi eux, un Fran\u00e7ais d&rsquo;une soixantaine d&rsquo;ann\u00e9es est d\u00e9c\u00e9d\u00e9 dans la nuit de lundi \u00e0 mardi et un autre homme hospitalis\u00e9 \u00ab\u00a0dans une situation clinique grave\u00a0\u00bb. On fait le point sur ce que l&rsquo;on sait.<\/p>\n\n\n\n<p>Que sait-on des trois nouveaux cas de coronavirus en France ? Les autorit\u00e9s sanitaires ont r\u00e9v\u00e9l\u00e9 ce mercredi 26 f\u00e9vrier que trois personne hospitalis\u00e9es dans le pays s&rsquo;\u00e9taient r\u00e9v\u00e9l\u00e9es porteuses du coronavirus. Il s&rsquo;agit de trois hommes, dont l&rsquo;un est d\u00e9c\u00e9d\u00e9 dans la nuit. Il est le premier Fran\u00e7ais \u00e0 d\u00e9c\u00e9der du covid-19 depuis le d\u00e9but de l&rsquo;\u00e9pid\u00e9mie.<\/p>\n\n\n\n<p>Devant la presse, J\u00e9r\u00f4me Salomon, directeur g\u00e9n\u00e9ral de la Sant\u00e9, en a dit un peu plus sur les patients 15, 16 et 17.\u00a0D&rsquo;abord le 17e, mort \u00e0 l&rsquo;h\u00f4pital de La Piti\u00e9-Salp\u00eatri\u00e8re. Ag\u00e9 de 60 ans, cet enseignant au coll\u00e8ge de Cr\u00e9py-en-Valois avait \u00e9t\u00e9 \u00ab\u00a0test\u00e9 en urgence\u00a0\u00bb, apr\u00e8s avoir \u00e9t\u00e9 hospitalis\u00e9 alors qu&rsquo;il se trouvait dans un \u00ab\u00a0\u00e9tat gravissime\u00a0\u00bb, souffrant notamment d&rsquo;une embolie pulmonaire. \u00ab\u00a0Il ne s&rsquo;\u00e9tait pas rendu dans des zones d&rsquo;exposition \u00e0 risque\u00a0\u00bb, a pr\u00e9cis\u00e9 le lendemain la pr\u00e9fecture de l&rsquo;Oise, d&rsquo;o\u00f9 il \u00e9tait originaire, expliquant pourquoi il n&rsquo;avait pas \u00e9t\u00e9 identifi\u00e9 comme tel. L&rsquo;enqu\u00eate pour faire toute la clart\u00e9 sur les conditions de sa contamination a \u00e9t\u00e9 lanc\u00e9e en urgence. Il est le premier Fran\u00e7ais \u00e0 mourir du coronavirus et le deuxi\u00e8me \u00e0 mourir dans la capitale, apr\u00e8s la mort d&rsquo;un touriste chinois \u00e2g\u00e9 de 80 ans.<\/p>\n\n\n\n<h3 class=\"wp-block-heading\">Un Fran\u00e7ais de 60 ans d\u00e9c\u00e9d\u00e9 \u00e0 Paris<\/h3>\n\n\n\n<p>Autre cas, celui d&rsquo;une homme plus jeune, \u00e2g\u00e9 de 36 ans. Hospitalis\u00e9 \u00e0&nbsp;<strong>Strasbourg<\/strong>, il est de nationalit\u00e9 fran\u00e7aise mais revient de&nbsp;<a href=\"https:\/\/www.lci.fr\/international\/video-coronavirus-en-italie-la-lombardie-vraiment-inaccessible-2146409.html\" target=\"_blank\" rel=\"noreferrer noopener\">Lombardie<\/a>, foyer de l&rsquo;\u00e9pid\u00e9mie en Italie. Il ne pr\u00e9sente pour le moment \u00ab\u00a0pas de signe de gravit\u00e9\u00a0\u00bb et l&rsquo;Agence r\u00e9gionale de Sant\u00e9 dispose \u00ab\u00a0des coordonn\u00e9es pour l&rsquo;ensemble des cas contacts\u00a0\u00bb.&nbsp;<\/p>\n\n\n\n<p>La situation est plus inqui\u00e9tante pour l&rsquo;homme fran\u00e7ais de 55 ans, hospitalis\u00e9 \u00e0&nbsp;<strong>Amiens<\/strong>. Selon le num\u00e9ro 2 du minist\u00e8re de la Sant\u00e9, sa \u00ab\u00a0situation clinique est grave\u00a0\u00bb. Probl\u00e8me : d&rsquo;apr\u00e8s un membre de l&rsquo;h\u00f4pital cit\u00e9 par&nbsp;<em>Le Parisien<\/em>, si le patient est accueilli au sein du centre hospitalier de Compi\u00e8gne Noyon depuis \u00ab\u00a0plusieurs jours\u00a0\u00bb, les r\u00e9sultats du test ne sont arriv\u00e9s qu&rsquo;hier soir. Son infection n&rsquo;ayant \u00e9t\u00e9 d\u00e9couverte qu&rsquo;\u00e0 \u00ab\u00a0la fin de son s\u00e9jour\u00a0\u00bb, il a donc \u00e9t\u00e9 en contact avec le personnel des urgences. Ce patient, habitant de Lacroix-Saint-Ouen, dans l&rsquo;Oise, travaillerait \u00e0 la base militaire a\u00e9rienne de Creil, d&rsquo;apr\u00e8s le&nbsp;<a href=\"http:\/\/www.leparisien.fr\/oise-60\/oise-un-homme-touche-par-le-coronavirus-un-second-cas-suspect-26-02-2020-8267154.php\" target=\"_blank\" rel=\"noreferrer noopener\">journal local<\/a>. Il est actuellement en r\u00e9animation et l&rsquo;enqu\u00eate autour de son cas est toujours &nbsp;en cours.&nbsp;Pas plus que l&rsquo;homme d\u00e9c\u00e9d\u00e9 \u00e0 La Piti\u00e9 Salp\u00eatri\u00e8re, il ne s&rsquo;\u00e9tait rendu dans une zone \u00e0 risque, a pr\u00e9cis\u00e9 la pr\u00e9fecture de l&rsquo;Oise.<\/p>\n\n\n\n<p><\/p>\n\n\n\n<p><\/p>\n","protected":false},"excerpt":{"rendered":"<p>LE POINT EN FRANCE- Les autorit\u00e9s fran\u00e7aises ont fait savoir que trois nouveaux cas de coronavirus ont \u00e9t\u00e9 confirm\u00e9s en France. Parmi eux, un Fran\u00e7ais d&rsquo;une soixantaine d&rsquo;ann\u00e9es est d\u00e9c\u00e9d\u00e9 dans la nuit de lundi \u00e0 mardi et un autre homme hospitalis\u00e9 \u00ab\u00a0dans une situation clinique grave\u00a0\u00bb. On fait le point sur ce que l&rsquo;on [&hellip;]<\/p>\n","protected":false},"author":2,"featured_media":14737,"comment_status":"open","ping_status":"open","sticky":false,"template":"","format":"standard","meta":{"_jetpack_memberships_contains_paid_content":false,"footnotes":"","jetpack_publicize_message":"","jetpack_publicize_feature_enabled":true,"jetpack_social_post_already_shared":true,"jetpack_social_options":{"image_generator_settings":{"template":"highway","default_image_id":0,"font":"","enabled":false},"version":2},"_wpas_customize_per_network":false},"categories":[405],"tags":[],"class_list":["post-14736","post","type-post","status-publish","format-standard","has-post-thumbnail","hentry","category-actu-france-monde"],"jetpack_publicize_connections":[],"jetpack_featured_media_url":"https:\/\/i0.wp.com\/www.iceagetv.com\/radiosite\/wp-content\/uploads\/2020\/02\/le-Fran%C3%A7ais-d%C3%A9c%C3%A9d%C3%A9.jpg?fit=932%2C582&ssl=1","jetpack_sharing_enabled":true,"_links":{"self":[{"href":"https:\/\/www.iceagetv.com\/radiosite\/wp-json\/wp\/v2\/posts\/14736","targetHints":{"allow":["GET"]}}],"collection":[{"href":"https:\/\/www.iceagetv.com\/radiosite\/wp-json\/wp\/v2\/posts"}],"about":[{"href":"https:\/\/www.iceagetv.com\/radiosite\/wp-json\/wp\/v2\/types\/post"}],"author":[{"embeddable":true,"href":"https:\/\/www.iceagetv.com\/radiosite\/wp-json\/wp\/v2\/users\/2"}],"replies":[{"embeddable":true,"href":"https:\/\/www.iceagetv.com\/radiosite\/wp-json\/wp\/v2\/comments?post=14736"}],"version-history":[{"count":1,"href":"https:\/\/www.iceagetv.com\/radiosite\/wp-json\/wp\/v2\/posts\/14736\/revisions"}],"predecessor-version":[{"id":14738,"href":"https:\/\/www.iceagetv.com\/radiosite\/wp-json\/wp\/v2\/posts\/14736\/revisions\/14738"}],"wp:featuredmedia":[{"embeddable":true,"href":"https:\/\/www.iceagetv.com\/radiosite\/wp-json\/wp\/v2\/media\/14737"}],"wp:attachment":[{"href":"https:\/\/www.iceagetv.com\/radiosite\/wp-json\/wp\/v2\/media?parent=14736"}],"wp:term":[{"taxonomy":"category","embeddable":true,"href":"https:\/\/www.iceagetv.com\/radiosite\/wp-json\/wp\/v2\/categories?post=14736"},{"taxonomy":"post_tag","embeddable":true,"href":"https:\/\/www.iceagetv.com\/radiosite\/wp-json\/wp\/v2\/tags?post=14736"}],"curies":[{"name":"wp","href":"https:\/\/api.w.org\/{rel}","templated":true}]}}