{"id":14740,"date":"2020-02-27T08:04:39","date_gmt":"2020-02-27T08:04:39","guid":{"rendered":"http:\/\/www.iceagetv.com\/radiosite\/?p=14740"},"modified":"2020-02-27T08:04:39","modified_gmt":"2020-02-27T08:04:39","slug":"meteo-france-place-ce-matin-10-departements-en-alerte-orange-pour-neige-et-verglas-avec-une-inquietude-pour-le-debut-de-matinee","status":"publish","type":"post","link":"https:\/\/www.iceagetv.com\/radiosite\/meteo-france-place-ce-matin-10-departements-en-alerte-orange-pour-neige-et-verglas-avec-une-inquietude-pour-le-debut-de-matinee\/","title":{"rendered":"M\u00e9t\u00e9o France place ce matin 10 d\u00e9partements en alerte orange pour neige et verglas avec une inqui\u00e9tude pour le d\u00e9but de matin\u00e9e"},"content":{"rendered":"\n<p><strong>M\u00e9t\u00e9o-France a ainsi plac\u00e9 10 d\u00e9partements en vigilance orange pour neige et verglas : Aisne (02), Ardennes (08), Marne (51), Meurthe-et-Moselle (54), Meuse (55), Moselle (57), Nord (59), Oise (60) Pas-de-Calais (62) et Somme (80)<\/strong><\/p>\n\n\n\n<p>Bien que relativement classique pour la saison, cet \u00e9pisode de neige s&rsquo;annonce suffisamment notable pour rendre les conditions de circulation difficiles durant quelques heures. Il s&rsquo;agira de pluies lors de l&rsquo;arriv\u00e9e de la perturbation en Bretagne et en Normandie. En revanche, lorsqu&rsquo;elle entrera en contact avec de l&rsquo;air un peu plus froid pr\u00e9sent dans le nord et l&rsquo;est, ces pluies se transformeront en neige.<\/p>\n\n\n\n<p>Dans ces r\u00e9gions, il s&rsquo;agira le plus souvent de pluies et de neige m\u00eal\u00e9es voire de neige seule tr\u00e8s temporairement mais les temp\u00e9ratures faiblement positives ne devraient pas permettre sa tenue au sol.<\/p>\n\n\n\n<p>C&rsquo;est v\u00e9ritablement au cours de la matin\u00e9e que la neige prendra le dessus du Nord-Pas-de-Calais \u00e0 la Champagne-Ardenne et jusqu&rsquo;au nord de la Bourgogne. Avant la mi-journ\u00e9e, ces flocons auront gagn\u00e9 la Lorraine, l&rsquo;Alsace et la Franche-Comt\u00e9 tandis que la pluie reprendra l&rsquo;avantage au fil de l&rsquo;apr\u00e8s-midi \u00e0 la faveur du redoux se mettant en place. La limite pluie-neige remontera alors \u00e0 300 m\u00e8tres d&rsquo;altitude, y compris en direction du nord des Alpes.<\/p>\n\n\n\n<p>L&rsquo;\u00e9pisode neigeux, d&rsquo;une dur\u00e9e de trois heures en moyenne, pourra apporter une couche de 3 \u00e0 6 cm sur les d\u00e9partements plac\u00e9s en vigilance orange, localement jusqu&rsquo;\u00e0 10 cm sur les Ardennes et pr\u00e8s de la fronti\u00e8re luxembourgeoise. Dans les autres d\u00e9partements o\u00f9 la neige tombera, la tenue au sol sera tr\u00e8s al\u00e9atoire et les quantit\u00e9s resteront faibles.<\/p>\n\n\n\n<p><\/p>\n","protected":false},"excerpt":{"rendered":"<p>M\u00e9t\u00e9o-France a ainsi plac\u00e9 10 d\u00e9partements en vigilance orange pour neige et verglas : Aisne (02), Ardennes (08), Marne (51), Meurthe-et-Moselle (54), Meuse (55), Moselle (57), Nord (59), Oise (60) Pas-de-Calais (62) et Somme (80) Bien que relativement classique pour la saison, cet \u00e9pisode de neige s&rsquo;annonce suffisamment notable pour rendre les conditions de circulation [&hellip;]<\/p>\n","protected":false},"author":2,"featured_media":14741,"comment_status":"open","ping_status":"open","sticky":false,"template":"","format":"standard","meta":{"_jetpack_memberships_contains_paid_content":false,"footnotes":"","jetpack_publicize_message":"","jetpack_publicize_feature_enabled":true,"jetpack_social_post_already_shared":true,"jetpack_social_options":{"image_generator_settings":{"template":"highway","default_image_id":0,"font":"","enabled":false},"version":2},"_wpas_customize_per_network":false},"categories":[14],"tags":[],"class_list":["post-14740","post","type-post","status-publish","format-standard","has-post-thumbnail","hentry","category-actu-meteo"],"jetpack_publicize_connections":[],"jetpack_featured_media_url":"https:\/\/i0.wp.com\/www.iceagetv.com\/radiosite\/wp-content\/uploads\/2020\/02\/alerte-orange-neige-nord-de-la-france.jpg?fit=684%2C403&ssl=1","jetpack_sharing_enabled":true,"_links":{"self":[{"href":"https:\/\/www.iceagetv.com\/radiosite\/wp-json\/wp\/v2\/posts\/14740","targetHints":{"allow":["GET"]}}],"collection":[{"href":"https:\/\/www.iceagetv.com\/radiosite\/wp-json\/wp\/v2\/posts"}],"about":[{"href":"https:\/\/www.iceagetv.com\/radiosite\/wp-json\/wp\/v2\/types\/post"}],"author":[{"embeddable":true,"href":"https:\/\/www.iceagetv.com\/radiosite\/wp-json\/wp\/v2\/users\/2"}],"replies":[{"embeddable":true,"href":"https:\/\/www.iceagetv.com\/radiosite\/wp-json\/wp\/v2\/comments?post=14740"}],"version-history":[{"count":1,"href":"https:\/\/www.iceagetv.com\/radiosite\/wp-json\/wp\/v2\/posts\/14740\/revisions"}],"predecessor-version":[{"id":14742,"href":"https:\/\/www.iceagetv.com\/radiosite\/wp-json\/wp\/v2\/posts\/14740\/revisions\/14742"}],"wp:featuredmedia":[{"embeddable":true,"href":"https:\/\/www.iceagetv.com\/radiosite\/wp-json\/wp\/v2\/media\/14741"}],"wp:attachment":[{"href":"https:\/\/www.iceagetv.com\/radiosite\/wp-json\/wp\/v2\/media?parent=14740"}],"wp:term":[{"taxonomy":"category","embeddable":true,"href":"https:\/\/www.iceagetv.com\/radiosite\/wp-json\/wp\/v2\/categories?post=14740"},{"taxonomy":"post_tag","embeddable":true,"href":"https:\/\/www.iceagetv.com\/radiosite\/wp-json\/wp\/v2\/tags?post=14740"}],"curies":[{"name":"wp","href":"https:\/\/api.w.org\/{rel}","templated":true}]}}