{"id":14743,"date":"2020-02-27T08:08:46","date_gmt":"2020-02-27T08:08:46","guid":{"rendered":"http:\/\/www.iceagetv.com\/radiosite\/?p=14743"},"modified":"2020-02-27T08:08:46","modified_gmt":"2020-02-27T08:08:46","slug":"incendie-dans-un-immeuble-a-strasbourg-cinq-morts-et-sept-blesses","status":"publish","type":"post","link":"https:\/\/www.iceagetv.com\/radiosite\/incendie-dans-un-immeuble-a-strasbourg-cinq-morts-et-sept-blesses\/","title":{"rendered":"Incendie dans un immeuble \u00e0 Strasbourg: cinq morts et sept bless\u00e9s"},"content":{"rendered":"\n<p>Afin de d\u00e9terminer les causes de l&rsquo;incendie, une enqu\u00eate a \u00e9t\u00e9 ouverte et confi\u00e9e \u00e0 la s\u00fbret\u00e9 d\u00e9partementale du Bas-Rhin.<\/p>\n\n\n\n<p>Roland Ries, maire de Strasbourg, est attendu sur les lieux du drame dans la journ\u00e9e, selon Paul Meyer, adjoint au maire en charge du quartier gare, qui s&rsquo;est rendu sur place dans la matin\u00e9e.<\/p>\n\n\n\n<p>L&rsquo;immeuble touch\u00e9 par l&rsquo;incendie est une copropri\u00e9t\u00e9 priv\u00e9e.<\/p>\n\n\n\n<p>Les sapeurs pompiers du Bas-Rhin sont intervenus ce jeudi 27 f\u00e9vrier \u00e0 1h16 pour un d\u00e9gagement de fum\u00e9e dans une cage d\u2019escalier d\u2019un<br>immeuble de sept \u00e9tages situ\u00e9 rue de Barr, dans le quartier gare \u00e0 Strasbourg, apprend-on dans un communiqu\u00e9 du service d\u00e9partemental de secours et d&rsquo;incendie.<\/p>\n\n\n\n<p>\u00ab\u00a0On s&rsquo;est pris plein de fum\u00e9e\u00a0\u00bb<\/p>\n\n\n\n<p>A l\u2019arriv\u00e9e sur les lieux, les pompiers ont d\u00fb mettre en s\u00e9curit\u00e9 et \u00e9vacuer de nombreuses personnes en raison de l\u2019\u00e9paisse fum\u00e9e qui avait<br>envahi les communs.<\/p>\n\n\n\n<p>\u00ab\u00a0On a essay\u00e9 d&rsquo;ouvrir la porte d&rsquo;entr\u00e9e pour descendre, et on s&rsquo;est pris plein de fum\u00e9e. On a referm\u00e9 la porte. Ensuite, on a vu la lueur des flammes. On s&rsquo;est r\u00e9fugi\u00e9s pr\u00e8s de la fen\u00eatre. Les pompiers sont arriv\u00e9s dix minutes apr\u00e8s\u00a0\u00bb, a t\u00e9moign\u00e9 Marie, une habitante du deuxi\u00e8me \u00e9tage, aupr\u00e8s de notre reporter sur place. Cette habitante indique avoir \u00e9t\u00e9 r\u00e9veill\u00e9e par un bruit \u00e9lectrique.<\/p>\n\n\n\n<h4 class=\"wp-block-heading\">23 personnes indemnes<\/h4>\n\n\n\n<p>Le bilan humain est lourd: cinq personnes seraient d\u00e9c\u00e9d\u00e9es dans l&rsquo;incendie, selon les pompiers et sept personnes bless\u00e9es. 23 personnes sont indemnes.&nbsp;<\/p>\n\n\n\n<p>Les bless\u00e9s ont \u00e9t\u00e9 pris en charge par les \u00e9quipages du SDIS et du SAMU. Les personnes \u00e9vacu\u00e9es ont \u00e9t\u00e9 accueillies au centre sportif ouest de Strasbourg. Neuf personnes ainsi \u00e9t\u00e9 relog\u00e9es en pleine nuit par la protection civile. Ce matin, une cellule d&rsquo;urgence m\u00e9dico-psychologique a \u00e9t\u00e9 ouverte.<\/p>\n\n\n\n<p>48 pompiers ont \u00e9t\u00e9 mobilis\u00e9s, ainsi que 23 engins. Josiane Chevalier, la pr\u00e9f\u00e8te du Bas-Rhin, \u00e9tait sur place.<\/p>\n\n\n\n<p>On ignore pour l&rsquo;heure les causes de l&rsquo;incendie.<\/p>\n\n\n\n<p><\/p>\n","protected":false},"excerpt":{"rendered":"<p>Afin de d\u00e9terminer les causes de l&rsquo;incendie, une enqu\u00eate a \u00e9t\u00e9 ouverte et confi\u00e9e \u00e0 la s\u00fbret\u00e9 d\u00e9partementale du Bas-Rhin. Roland Ries, maire de Strasbourg, est attendu sur les lieux du drame dans la journ\u00e9e, selon Paul Meyer, adjoint au maire en charge du quartier gare, qui s&rsquo;est rendu sur place dans la matin\u00e9e. L&rsquo;immeuble [&hellip;]<\/p>\n","protected":false},"author":2,"featured_media":14744,"comment_status":"open","ping_status":"open","sticky":false,"template":"","format":"standard","meta":{"_jetpack_memberships_contains_paid_content":false,"footnotes":"","jetpack_publicize_message":"","jetpack_publicize_feature_enabled":true,"jetpack_social_post_already_shared":true,"jetpack_social_options":{"image_generator_settings":{"template":"highway","default_image_id":0,"font":"","enabled":false},"version":2},"_wpas_customize_per_network":false},"categories":[405],"tags":[],"class_list":["post-14743","post","type-post","status-publish","format-standard","has-post-thumbnail","hentry","category-actu-france-monde"],"jetpack_publicize_connections":[],"jetpack_featured_media_url":"https:\/\/i0.wp.com\/www.iceagetv.com\/radiosite\/wp-content\/uploads\/2020\/02\/Incendie-dans-un-immeuble-%C3%A0-Strasbourg.jpg?fit=1000%2C500&ssl=1","jetpack_sharing_enabled":true,"_links":{"self":[{"href":"https:\/\/www.iceagetv.com\/radiosite\/wp-json\/wp\/v2\/posts\/14743","targetHints":{"allow":["GET"]}}],"collection":[{"href":"https:\/\/www.iceagetv.com\/radiosite\/wp-json\/wp\/v2\/posts"}],"about":[{"href":"https:\/\/www.iceagetv.com\/radiosite\/wp-json\/wp\/v2\/types\/post"}],"author":[{"embeddable":true,"href":"https:\/\/www.iceagetv.com\/radiosite\/wp-json\/wp\/v2\/users\/2"}],"replies":[{"embeddable":true,"href":"https:\/\/www.iceagetv.com\/radiosite\/wp-json\/wp\/v2\/comments?post=14743"}],"version-history":[{"count":1,"href":"https:\/\/www.iceagetv.com\/radiosite\/wp-json\/wp\/v2\/posts\/14743\/revisions"}],"predecessor-version":[{"id":14745,"href":"https:\/\/www.iceagetv.com\/radiosite\/wp-json\/wp\/v2\/posts\/14743\/revisions\/14745"}],"wp:featuredmedia":[{"embeddable":true,"href":"https:\/\/www.iceagetv.com\/radiosite\/wp-json\/wp\/v2\/media\/14744"}],"wp:attachment":[{"href":"https:\/\/www.iceagetv.com\/radiosite\/wp-json\/wp\/v2\/media?parent=14743"}],"wp:term":[{"taxonomy":"category","embeddable":true,"href":"https:\/\/www.iceagetv.com\/radiosite\/wp-json\/wp\/v2\/categories?post=14743"},{"taxonomy":"post_tag","embeddable":true,"href":"https:\/\/www.iceagetv.com\/radiosite\/wp-json\/wp\/v2\/tags?post=14743"}],"curies":[{"name":"wp","href":"https:\/\/api.w.org\/{rel}","templated":true}]}}