{"id":14758,"date":"2020-02-28T13:38:08","date_gmt":"2020-02-28T13:38:08","guid":{"rendered":"http:\/\/www.iceagetv.com\/radiosite\/?p=14758"},"modified":"2020-02-28T13:38:08","modified_gmt":"2020-02-28T13:38:08","slug":"coronavirus-le-salon-de-lautomobile-de-geneve-annule","status":"publish","type":"post","link":"https:\/\/www.iceagetv.com\/radiosite\/coronavirus-le-salon-de-lautomobile-de-geneve-annule\/","title":{"rendered":"Coronavirus : le salon de l&rsquo;automobile de Gen\u00e8ve annul\u00e9"},"content":{"rendered":"\n<p> Le 90e Salon international de l&rsquo;automobile de Gen\u00e8ve, qui devait avoir lieu du 5 au 15 mars,\u00a0est annul\u00e9 en raison de l&rsquo;\u00e9pid\u00e9mie de coronavirus,\u00a0ont annonc\u00e9 vendredi 28 f\u00e9vrier les autorit\u00e9s locales. L&rsquo;annonce a \u00e9t\u00e9 faite apr\u00e8s que le gouvernement suisse a\u00a0<strong>interdit toutes les manifestations de plus de 1.000 personnes<\/strong>\u00a0dans le pays. Le salon, qui devait accueillir plus de 600.000 visiteurs ne peut donc pas se tenir. <\/p>\n\n\n\n<p>\u00ab\u00a0Coronavirus : en coordination avec les cantons, le Conseil f\u00e9d\u00e9ral a d\u00e9cid\u00e9 d&rsquo;interdire les grandes manifestations.&nbsp;<strong>\u00c0 Gen\u00e8ve, le Salon de l&rsquo;Auto n&rsquo;aura donc pas lieu<\/strong>\u00ab\u00a0, a annonc\u00e9 dans un tweet le pr\u00e9sident du Conseil d&rsquo;\u00c9tat de Gen\u00e8ve, Antonio Hodgers.&nbsp;<\/p>\n\n\n\n<p>Aucune information sur un \u00e9ventuel report de l&rsquo;\u00e9v\u00e9nement n&rsquo;a \u00e9t\u00e9 communiqu\u00e9e par les organisateurs, qui devraient tenir une conf\u00e9rence de presse dans la journ\u00e9e.<\/p>\n\n\n\n<p>Depuis mardi, la Suisse est \u00e9galement touch\u00e9 par l&rsquo;\u00e9pid\u00e9mie de Covid-19. \u00ab\u00a0C&rsquo;est une \u00e9volution qui n&rsquo;est pas une surprise\u00a0\u00bb, et \u00ab\u00a0nous avons&nbsp;<strong>15 personnes test\u00e9es positives<\/strong>\u00ab\u00a0, a indiqu\u00e9 hier le ministre de la Sant\u00e9 suisse, Alain Berset. \u00ab\u00a0Nous devons nous attendre \u00e0 une augmentation des cas dans ces prochains jours\u00a0\u00bb, a-t-il averti.&nbsp;LA R\u00c9DACTION VOUS RECOMMANDE\n\n<\/p>\n\n\n\n<p><\/p>\n\n\n\n<p><\/p>\n","protected":false},"excerpt":{"rendered":"<p>Le 90e Salon international de l&rsquo;automobile de Gen\u00e8ve, qui devait avoir lieu du 5 au 15 mars,\u00a0est annul\u00e9 en raison de l&rsquo;\u00e9pid\u00e9mie de coronavirus,\u00a0ont annonc\u00e9 vendredi 28 f\u00e9vrier les autorit\u00e9s locales. L&rsquo;annonce a \u00e9t\u00e9 faite apr\u00e8s que le gouvernement suisse a\u00a0interdit toutes les manifestations de plus de 1.000 personnes\u00a0dans le pays. Le salon, qui devait [&hellip;]<\/p>\n","protected":false},"author":2,"featured_media":14759,"comment_status":"open","ping_status":"open","sticky":false,"template":"","format":"standard","meta":{"_jetpack_memberships_contains_paid_content":false,"footnotes":"","jetpack_publicize_message":"","jetpack_publicize_feature_enabled":true,"jetpack_social_post_already_shared":true,"jetpack_social_options":{"image_generator_settings":{"template":"highway","default_image_id":0,"font":"","enabled":false},"version":2},"_wpas_customize_per_network":false},"categories":[405],"tags":[],"class_list":["post-14758","post","type-post","status-publish","format-standard","has-post-thumbnail","hentry","category-actu-france-monde"],"jetpack_publicize_connections":[],"jetpack_featured_media_url":"https:\/\/i0.wp.com\/www.iceagetv.com\/radiosite\/wp-content\/uploads\/2020\/02\/le-salon-de-lautomobile-de-Gen%C3%A8ve-annul%C3%A9.jpg?fit=880%2C586&ssl=1","jetpack_sharing_enabled":true,"_links":{"self":[{"href":"https:\/\/www.iceagetv.com\/radiosite\/wp-json\/wp\/v2\/posts\/14758","targetHints":{"allow":["GET"]}}],"collection":[{"href":"https:\/\/www.iceagetv.com\/radiosite\/wp-json\/wp\/v2\/posts"}],"about":[{"href":"https:\/\/www.iceagetv.com\/radiosite\/wp-json\/wp\/v2\/types\/post"}],"author":[{"embeddable":true,"href":"https:\/\/www.iceagetv.com\/radiosite\/wp-json\/wp\/v2\/users\/2"}],"replies":[{"embeddable":true,"href":"https:\/\/www.iceagetv.com\/radiosite\/wp-json\/wp\/v2\/comments?post=14758"}],"version-history":[{"count":1,"href":"https:\/\/www.iceagetv.com\/radiosite\/wp-json\/wp\/v2\/posts\/14758\/revisions"}],"predecessor-version":[{"id":14760,"href":"https:\/\/www.iceagetv.com\/radiosite\/wp-json\/wp\/v2\/posts\/14758\/revisions\/14760"}],"wp:featuredmedia":[{"embeddable":true,"href":"https:\/\/www.iceagetv.com\/radiosite\/wp-json\/wp\/v2\/media\/14759"}],"wp:attachment":[{"href":"https:\/\/www.iceagetv.com\/radiosite\/wp-json\/wp\/v2\/media?parent=14758"}],"wp:term":[{"taxonomy":"category","embeddable":true,"href":"https:\/\/www.iceagetv.com\/radiosite\/wp-json\/wp\/v2\/categories?post=14758"},{"taxonomy":"post_tag","embeddable":true,"href":"https:\/\/www.iceagetv.com\/radiosite\/wp-json\/wp\/v2\/tags?post=14758"}],"curies":[{"name":"wp","href":"https:\/\/api.w.org\/{rel}","templated":true}]}}