{"id":14761,"date":"2020-02-28T15:07:07","date_gmt":"2020-02-28T15:07:07","guid":{"rendered":"http:\/\/www.iceagetv.com\/radiosite\/?p=14761"},"modified":"2020-02-28T15:07:07","modified_gmt":"2020-02-28T15:07:07","slug":"virus-nouveaux-cas-en-haute-savoie-et-a-nice-ce-matin-bruno-le-maire-appelle-a-eviter-la-panique-economique-le-salon-de-lauto-de-geneve-en-suisse-annuleun-premier-cas-de-contamination-rece","status":"publish","type":"post","link":"https:\/\/www.iceagetv.com\/radiosite\/virus-nouveaux-cas-en-haute-savoie-et-a-nice-ce-matin-bruno-le-maire-appelle-a-eviter-la-panique-economique-le-salon-de-lauto-de-geneve-en-suisse-annuleun-premier-cas-de-contamination-rece\/","title":{"rendered":"Virus &#8211; Nouveaux cas en Haute Savoie et \u00e0 Nice ce matin &#8211; Bruno Le Maire appelle \u00e0 \u00ab\u00a0\u00e9viter la panique \u00e9conomique\u00a0\u00bb &#8211; Le Salon de l&rsquo;auto de Gen\u00e8ve en Suisse annul\u00e9un premier cas de contamination recens\u00e9 en Afrique subsaharienne"},"content":{"rendered":"\n<p> Un Britannique,\u00a0qui faisait partie\u00a0des passagers mis en quarantaine sur le paquebot Diamond Princess, est d\u00e9c\u00e9d\u00e9 aujourd&rsquo;hui. Il s&rsquo;agit du premier Britannique mort du nouveau coronavirus  Le Mexique a enregistr\u00e9 un premier cas de coronavirus dans la capitale Mexico, un jeune homme qui se trouve dans un \u00ab\u00a0\u00e9tat stable\u00a0\u00bb, a annonc\u00e9 vendredi le sous-secr\u00e9taire \u00e0 la pr\u00e9vention du minist\u00e8re de la Sant\u00e9, Hugo Lopez-Gatell. <\/p>\n\n\n\n<p>Le ralentissement de la demande provoqu\u00e9 par la propagation de l&rsquo;\u00e9pid\u00e9mie de coronavirus conduit de nombreuses compagnies europ\u00e9ennes \u00e0 r\u00e9duire leurs programmes de vols et mettre en place des mesures d&rsquo;\u00e9conomies.<\/p>\n\n\n\n<p>Un mois apr\u00e8s la suspension d&rsquo;une grande partie des vols long-courriers vers la Chine continentale, d&rsquo;o\u00f9 l&rsquo;\u00e9pid\u00e9mie est partie, l&rsquo;augmentation du nombre de cas en Italie du Nord (655 porteurs du virus responsable du Covid-19 recens\u00e9s vendredi) ainsi que dans le reste de l&rsquo;Europe inqui\u00e8te.<\/p>\n\n\n\n<p>La compagnie britannique EasyJet a ainsi annonc\u00e9 vendredi qu&rsquo;elle annulait d\u00e9j\u00e0 des vols et pr\u00e9voyait d&rsquo;en supprimer pr\u00e8s de 500 entre le 13 et le 31 mars, en majorit\u00e9 depuis et vers l&rsquo;Italie. \u00ab\u00a0Ces 500 vols environ repr\u00e9sentent 11% du volume de vols (vers ou depuis l&rsquo;) Italie pour le mois de mars et un faible pourcentage\u00a0\u00bb du nombre de vols sur le r\u00e9seau de la compagnie, a affirm\u00e9 le groupe \u00e0 l&rsquo;AFP.<\/p>\n\n\n\n<p>Le groupe IAG, propri\u00e9taire de British Airways et Iberia, a \u00e9galement annonc\u00e9 avoir annul\u00e9 des vols vers Milan et va r\u00e9duire ses dessertes du pays dans les prochains jours. British Airways assure dix vols par jour \u00e0 destination de Milan depuis Londres.<\/p>\n\n\n\n<p>Air France effectue de son c\u00f4t\u00e9 une \u00ab\u00a0l\u00e9g\u00e8re adaptation du programme\u00a0\u00bb avec certains vols vers Milan, Bologne et Venise \u00ab\u00a0regroup\u00e9s\u00a0\u00bb, a indiqu\u00e9 \u00e0 l&rsquo;AFP un repr\u00e9sentant de la compagnie. Un des cinq vols quotidiens entre Paris et Venise est par exemple annul\u00e9 et les passagers bascul\u00e9s sur les autres. \u00ab\u00a0Aucune d\u00e9cision n&rsquo;est prise\u00a0\u00bb au-del\u00e0 de ce week-end, a pr\u00e9cis\u00e9 la m\u00eame source.<\/p>\n\n\n\n<p>Brussels Airlines va, elle, r\u00e9duire de 30% ses vols vers Milan, Rome, Venise et Bologne pour les deux prochaines semaines (2-14 mars). La compagnie a\u00e9rienne belge \u00ab\u00a0constate une tendance g\u00e9n\u00e9rale n\u00e9gative en mati\u00e8re de r\u00e9servations sur presque tous les march\u00e9s europ\u00e9ens, mais c&rsquo;est le nord de l&rsquo;Italie qui est le plus touch\u00e9\u00a0\u00bb, selon un communiqu\u00e9.<\/p>\n\n\n\n<p>La compagnie hongroise \u00e0 bas prix Wizz Air, fortement implant\u00e9e en Pologne, r\u00e9duit d&rsquo;environ 60% ses vols \u00e0 destination de l\u2019Italie au d\u00e9part de Varsovie et de cinq autres villes polonaises, \u00ab\u00a0compte tenu de la baisse d\u2019int\u00e9r\u00eat pour cette destination\u00a0\u00bb.<\/p>\n\n\n\n<p>L&rsquo;Iran a fait \u00e9tat vendredi de la mort de huit personnes infect\u00e9es par le nouveau coronavirus parmi 143 nouveaux cas d\u00e9tect\u00e9s ces derni\u00e8res 24h, portant le bilan \u00e0 34 morts.<\/p>\n\n\n\n<p>Au total, 388 personnes ont \u00e9t\u00e9 infect\u00e9es et les 143 nouveaux cas ont \u00e9t\u00e9 d\u00e9tect\u00e9s en majorit\u00e9 dans la province de T\u00e9h\u00e9ran (64) du Gilan (25) ainsi que celles de Qom (16) et Ispahan (10), a annonc\u00e9 le porte-parole du minist\u00e8re de la Sant\u00e9 Kianouche Jahanpour \u00e0 la t\u00e9l\u00e9vision d&rsquo;Etat. Cette hausse \u00ab\u00a0est due au fait que la maladie est en train de se propager (en Iran) et que nous sommes actuellement en phase d&rsquo;augmentation de l&rsquo;infection\u00a0\u00bb, a-t-il dit lors d&rsquo;une conf\u00e9rence de presse.<\/p>\n\n\n\n<p>Le gouvernement a annonc\u00e9 de nouvelles mesures pour aider les entreprises et les salari\u00e9s \u00e0 un moment o\u00f9 le coronavirus se d\u00e9veloppe en France avec 38 cas recens\u00e9s.<\/p>\n\n\n\n<p>Pour les entreprises, le coronavirus sera \u00ab\u00a0consid\u00e9r\u00e9 comme un cas de force majeure\u00a0\u00bb, a annonc\u00e9 le ministre de l&rsquo;\u00c9conomie et des Finances, Bruno Le Maire, \u00e0 l&rsquo;issue d&rsquo;une r\u00e9union avec les partenaires sociaux au minist\u00e8re du Travail.<\/p>\n\n\n\n<p>Cela signifie notamment que, \u00ab\u00a0pour tous les march\u00e9s publics de l&rsquo;\u00c9tat, si jamais il y a un retard de livraison de la part des PME ou des entreprises, nous n&rsquo;appliquerons pas de p\u00e9nalit\u00e9\u00a0\u00bb, a pr\u00e9cis\u00e9 le ministre.<\/p>\n\n\n\n<p>Il a a \u00e9galement annonc\u00e9 des \u00ab\u00a0possibilit\u00e9s de recours \u00e0 l&rsquo;activit\u00e9 partielle\u00a0\u00bb et \u00ab\u00a0l&rsquo;\u00e9talement des charges sociales et fiscales pour les entreprises qui en auront besoin\u00a0\u00bb.<\/p>\n\n\n\n<p>De son c\u00f4t\u00e9, la ministre du Travail Muriel P\u00e9nicaud a annonc\u00e9 la mise en ligne d&rsquo;un questions\/r\u00e9ponses sur les r\u00e8gles \u00e0 suivre pour les entreprises et les salari\u00e9s (sur www.travail-emploi.gouv.fr). Il souligne notamment que l&#8217;employeur peut mettre en place le t\u00e9l\u00e9travail sans l&rsquo;accord du salari\u00e9, contrairement \u00e0 la pratique habituelle.<\/p>\n\n\n\n<p>Elle a notamment confirm\u00e9 que les parents d&rsquo;enfants confin\u00e9s pourront \u00eatre \u00ab\u00a0mis en arr\u00eat maladie\u00a0\u00bb sans jour de carence et avec une prise en charge au titre des indemnit\u00e9s journali\u00e8res de S\u00e9curit\u00e9 sociale.<\/p>\n\n\n\n<p>Se disant \u00ab\u00a0plut\u00f4t satisfait\u00a0\u00bb, Michel Beaugas, qui repr\u00e9sentait le syndicat FO \u00e0 la r\u00e9union, a salu\u00e9 des \u00ab\u00a0consignes assez claires, notamment la d\u00e9cision de supprimer le d\u00e9lai de carence dans le paiement des indemnit\u00e9s. \u00ab\u00a0Ca permet aux salari\u00e9s d&rsquo;\u00eatre en arr\u00eat sans perdre de l&rsquo;argent\u00a0\u00bb, a-t-il estim\u00e9.<\/p>\n\n\n\n<p>\u00ab\u00a0Les questions-r\u00e9ponses nous paraissent pour l&rsquo;instant relativement claires\u00a0\u00bb, a abond\u00e9 Fran\u00e7ois Asselin, le pr\u00e9sident de la CPME, \u00e9galement pr\u00e9sent \u00e0 la r\u00e9union.<\/p>\n\n\n\n<p>De son c\u00f4t\u00e9, Olivier V\u00e9ran (Sant\u00e9) a tenu \u00e0 rappeler qu&rsquo;il \u00ab\u00a0n&rsquo;est pas utile de porter un masque quand on n&rsquo;est pas et lorsqu&rsquo;on n&rsquo;a pas \u00e9t\u00e9 en contact direct avec une personne malade\u00a0\u00bb. \u00ab\u00a0Les personnes qui doivent porter un masque sont aujourd\u2019hui inform\u00e9es de cela\u00a0\u00bb, a-t-il r\u00e9sum\u00e9.<\/p>\n\n\n\n<p><\/p>\n\n\n\n<p><\/p>\n\n\n\n<p><\/p>\n","protected":false},"excerpt":{"rendered":"<p>Un Britannique,\u00a0qui faisait partie\u00a0des passagers mis en quarantaine sur le paquebot Diamond Princess, est d\u00e9c\u00e9d\u00e9 aujourd&rsquo;hui. Il s&rsquo;agit du premier Britannique mort du nouveau coronavirus Le Mexique a enregistr\u00e9 un premier cas de coronavirus dans la capitale Mexico, un jeune homme qui se trouve dans un \u00ab\u00a0\u00e9tat stable\u00a0\u00bb, a annonc\u00e9 vendredi le sous-secr\u00e9taire \u00e0 la [&hellip;]<\/p>\n","protected":false},"author":2,"featured_media":14753,"comment_status":"open","ping_status":"open","sticky":false,"template":"","format":"standard","meta":{"_jetpack_memberships_contains_paid_content":false,"footnotes":"","jetpack_publicize_message":"","jetpack_publicize_feature_enabled":true,"jetpack_social_post_already_shared":true,"jetpack_social_options":{"image_generator_settings":{"template":"highway","default_image_id":0,"font":"","enabled":false},"version":2},"_wpas_customize_per_network":false},"categories":[405],"tags":[],"class_list":["post-14761","post","type-post","status-publish","format-standard","has-post-thumbnail","hentry","category-actu-france-monde"],"jetpack_publicize_connections":[],"jetpack_featured_media_url":"https:\/\/i0.wp.com\/www.iceagetv.com\/radiosite\/wp-content\/uploads\/2020\/02\/Le-maire-de-La-Balme-de-Sillingy.jpg?fit=850%2C387&ssl=1","jetpack_sharing_enabled":true,"_links":{"self":[{"href":"https:\/\/www.iceagetv.com\/radiosite\/wp-json\/wp\/v2\/posts\/14761","targetHints":{"allow":["GET"]}}],"collection":[{"href":"https:\/\/www.iceagetv.com\/radiosite\/wp-json\/wp\/v2\/posts"}],"about":[{"href":"https:\/\/www.iceagetv.com\/radiosite\/wp-json\/wp\/v2\/types\/post"}],"author":[{"embeddable":true,"href":"https:\/\/www.iceagetv.com\/radiosite\/wp-json\/wp\/v2\/users\/2"}],"replies":[{"embeddable":true,"href":"https:\/\/www.iceagetv.com\/radiosite\/wp-json\/wp\/v2\/comments?post=14761"}],"version-history":[{"count":1,"href":"https:\/\/www.iceagetv.com\/radiosite\/wp-json\/wp\/v2\/posts\/14761\/revisions"}],"predecessor-version":[{"id":14762,"href":"https:\/\/www.iceagetv.com\/radiosite\/wp-json\/wp\/v2\/posts\/14761\/revisions\/14762"}],"wp:featuredmedia":[{"embeddable":true,"href":"https:\/\/www.iceagetv.com\/radiosite\/wp-json\/wp\/v2\/media\/14753"}],"wp:attachment":[{"href":"https:\/\/www.iceagetv.com\/radiosite\/wp-json\/wp\/v2\/media?parent=14761"}],"wp:term":[{"taxonomy":"category","embeddable":true,"href":"https:\/\/www.iceagetv.com\/radiosite\/wp-json\/wp\/v2\/categories?post=14761"},{"taxonomy":"post_tag","embeddable":true,"href":"https:\/\/www.iceagetv.com\/radiosite\/wp-json\/wp\/v2\/tags?post=14761"}],"curies":[{"name":"wp","href":"https:\/\/api.w.org\/{rel}","templated":true}]}}