{"id":14763,"date":"2020-02-28T15:09:11","date_gmt":"2020-02-28T15:09:11","guid":{"rendered":"http:\/\/www.iceagetv.com\/radiosite\/?p=14763"},"modified":"2020-02-28T15:09:11","modified_gmt":"2020-02-28T15:09:11","slug":"la-france-se-dirige-vers-son-hiver-le-plus-chaud-jamais-enregistre-selon-meteo-france","status":"publish","type":"post","link":"https:\/\/www.iceagetv.com\/radiosite\/la-france-se-dirige-vers-son-hiver-le-plus-chaud-jamais-enregistre-selon-meteo-france\/","title":{"rendered":"La France se dirige vers son hiver le plus chaud jamais enregistr\u00e9, selon M\u00e9t\u00e9o France"},"content":{"rendered":"\n<p>L&rsquo;hiver m\u00e9t\u00e9orologique 2019-2020 s&rsquo;annonce comme le plus chaud jamais enregistr\u00e9 en France, selon des donn\u00e9es pr\u00e9liminaires&nbsp;<a href=\"http:\/\/www.meteofrance.fr\/actualites\/80047756-cet-hiver-a-ete-le-plus-chaud-jamais-mesure-en-france\">publi\u00e9es par M\u00e9t\u00e9o-France<\/a>, vendredi 27 f\u00e9vrier. La temp\u00e9rature moyenne a \u00e9t\u00e9 sup\u00e9rieure de 2,7\u00b0C \u00e0 la moyenne.&nbsp;<em>\u00ab\u00a0La temp\u00e9rature a \u00e9t\u00e9 en moyenne plus de 2\u00b0C au-dessus de la normale en d\u00e9cembre et janvier et plus de 3\u00b0C en f\u00e9vrier\u00a0\u00bb<\/em>, rel\u00e8ve l&rsquo;institut.<\/p>\n\n\n\n<p>En hiver, la temp\u00e9rature moyenne (p\u00e9riode de r\u00e9f\u00e9rence 1981-2010) est de 5,4\u00b0C en France m\u00e9tropolitaine. Mais la saison hivernale qui s&rsquo;ach\u00e8ve a \u00e9t\u00e9 caract\u00e9ris\u00e9e par\u00a0<em>\u00ab\u00a0une douceur remarquable\u00a0\u00bb<\/em>, qui s&rsquo;est accentu\u00e9e en f\u00e9vrier, avec des records jusqu&rsquo;\u00e0 27 degr\u00e9s enregistr\u00e9s notamment dans le sud du pays en d\u00e9but de mois. Il n&rsquo;y a pas eu de pic de froid sur la saison. Sur la carte d&rsquo;\u00e9cart par rapport aux moyennes saisonni\u00e8re (1981-2010), toutes les r\u00e9gions du pays sont d&rsquo;ailleurs en \u00e9cart positif, le diff\u00e9rentiel le plus important se situant sur un grand quart nord-est.<\/p>\n\n\n\n<p>L&rsquo;hiver 2019-2020 devrait donc se classer au premier rang des hivers les plus chauds sur la p\u00e9riode 1900-2020, devant 2015-2016 (+2.6\u00b0C) et 1989-1990 (+2\u00b0C).<\/p>\n\n\n\n<h2 class=\"wp-block-heading\">Une tendance sur une \u00ab\u00a0p\u00e9riode de temps longue\u00a0\u00bb<\/h2>\n\n\n\n<p>Dans le m\u00eame temps, l&rsquo;hiver a \u00e9t\u00e9 marqu\u00e9 par de fr\u00e9quentes temp\u00eates et des \u00e9pisodes d&rsquo;inondations s\u00e9v\u00e8res, pour une pluviom\u00e9trie globale qui devrait \u00eatre exc\u00e9dentaire de 10% par rapport \u00e0 la moyenne des ann\u00e9es 1981\/2010. Si les diff\u00e9rents records enregistr\u00e9s sont attribuables \u00e0 des ph\u00e9nom\u00e8nes m\u00e9t\u00e9orologiques de court terme et ne peuvent donc \u00eatre attribu\u00e9 en eux-m\u00eames au r\u00e9chauffement climatique global, la tendance&nbsp;<em>\u00ab\u00a0sur une p\u00e9riode de temps suffisamment long est nette\u00a0\u00bb<\/em>, explique Pierre Etchevers, climatologue \u00e0 M\u00e9t\u00e9o-France.<\/p>\n\n\n\n<p><em>Sur les 11 hivers les plus chauds depuis 1900, quatre sont concentr\u00e9s sur les 10 derni\u00e8res ann\u00e9es, et six sur les 20 derni\u00e8res ann\u00e9es. C&rsquo;est cette r\u00e9p\u00e9tition qui est vraiment le signe du changement climatique.<\/em>Pierre Etchevers, climatologue \u00e0 M\u00e9t\u00e9o-France<em>\u00e0 l&rsquo;AFP<\/em><\/p>\n\n\n\n<p>Selon les relev\u00e9s de M\u00e9t\u00e9o-France, 2019 avait \u00e9t\u00e9 la troisi\u00e8me ann\u00e9e la plus chaude en France m\u00e9tropolitaine \u2013 apr\u00e8s 2018 et 2014 \u2013 et a \u00e9t\u00e9 marqu\u00e9e par deux \u00e9pisodes exceptionnels de canicule et un record absolu de 46\u00b0C. Au niveau mondial, 2019 a \u00e9t\u00e9 la deuxi\u00e8me ann\u00e9e la plus chaude dans le monde, concluant une d\u00e9cennie record,&nbsp;<a href=\"https:\/\/www.francetvinfo.fr\/meteo\/climat\/l-annee-2019-a-ete-la-deuxieme-plus-chaude-dans-le-monde-depuis-le-debut-des-releves_3776083.html\">selon le service europ\u00e9en Copernicus<\/a>. La hausse de la temp\u00e9rature, accompagn\u00e9e d&rsquo;une multiplication des \u00e9v\u00e9nements m\u00e9t\u00e9orologiques extr\u00eames li\u00e9s au r\u00e9chauffement de la plan\u00e8te, est en ligne avec les pr\u00e9visions des climatologues.<\/p>\n\n\n\n<p><\/p>\n","protected":false},"excerpt":{"rendered":"<p>L&rsquo;hiver m\u00e9t\u00e9orologique 2019-2020 s&rsquo;annonce comme le plus chaud jamais enregistr\u00e9 en France, selon des donn\u00e9es pr\u00e9liminaires&nbsp;publi\u00e9es par M\u00e9t\u00e9o-France, vendredi 27 f\u00e9vrier. La temp\u00e9rature moyenne a \u00e9t\u00e9 sup\u00e9rieure de 2,7\u00b0C \u00e0 la moyenne.&nbsp;\u00ab\u00a0La temp\u00e9rature a \u00e9t\u00e9 en moyenne plus de 2\u00b0C au-dessus de la normale en d\u00e9cembre et janvier et plus de 3\u00b0C en f\u00e9vrier\u00a0\u00bb, rel\u00e8ve [&hellip;]<\/p>\n","protected":false},"author":2,"featured_media":14764,"comment_status":"open","ping_status":"open","sticky":false,"template":"","format":"standard","meta":{"_jetpack_memberships_contains_paid_content":false,"footnotes":"","jetpack_publicize_message":"","jetpack_publicize_feature_enabled":true,"jetpack_social_post_already_shared":true,"jetpack_social_options":{"image_generator_settings":{"template":"highway","default_image_id":0,"font":"","enabled":false},"version":2},"_wpas_customize_per_network":false},"categories":[14],"tags":[],"class_list":["post-14763","post","type-post","status-publish","format-standard","has-post-thumbnail","hentry","category-actu-meteo"],"jetpack_publicize_connections":[],"jetpack_featured_media_url":"https:\/\/i0.wp.com\/www.iceagetv.com\/radiosite\/wp-content\/uploads\/2020\/02\/La-France-se-dirige-vers-son-hiver-le-plus-chaud-jamais-enregistr%C3%A9.jpg?fit=1197%2C450&ssl=1","jetpack_sharing_enabled":true,"_links":{"self":[{"href":"https:\/\/www.iceagetv.com\/radiosite\/wp-json\/wp\/v2\/posts\/14763","targetHints":{"allow":["GET"]}}],"collection":[{"href":"https:\/\/www.iceagetv.com\/radiosite\/wp-json\/wp\/v2\/posts"}],"about":[{"href":"https:\/\/www.iceagetv.com\/radiosite\/wp-json\/wp\/v2\/types\/post"}],"author":[{"embeddable":true,"href":"https:\/\/www.iceagetv.com\/radiosite\/wp-json\/wp\/v2\/users\/2"}],"replies":[{"embeddable":true,"href":"https:\/\/www.iceagetv.com\/radiosite\/wp-json\/wp\/v2\/comments?post=14763"}],"version-history":[{"count":1,"href":"https:\/\/www.iceagetv.com\/radiosite\/wp-json\/wp\/v2\/posts\/14763\/revisions"}],"predecessor-version":[{"id":14765,"href":"https:\/\/www.iceagetv.com\/radiosite\/wp-json\/wp\/v2\/posts\/14763\/revisions\/14765"}],"wp:featuredmedia":[{"embeddable":true,"href":"https:\/\/www.iceagetv.com\/radiosite\/wp-json\/wp\/v2\/media\/14764"}],"wp:attachment":[{"href":"https:\/\/www.iceagetv.com\/radiosite\/wp-json\/wp\/v2\/media?parent=14763"}],"wp:term":[{"taxonomy":"category","embeddable":true,"href":"https:\/\/www.iceagetv.com\/radiosite\/wp-json\/wp\/v2\/categories?post=14763"},{"taxonomy":"post_tag","embeddable":true,"href":"https:\/\/www.iceagetv.com\/radiosite\/wp-json\/wp\/v2\/tags?post=14763"}],"curies":[{"name":"wp","href":"https:\/\/api.w.org\/{rel}","templated":true}]}}