{"id":14766,"date":"2020-02-28T15:13:34","date_gmt":"2020-02-28T15:13:34","guid":{"rendered":"http:\/\/www.iceagetv.com\/radiosite\/?p=14766"},"modified":"2020-02-28T15:24:56","modified_gmt":"2020-02-28T15:24:56","slug":"cesar-2020-nominations-manifestations-et-demission-une-45e-ceremonie-sous-haute-tension","status":"publish","type":"post","link":"https:\/\/www.iceagetv.com\/radiosite\/cesar-2020-nominations-manifestations-et-demission-une-45e-ceremonie-sous-haute-tension\/","title":{"rendered":"C\u00e9sar 2020 : nominations, manifestations et d\u00e9mission, une 45e c\u00e9r\u00e9monie sous haute tension C\u00e9sar: L&rsquo;\u00e9quipe du film \u00ab\u00a0J&rsquo;accuse\u00a0\u00bb de Roman Polanski, dont Jean Dujardin, renonce \u00e0 participer \u00e0 la c\u00e9r\u00e9monie"},"content":{"rendered":"\n<p><\/p>\n\n\n\n<p>Manifestations f\u00e9ministes, fronde contre les douze nominations pour&nbsp;<em>J\u2019accuse<\/em>&nbsp;de Roman Polanski,&nbsp;<a href=\"https:\/\/www.francetvinfo.fr\/culture\/cinema\/cesar\/quel-avenir-pour-les-cesar-apres-la-demission-de-la-direction-de-l-academie_3825949.html\">d\u00e9mission de la direction de l\u2019Acad\u00e9mie<\/a>\u2026 Autant de sujets qui f\u00e2chent et mettent la 45e c\u00e9r\u00e9monie des C\u00e9sar sous tension, dans un climat in\u00e9dit. Comment en est-on arriv\u00e9 l\u00e0 et quelles en sont les cons\u00e9quences pour l\u2019organisation de la soir\u00e9e ?&nbsp;<\/p>\n\n\n\n<h2 class=\"wp-block-heading\">Une nouvelle direction des C\u00e9sar<\/h2>\n\n\n\n<p>A deux jours de la c\u00e9r\u00e9monie des C\u00e9sar, la productrice&nbsp;<a href=\"https:\/\/www.francetvinfo.fr\/culture\/cinema\/cesar\/academie-des-cesar-la-productrice-margaret-menegoz-designee-presidente-par-interim_3842063.html\">Margaret Menegoz a \u00e9t\u00e9 nomm\u00e9e mercredi 26 f\u00e9vrier pr\u00e9sidente de l&rsquo;Association pour la promotion du cin\u00e9ma qui organise les C\u00e9sar<\/a>, dans l&rsquo;attente d&rsquo;une assembl\u00e9e g\u00e9n\u00e9rale extraordinaire qui aura lieu le 20 avril.&nbsp;&nbsp;<\/p>\n\n\n\n<p>Le message en lettres rouges et noires \u00ab\u00a0<em>Violanski les C\u00e9sar de la honte<\/em>\u00a0\u00bb surplombe le si\u00e8ge de l&rsquo;Acad\u00e9mie des C\u00e9sar, dans le 15e arrondissement de Paris. Des messages de la m\u00eame teneur ont \u00e9galement \u00e9t\u00e9 coll\u00e9s en face de la salle Pleyel, o\u00f9 est annonc\u00e9e une manifestation f\u00e9ministe en pr\u00e9lude de la c\u00e9r\u00e9monie, devant le tapis rouge.&nbsp;<\/p>\n\n\n\n<h2 class=\"wp-block-heading\">Les origines de la crise<\/h2>\n\n\n\n<p>Les \u00ab\u00a0hostilit\u00e9s\u00a0\u00bb avaient commenc\u00e9 le 13 janvier 2020, lors du traditionnel D\u00eener des R\u00e9v\u00e9lations. On y apprend que le pr\u00e9sident de l\u2019Acad\u00e9mie des C\u00e9sar Alain Terzian a refus\u00e9 la pr\u00e9sence de l\u2019\u00e9crivaine Virginie Despentes et de la r\u00e9alisatrice Claire Denis qui devaient marrainer deux jeunes espoirs.<\/p>\n\n\n\n<p>C\u00e9dric Klapisch, Michel Hazanavicius, Jacques Audiard, Robin Campillo, Laurent Lafitte, Louis Garrel, Golshifteh Farahani et Marina Fo\u00efs d\u00e9noncent de concert \u00ab\u00a0le malaise\u00a0\u00bb que suscitent ces \u00e9victions stigmatisant le manque de parit\u00e9 dans l\u2019Acad\u00e9mie.&nbsp;<\/p>\n\n\n\n<h2 class=\"wp-block-heading\">D\u00e9mission collective<\/h2>\n\n\n\n<p>L&rsquo;Acad\u00e9mie va op\u00e9rer une r\u00e9volution culturelle pour atteindre la parit\u00e9, un vrai 50\/50, annonce&nbsp;Alain Terzian. \u00c7a ne suffira pas \u00e0 \u00e9teindre l&rsquo;incendie.&nbsp;Le lendemain, quelque 200 personnalit\u00e9s du cin\u00e9ma fran\u00e7ais dont Omar Sy, Bertrand Tavernier, C\u00e9line Sciamma ou Marina Fo\u00efs, r\u00e9clament dans&nbsp;<a href=\"https:\/\/www.francetvinfo.fr\/culture\/cinema\/cesar\/omar-sy-celine-sciamma-marina-fois-200-personnalites-du-cinema-francais-etrillent-le-fonctionnement-des-cesar_3820733.html\">une tribune publi\u00e9e dans Le Monde<\/a>&nbsp;une \u00ab\u00a0<em>r\u00e9forme en profondeur<\/em>\u00a0\u00bb de l&rsquo;Acad\u00e9mie des C\u00e9sar. Leurs reproches principaux : des \u00ab\u00a0<em>dysfonctionnements<\/em>\u00ab\u00a0, une \u00ab\u00a0<em>opacit\u00e9 des comptes<\/em>\u00a0\u00bb et des statuts qui \u00ab\u00a0<em>n&rsquo;ont pas \u00e9volu\u00e9 depuis tr\u00e8s longtemps<\/em>\u00a0\u00bb et reposent encore et toujours sur \u00ab\u00a0<em>la cooptation<\/em>\u00ab\u00a0<br><\/p>\n\n\n\n<p><\/p>\n\n\n\n<p><\/p>\n","protected":false},"excerpt":{"rendered":"<p>Manifestations f\u00e9ministes, fronde contre les douze nominations pour&nbsp;J\u2019accuse&nbsp;de Roman Polanski,&nbsp;d\u00e9mission de la direction de l\u2019Acad\u00e9mie\u2026 Autant de sujets qui f\u00e2chent et mettent la 45e c\u00e9r\u00e9monie des C\u00e9sar sous tension, dans un climat in\u00e9dit. Comment en est-on arriv\u00e9 l\u00e0 et quelles en sont les cons\u00e9quences pour l\u2019organisation de la soir\u00e9e ?&nbsp; Une nouvelle direction des C\u00e9sar [&hellip;]<\/p>\n","protected":false},"author":2,"featured_media":14767,"comment_status":"open","ping_status":"open","sticky":false,"template":"","format":"standard","meta":{"_jetpack_memberships_contains_paid_content":false,"footnotes":"","jetpack_publicize_message":"","jetpack_publicize_feature_enabled":true,"jetpack_social_post_already_shared":true,"jetpack_social_options":{"image_generator_settings":{"template":"highway","default_image_id":0,"font":"","enabled":false},"version":2},"_wpas_customize_per_network":false},"categories":[68],"tags":[],"class_list":["post-14766","post","type-post","status-publish","format-standard","has-post-thumbnail","hentry","category-actu-culturelle"],"jetpack_publicize_connections":[],"jetpack_featured_media_url":"https:\/\/i0.wp.com\/www.iceagetv.com\/radiosite\/wp-content\/uploads\/2020\/02\/C%C3%A9sar-2020.jpg?fit=1200%2C450&ssl=1","jetpack_sharing_enabled":true,"_links":{"self":[{"href":"https:\/\/www.iceagetv.com\/radiosite\/wp-json\/wp\/v2\/posts\/14766","targetHints":{"allow":["GET"]}}],"collection":[{"href":"https:\/\/www.iceagetv.com\/radiosite\/wp-json\/wp\/v2\/posts"}],"about":[{"href":"https:\/\/www.iceagetv.com\/radiosite\/wp-json\/wp\/v2\/types\/post"}],"author":[{"embeddable":true,"href":"https:\/\/www.iceagetv.com\/radiosite\/wp-json\/wp\/v2\/users\/2"}],"replies":[{"embeddable":true,"href":"https:\/\/www.iceagetv.com\/radiosite\/wp-json\/wp\/v2\/comments?post=14766"}],"version-history":[{"count":2,"href":"https:\/\/www.iceagetv.com\/radiosite\/wp-json\/wp\/v2\/posts\/14766\/revisions"}],"predecessor-version":[{"id":14769,"href":"https:\/\/www.iceagetv.com\/radiosite\/wp-json\/wp\/v2\/posts\/14766\/revisions\/14769"}],"wp:featuredmedia":[{"embeddable":true,"href":"https:\/\/www.iceagetv.com\/radiosite\/wp-json\/wp\/v2\/media\/14767"}],"wp:attachment":[{"href":"https:\/\/www.iceagetv.com\/radiosite\/wp-json\/wp\/v2\/media?parent=14766"}],"wp:term":[{"taxonomy":"category","embeddable":true,"href":"https:\/\/www.iceagetv.com\/radiosite\/wp-json\/wp\/v2\/categories?post=14766"},{"taxonomy":"post_tag","embeddable":true,"href":"https:\/\/www.iceagetv.com\/radiosite\/wp-json\/wp\/v2\/tags?post=14766"}],"curies":[{"name":"wp","href":"https:\/\/api.w.org\/{rel}","templated":true}]}}