{"id":14773,"date":"2020-02-29T07:57:57","date_gmt":"2020-02-29T07:57:57","guid":{"rendered":"http:\/\/www.iceagetv.com\/radiosite\/?p=14773"},"modified":"2020-02-29T07:57:57","modified_gmt":"2020-02-29T07:57:57","slug":"les-miserables-sacre-meilleur-film-la-meilleure-realisation-attribuee-a-roman-polanski-malgre-la-polemique-decouvrez-le-palmares-complet-de-la-ceremonie-des-cesar","status":"publish","type":"post","link":"https:\/\/www.iceagetv.com\/radiosite\/les-miserables-sacre-meilleur-film-la-meilleure-realisation-attribuee-a-roman-polanski-malgre-la-polemique-decouvrez-le-palmares-complet-de-la-ceremonie-des-cesar\/","title":{"rendered":"\u00ab\u00a0Les Mis\u00e9rables\u00a0\u00bb sacr\u00e9 meilleur film, la meilleure r\u00e9alisation attribu\u00e9e \u00e0 Roman Polanski malgr\u00e9 la pol\u00e9mique&#8230; D\u00e9couvrez le palmar\u00e8s complet de la c\u00e9r\u00e9monie des C\u00e9sar"},"content":{"rendered":"\n<p>Les accusations de viol qui p\u00e8sent sur Roman Polanski de l&rsquo;ont pas emp\u00each\u00e9 de d\u00e9crocher le C\u00e9sar de la meilleure r\u00e9alisation pour&nbsp;<em>J&rsquo;accuse.&nbsp;<\/em>La&nbsp;<a href=\"https:\/\/www.francetvinfo.fr\/culture\/cinema\/cesar\/\" target=\"_blank\" rel=\"noreferrer noopener\">45e c\u00e9r\u00e9monie des C\u00e9sar<\/a>&nbsp;s&rsquo;est d\u00e9roul\u00e9e dans une ambiance tendue, vendredi 28 f\u00e9vrier, entach\u00e9e par les pol\u00e9miques&nbsp;sur les violences sexuelles dans le cin\u00e9ma. L&rsquo;actrice Ad\u00e8le Haenel, qui a r\u00e9cemment&nbsp;accus\u00e9 le&nbsp;r\u00e9alisateur Christophe Ruggia d&rsquo;agressions sexuelles, a quitt\u00e9 la salle d\u00e8s l&rsquo;annonce du sacre de Roman Polanski.<\/p>\n\n\n\n<p>Les 12 nominations de&nbsp;<em>J&rsquo;accuse<\/em>&nbsp;de Roman Polanski&nbsp;avaient&nbsp;d\u00e9j\u00e0 suscit\u00e9 une vague d&rsquo;indignation ainsi que des manifestations devant la salle Pleyel o\u00f9 se&nbsp;d\u00e9roulait l&rsquo;\u00e9v\u00e9nement. Le cin\u00e9aste et son \u00e9quipe&nbsp;ne se sont pas rendu \u00e0&nbsp;la c\u00e9r\u00e9monie.&nbsp;<em>\u00ab\u00a0Il faut qu&rsquo;on r\u00e8gle un dossier. Il y a douze moments o\u00f9 on va avoir un souci\u00a0\u00bb<\/em>, a affirm\u00e9, en d\u00e9but de c\u00e9r\u00e9monie Florence Foresti qui animait&nbsp;la grande messe du cin\u00e9ma fran\u00e7ais.&nbsp;<em>\u00ab\u00a0C\u00e9l\u00e9brer les actrices, c&rsquo;est c\u00e9l\u00e9brer les femmes qu&rsquo;elles sont\u00a0\u00bb<\/em>, a affirm\u00e9 Ana\u00efs Demoustier, r\u00e9compens\u00e9e par le C\u00e9sar de la meilleure actrice pour&nbsp;<em>Alice et le maire.<\/em><\/p>\n\n\n\n<p>Outre le malaise suscit\u00e9 par la r\u00e9compense attribu\u00e9 \u00e0 Roman Polanski, la soir\u00e9e a \u00e9t\u00e9 marqu\u00e9e par le sacre des&nbsp;<em>Mis\u00e9rables,&nbsp;<\/em>le film de Ladj Ly sur la vie d&rsquo;un quartier de Montfermeil (Seine-Saint-Denis) pris entre violences polici\u00e8res et&nbsp;le ras-le-bol de la jeunesse. Le film&nbsp;<em>Portrait de la jeune fille en feu<\/em>, de C\u00e9line Sciamma, n&rsquo;a remport\u00e9 aucun prix dans les cat\u00e9gories majeures, malgr\u00e9 10 nominations. D\u00e9couvrez le palmar\u00e8s complet de la c\u00e9r\u00e9monie :&nbsp;<\/p>\n\n\n\n<h2 class=\"wp-block-heading\">Les principales r\u00e9compenses<\/h2>\n\n\n\n<p><strong>\u2022 Meilleur film :<\/strong><em>&nbsp;Les Mis\u00e9rables&nbsp;<\/em>de Ladj Ly<\/p>\n\n\n\n<p><strong>\u2022 Meilleure r\u00e9alisation :<\/strong>&nbsp;Roman Polanski pour&nbsp;<em>J&rsquo;accuse&nbsp;<\/em><\/p>\n\n\n\n<p><strong>\u2022 Meilleure actrice :<\/strong>&nbsp;Ana\u00efs Demoustier dans&nbsp;<em>Alice et le maire<\/em><\/p>\n\n\n\n<p><strong>\u2022 Meilleur acteur :<\/strong>&nbsp;Roschdy Zem dans&nbsp;<em>Roubaix, une lumi\u00e8re<\/em><\/p>\n\n\n\n<p><strong>\u2022&nbsp;Meilleur espoir f\u00e9minin :<\/strong>&nbsp;Lyna Khoudri dans&nbsp;<em>Papicha<\/em><\/p>\n\n\n\n<p><strong>\u2022&nbsp;Meilleur espoir masculin :<\/strong>&nbsp;Alexis Manenti pour&nbsp;<em>Les Mis\u00e9rables<\/em><\/p>\n\n\n\n<p><strong>\u2022 Meilleure actrice dans un second r\u00f4le :<\/strong>&nbsp;Fanny Ardant dans&nbsp;<em>La Belle \u00e9poque<\/em><\/p>\n\n\n\n<p><strong>\u2022&nbsp;Meilleur acteur dans un second r\u00f4le :<\/strong>&nbsp;Swann Arlaud dans&nbsp;<em>Gr\u00e2ce \u00e0 Dieu<\/em><\/p>\n\n\n\n<p><strong>\u2022 Meilleur&nbsp;premier<\/strong><strong>&nbsp;film :<\/strong><em>Papicha<\/em>&nbsp;de&nbsp;Mounia Meddour<\/p>\n\n\n\n<p><strong>\u2022 C\u00e9sar du public :<\/strong>&nbsp;<em>Les Mis\u00e9rables&nbsp;<\/em>de Ladj Ly&nbsp;<\/p>\n\n\n\n<p>\u2022&nbsp;<strong>Meilleur film \u00e9tranger :&nbsp;<\/strong><em>Parasite&nbsp;<\/em>de&nbsp;Bong Joon-ho<\/p>\n\n\n\n<h2 class=\"wp-block-heading\">Dans le reste du palmar\u00e8s<\/h2>\n\n\n\n<p><strong>\u2022 Meilleur sc\u00e9nario original :<\/strong>&nbsp;Nicolas Bedos pour&nbsp;<em>La Belle \u00e9poque<\/em><\/p>\n\n\n\n<p><strong>\u2022&nbsp;Meilleure adaptation :<\/strong>&nbsp;Roman Polanski et Robert Harris pour&nbsp;<em>J&rsquo;accuse<\/em><\/p>\n\n\n\n<p><strong>\u2022&nbsp;Meilleure musique originale :&nbsp;<\/strong>Dan L\u00e9vy pour&nbsp;<em>J&rsquo;ai perdu mon corps<\/em><\/p>\n\n\n\n<p><strong>\u2022 Meilleur montage :<\/strong>&nbsp;Flora Volpeli\u00e8re pour&nbsp;<em>Les Mis\u00e9rables<\/em><\/p>\n\n\n\n<p><strong>\u2022&nbsp;Meilleur film d&rsquo;animation :<\/strong>&nbsp;<em>J&rsquo;ai perdu mon corps<\/em>&nbsp;de&nbsp;J\u00e9r\u00e9my Clapin,<\/p>\n\n\n\n<p><strong>\u2022&nbsp;Meilleur documentaire :<\/strong>&nbsp;<em>M<\/em>&nbsp;de Yolande Zauberman<\/p>\n\n\n\n<p><strong>\u2022 Meilleur son :<\/strong><em>&nbsp;<\/em>Nicolas Cantin, Thomas Desjonqu\u00e8res, Rapha\u00ebl Mouterde, Olivier Goinard et Randy Thom pour&nbsp;<em>Le Chant du loup<\/em><\/p>\n\n\n\n<p><strong>\u2022&nbsp;Meilleure photo :<\/strong>&nbsp;Claire Mathlon pour&nbsp;<em>Portrait de la jeune fille en feu<\/em><\/p>\n\n\n\n<p><strong>\u2022&nbsp;Meilleurs costumes :<\/strong>&nbsp;Pascaline Chavanne pour&nbsp;<em>J&rsquo;accuse<\/em><\/p>\n\n\n\n<p><strong>\u2022&nbsp;Meilleurs d\u00e9cors :<\/strong>&nbsp;St\u00e9phane&nbsp;Rozenbaum pour&nbsp;<em>La Belle \u00e9poque<\/em><\/p>\n\n\n\n<p><strong>\u2022&nbsp;Meilleur film de court-m\u00e9trage :<\/strong>&nbsp;<em>Pile Poil&nbsp;<\/em>de&nbsp;Lauriane Escaffre et Yvonnick Muller<\/p>\n\n\n\n<p><strong>\u2022&nbsp;Meilleur court-m\u00e9trage d\u2019animation :<\/strong><em>La Nuit des sacs plastiques&nbsp;<\/em>&nbsp;de&nbsp;J\u00e9r\u00e9my Clapin<\/p>\n","protected":false},"excerpt":{"rendered":"<p>Les accusations de viol qui p\u00e8sent sur Roman Polanski de l&rsquo;ont pas emp\u00each\u00e9 de d\u00e9crocher le C\u00e9sar de la meilleure r\u00e9alisation pour&nbsp;J&rsquo;accuse.&nbsp;La&nbsp;45e c\u00e9r\u00e9monie des C\u00e9sar&nbsp;s&rsquo;est d\u00e9roul\u00e9e dans une ambiance tendue, vendredi 28 f\u00e9vrier, entach\u00e9e par les pol\u00e9miques&nbsp;sur les violences sexuelles dans le cin\u00e9ma. L&rsquo;actrice Ad\u00e8le Haenel, qui a r\u00e9cemment&nbsp;accus\u00e9 le&nbsp;r\u00e9alisateur Christophe Ruggia d&rsquo;agressions sexuelles, a [&hellip;]<\/p>\n","protected":false},"author":2,"featured_media":14774,"comment_status":"open","ping_status":"open","sticky":false,"template":"","format":"standard","meta":{"_jetpack_memberships_contains_paid_content":false,"footnotes":"","jetpack_publicize_message":"","jetpack_publicize_feature_enabled":true,"jetpack_social_post_already_shared":true,"jetpack_social_options":{"image_generator_settings":{"template":"highway","default_image_id":0,"font":"","enabled":false},"version":2},"_wpas_customize_per_network":false},"categories":[68],"tags":[],"class_list":["post-14773","post","type-post","status-publish","format-standard","has-post-thumbnail","hentry","category-actu-culturelle"],"jetpack_publicize_connections":[],"jetpack_featured_media_url":"https:\/\/i0.wp.com\/www.iceagetv.com\/radiosite\/wp-content\/uploads\/2020\/02\/D%C3%A9couvrez-le-palmar%C3%A8s-complet-de-la-c%C3%A9r%C3%A9monie-des-C%C3%A9sar.jpg?fit=1197%2C450&ssl=1","jetpack_sharing_enabled":true,"_links":{"self":[{"href":"https:\/\/www.iceagetv.com\/radiosite\/wp-json\/wp\/v2\/posts\/14773","targetHints":{"allow":["GET"]}}],"collection":[{"href":"https:\/\/www.iceagetv.com\/radiosite\/wp-json\/wp\/v2\/posts"}],"about":[{"href":"https:\/\/www.iceagetv.com\/radiosite\/wp-json\/wp\/v2\/types\/post"}],"author":[{"embeddable":true,"href":"https:\/\/www.iceagetv.com\/radiosite\/wp-json\/wp\/v2\/users\/2"}],"replies":[{"embeddable":true,"href":"https:\/\/www.iceagetv.com\/radiosite\/wp-json\/wp\/v2\/comments?post=14773"}],"version-history":[{"count":1,"href":"https:\/\/www.iceagetv.com\/radiosite\/wp-json\/wp\/v2\/posts\/14773\/revisions"}],"predecessor-version":[{"id":14775,"href":"https:\/\/www.iceagetv.com\/radiosite\/wp-json\/wp\/v2\/posts\/14773\/revisions\/14775"}],"wp:featuredmedia":[{"embeddable":true,"href":"https:\/\/www.iceagetv.com\/radiosite\/wp-json\/wp\/v2\/media\/14774"}],"wp:attachment":[{"href":"https:\/\/www.iceagetv.com\/radiosite\/wp-json\/wp\/v2\/media?parent=14773"}],"wp:term":[{"taxonomy":"category","embeddable":true,"href":"https:\/\/www.iceagetv.com\/radiosite\/wp-json\/wp\/v2\/categories?post=14773"},{"taxonomy":"post_tag","embeddable":true,"href":"https:\/\/www.iceagetv.com\/radiosite\/wp-json\/wp\/v2\/tags?post=14773"}],"curies":[{"name":"wp","href":"https:\/\/api.w.org\/{rel}","templated":true}]}}