{"id":14786,"date":"2020-02-29T16:04:13","date_gmt":"2020-02-29T16:04:13","guid":{"rendered":"http:\/\/www.iceagetv.com\/radiosite\/?p=14786"},"modified":"2020-02-29T16:04:13","modified_gmt":"2020-02-29T16:04:13","slug":"coronavirus-la-derniere-journee-du-salon-de-lagriculture-annulee","status":"publish","type":"post","link":"https:\/\/www.iceagetv.com\/radiosite\/coronavirus-la-derniere-journee-du-salon-de-lagriculture-annulee\/","title":{"rendered":"Coronavirus: la derni\u00e8re journ\u00e9e du Salon de l&rsquo;agriculture annul\u00e9e"},"content":{"rendered":"\n<h2 class=\"wp-block-heading\">Le Salon de l&rsquo;agriculture, qui devait initialement se clore dimanche soir, fermera 24h plus t\u00f4t que pr\u00e9vu en raison du nouveau coronavirus.&nbsp;<\/h2>\n\n\n\n<p>Le ministre de la Sant\u00e9 Olivier V\u00e9ran a annonc\u00e9 \u00e0 l&rsquo;issue d&rsquo;un conseil de d\u00e9fense et d&rsquo;un conseil des ministres exceptionnels, l&rsquo;annulation&nbsp;de tous les \u00ab\u00a0rassemblements de plus de 5.000 personnes\u00a0\u00bb en milieu ferm\u00e9 dont&nbsp;la derni\u00e8re journ\u00e9e du Salon de l&rsquo;agriculture dimanche \u00e0 Paris.<\/p>\n\n\n\n<p>Le Salon de l&rsquo;agriculture devait initialement fermer ses portes dimanche soir, il les fermera donc 24h plus t\u00f4t que pr\u00e9vu. Le ministre de la Sant\u00e9 a d&rsquo;ailleurs pr\u00e9cis\u00e9 &nbsp;que 16 nouveaux cas avaient \u00e9t\u00e9 confirm\u00e9s dans le pays par rapport \u00e0 vendredi soir, soit 73 au total depuis fin janvier.<\/p>\n","protected":false},"excerpt":{"rendered":"<p>Le Salon de l&rsquo;agriculture, qui devait initialement se clore dimanche soir, fermera 24h plus t\u00f4t que pr\u00e9vu en raison du nouveau coronavirus.&nbsp; Le ministre de la Sant\u00e9 Olivier V\u00e9ran a annonc\u00e9 \u00e0 l&rsquo;issue d&rsquo;un conseil de d\u00e9fense et d&rsquo;un conseil des ministres exceptionnels, l&rsquo;annulation&nbsp;de tous les \u00ab\u00a0rassemblements de plus de 5.000 personnes\u00a0\u00bb en milieu ferm\u00e9 [&hellip;]<\/p>\n","protected":false},"author":2,"featured_media":14787,"comment_status":"open","ping_status":"open","sticky":false,"template":"","format":"standard","meta":{"_jetpack_memberships_contains_paid_content":false,"footnotes":"","jetpack_publicize_message":"","jetpack_publicize_feature_enabled":true,"jetpack_social_post_already_shared":true,"jetpack_social_options":{"image_generator_settings":{"template":"highway","default_image_id":0,"font":"","enabled":false},"version":2},"_wpas_customize_per_network":false},"categories":[405],"tags":[],"class_list":["post-14786","post","type-post","status-publish","format-standard","has-post-thumbnail","hentry","category-actu-france-monde"],"jetpack_publicize_connections":[],"jetpack_featured_media_url":"https:\/\/i0.wp.com\/www.iceagetv.com\/radiosite\/wp-content\/uploads\/2020\/02\/la-derni%C3%A8re-journ%C3%A9e-du-Salon-de-lagriculture-annul%C3%A9e.jpg?fit=476%2C248&ssl=1","jetpack_sharing_enabled":true,"_links":{"self":[{"href":"https:\/\/www.iceagetv.com\/radiosite\/wp-json\/wp\/v2\/posts\/14786","targetHints":{"allow":["GET"]}}],"collection":[{"href":"https:\/\/www.iceagetv.com\/radiosite\/wp-json\/wp\/v2\/posts"}],"about":[{"href":"https:\/\/www.iceagetv.com\/radiosite\/wp-json\/wp\/v2\/types\/post"}],"author":[{"embeddable":true,"href":"https:\/\/www.iceagetv.com\/radiosite\/wp-json\/wp\/v2\/users\/2"}],"replies":[{"embeddable":true,"href":"https:\/\/www.iceagetv.com\/radiosite\/wp-json\/wp\/v2\/comments?post=14786"}],"version-history":[{"count":1,"href":"https:\/\/www.iceagetv.com\/radiosite\/wp-json\/wp\/v2\/posts\/14786\/revisions"}],"predecessor-version":[{"id":14788,"href":"https:\/\/www.iceagetv.com\/radiosite\/wp-json\/wp\/v2\/posts\/14786\/revisions\/14788"}],"wp:featuredmedia":[{"embeddable":true,"href":"https:\/\/www.iceagetv.com\/radiosite\/wp-json\/wp\/v2\/media\/14787"}],"wp:attachment":[{"href":"https:\/\/www.iceagetv.com\/radiosite\/wp-json\/wp\/v2\/media?parent=14786"}],"wp:term":[{"taxonomy":"category","embeddable":true,"href":"https:\/\/www.iceagetv.com\/radiosite\/wp-json\/wp\/v2\/categories?post=14786"},{"taxonomy":"post_tag","embeddable":true,"href":"https:\/\/www.iceagetv.com\/radiosite\/wp-json\/wp\/v2\/tags?post=14786"}],"curies":[{"name":"wp","href":"https:\/\/api.w.org\/{rel}","templated":true}]}}