{"id":14792,"date":"2020-03-01T09:38:53","date_gmt":"2020-03-01T09:38:53","guid":{"rendered":"http:\/\/www.iceagetv.com\/radiosite\/?p=14792"},"modified":"2020-03-01T09:38:53","modified_gmt":"2020-03-01T09:38:53","slug":"le-havre-la-permanence-dedouard-philippe-a-ete-taguee-et-degradee-en-marge-dun-rassemblement-contre-le-49-3","status":"publish","type":"post","link":"https:\/\/www.iceagetv.com\/radiosite\/le-havre-la-permanence-dedouard-philippe-a-ete-taguee-et-degradee-en-marge-dun-rassemblement-contre-le-49-3\/","title":{"rendered":"Le Havre : la permanence d&rsquo;\u00c9douard Philippe a \u00e9t\u00e9 tagu\u00e9e et d\u00e9grad\u00e9e, en marge d&rsquo;un rassemblement contre le 49.3"},"content":{"rendered":"\n<p>La permanence du Premier ministre, \u00c9douard Philippe, au Havre&nbsp;dans le&nbsp;d\u00e9partement&nbsp;de la Seine-Maritime, a \u00e9t\u00e9 d\u00e9grad\u00e9e et tagu\u00e9e dans la soir\u00e9e du samedi 29 f\u00e9vrier, en marge d&rsquo;un rassemblement contre&nbsp;<a href=\"https:\/\/www.francetvinfo.fr\/economie\/retraite\/reforme-des-retraites\/retraites-edouard-philippe-annonce-le-recours-a-l-article-49-3-de-la-constitution-pour-faire-adopter-sans-vote-le-projet-de-reforme_3846607.html\" target=\"_blank\" rel=\"noreferrer noopener\">le recours du 49.3<\/a>&nbsp;sur le projet de r\u00e9forme des retraites, rapporte&nbsp;<a href=\"https:\/\/www.francebleu.fr\/infos\/politique\/la-permanence-d-edouard-philippe-au-havre-taguee-et-degradee-1583009815\" target=\"_blank\" rel=\"noreferrer noopener\">France Bleu Normandie<\/a>.<\/p>\n\n\n\n<h2 class=\"wp-block-heading\">Une plainte sera d\u00e9pos\u00e9e annonce une d\u00e9put\u00e9e<\/h2>\n\n\n\n<p>La fa\u00e7ade du local a \u00e9t\u00e9 fissur\u00e9e, des pierres ont \u00e9t\u00e9 jet\u00e9es, des tags \u00ab\u00a049\u00b03 : Philippe prend la fi\u00e8vre\u00a0\u00bb, \u00ab\u00a0Mettons-le en quarantaine\u00a0\u00bb ou \u00ab\u00a0D\u00e9ni de d\u00e9mocratie\u00a0\u00bb ont \u00e9t\u00e9 inscrits. Trois militants \u00e9taient pr\u00e9sents \u00e0 l&rsquo;int\u00e9rieur du local \u00e0 ce moment-l\u00e0. Une voiture gar\u00e9e devant la permanence a \u00e9t\u00e9 la cible de jets d&rsquo;\u0153ufs et sa vitre a \u00e9t\u00e9 bris\u00e9e.<\/p>\n\n\n\n<p>Une plainte sera d\u00e9pos\u00e9e a annonc\u00e9, \u00e0 France Bleu Normandie, Agn\u00e8s Firmin Le Bodo, candidate sur la liste d&rsquo;\u00c9douard Philippe. Elle d\u00e9nonce une&nbsp;<em>\u00ab\u00a0tentative d&rsquo;effraction\u00a0\u00bb<\/em>. Selon elle, c&rsquo;est la troisi\u00e8me fois depuis le d\u00e9but de la campagne municipale, que la permanence du Premier ministre et candidat \u00e0 l&rsquo;\u00e9lection municipale au Havre a \u00e9t\u00e9 d\u00e9grad\u00e9e. La d\u00e9put\u00e9e Agir de Seine-Maritime veut&nbsp;<em>\u00ab\u00a0dire halte \u00e0 la violence\u00a0\u00bb.&nbsp;\u00ab\u00a0La tol\u00e9rance a ses limites et face \u00e0 des r\u00e9actions antid\u00e9mocratiques et anti-d\u00e9mocratie, il est temps de dire &lsquo;stop, \u00e7a suffit'\u00a0\u00bb<\/em>, d\u00e9nonce-t-elle.<\/p>\n\n\n\n<hr class=\"wp-block-separator\"\/>\n\n\n\n<p><em>Voici la liste de d\u00e9p\u00f4t de candidatures pour les&nbsp;<a href=\"https:\/\/www.francetvinfo.fr\/elections\/\">\u00e9lections municipales<\/a>&nbsp;dans la ville du Havre&nbsp;cit\u00e9e par la pr\u00e9fecture de Seine-Maritime : \u00c9douard Philippe (LE HAVRE!), Alexis Deck (Le Havre \u00e9cologie &#8211; Demain commence aujourd&rsquo;hui), Fr\u00e9d\u00e9ric GROUSSARD (RASSEMBLEMENT NATIONAL LE HAVRE), Jean-Paul Lecoq (Un havre citoyen avec Jean-Paul Lecoq), Magali Cauchois (lutte ouvri\u00e8re &#8211; faire entendre le camp des travailleurs), B\u00e9atrice Canel-Depitre (le havre animaliste) et Guillaume Milert (VIVONS LE HAVRE).<\/em><\/p>\n\n\n\n<p><\/p>\n","protected":false},"excerpt":{"rendered":"<p>La permanence du Premier ministre, \u00c9douard Philippe, au Havre&nbsp;dans le&nbsp;d\u00e9partement&nbsp;de la Seine-Maritime, a \u00e9t\u00e9 d\u00e9grad\u00e9e et tagu\u00e9e dans la soir\u00e9e du samedi 29 f\u00e9vrier, en marge d&rsquo;un rassemblement contre&nbsp;le recours du 49.3&nbsp;sur le projet de r\u00e9forme des retraites, rapporte&nbsp;France Bleu Normandie. Une plainte sera d\u00e9pos\u00e9e annonce une d\u00e9put\u00e9e La fa\u00e7ade du local a \u00e9t\u00e9 fissur\u00e9e, [&hellip;]<\/p>\n","protected":false},"author":2,"featured_media":14793,"comment_status":"open","ping_status":"open","sticky":false,"template":"","format":"standard","meta":{"_jetpack_memberships_contains_paid_content":false,"footnotes":"","jetpack_publicize_message":"","jetpack_publicize_feature_enabled":true,"jetpack_social_post_already_shared":true,"jetpack_social_options":{"image_generator_settings":{"template":"highway","default_image_id":0,"font":"","enabled":false},"version":2},"_wpas_customize_per_network":false},"categories":[405],"tags":[],"class_list":["post-14792","post","type-post","status-publish","format-standard","has-post-thumbnail","hentry","category-actu-france-monde"],"jetpack_publicize_connections":[],"jetpack_featured_media_url":"https:\/\/i0.wp.com\/www.iceagetv.com\/radiosite\/wp-content\/uploads\/2020\/03\/la-permanence-d%C3%89douard-Philippe.jpg?fit=1200%2C450&ssl=1","jetpack_sharing_enabled":true,"_links":{"self":[{"href":"https:\/\/www.iceagetv.com\/radiosite\/wp-json\/wp\/v2\/posts\/14792","targetHints":{"allow":["GET"]}}],"collection":[{"href":"https:\/\/www.iceagetv.com\/radiosite\/wp-json\/wp\/v2\/posts"}],"about":[{"href":"https:\/\/www.iceagetv.com\/radiosite\/wp-json\/wp\/v2\/types\/post"}],"author":[{"embeddable":true,"href":"https:\/\/www.iceagetv.com\/radiosite\/wp-json\/wp\/v2\/users\/2"}],"replies":[{"embeddable":true,"href":"https:\/\/www.iceagetv.com\/radiosite\/wp-json\/wp\/v2\/comments?post=14792"}],"version-history":[{"count":1,"href":"https:\/\/www.iceagetv.com\/radiosite\/wp-json\/wp\/v2\/posts\/14792\/revisions"}],"predecessor-version":[{"id":14794,"href":"https:\/\/www.iceagetv.com\/radiosite\/wp-json\/wp\/v2\/posts\/14792\/revisions\/14794"}],"wp:featuredmedia":[{"embeddable":true,"href":"https:\/\/www.iceagetv.com\/radiosite\/wp-json\/wp\/v2\/media\/14793"}],"wp:attachment":[{"href":"https:\/\/www.iceagetv.com\/radiosite\/wp-json\/wp\/v2\/media?parent=14792"}],"wp:term":[{"taxonomy":"category","embeddable":true,"href":"https:\/\/www.iceagetv.com\/radiosite\/wp-json\/wp\/v2\/categories?post=14792"},{"taxonomy":"post_tag","embeddable":true,"href":"https:\/\/www.iceagetv.com\/radiosite\/wp-json\/wp\/v2\/tags?post=14792"}],"curies":[{"name":"wp","href":"https:\/\/api.w.org\/{rel}","templated":true}]}}