{"id":14798,"date":"2020-03-01T16:43:52","date_gmt":"2020-03-01T16:43:52","guid":{"rendered":"http:\/\/www.iceagetv.com\/radiosite\/?p=14798"},"modified":"2020-03-01T16:43:52","modified_gmt":"2020-03-01T16:43:52","slug":"virus-pour-la-premiere-fois-en-france-deux-enfants-de-1-et-5-ans-sont-contamines-et-hospitalises-avec-leur-maman-a-strasbourg","status":"publish","type":"post","link":"https:\/\/www.iceagetv.com\/radiosite\/virus-pour-la-premiere-fois-en-france-deux-enfants-de-1-et-5-ans-sont-contamines-et-hospitalises-avec-leur-maman-a-strasbourg\/","title":{"rendered":"Virus &#8211; Pour la premi\u00e8re fois en France, deux enfants de 1 et 5 ans sont contamin\u00e9s et hospitalis\u00e9s avec leur maman \u00e0 Strasbourg"},"content":{"rendered":"\n<p> <strong>Deux enfants de 1 et 5 ans et leur m\u00e8re de 27 ans ont \u00e9t\u00e9 contamin\u00e9s par le coronavirus et sont hospitalis\u00e9s ensemble \u00e0 Strasbourg<\/strong>, ont annonc\u00e9 ce dimanche l&rsquo;Agence r\u00e9gionale de sant\u00e9 (ARS) du Grand Est et la pr\u00e9fecture de r\u00e9gion dans un communiqu\u00e9 commun. Au total, quatre nouveaux cas de contamination par le Covid-19 en Alsace. Le quatri\u00e8me cas est une femme de 32 ans, compagne d&rsquo;un homme de 36 ans hospitalis\u00e9 depuis le d\u00e9but de la semaine \u00e0 Strasbourg apr\u00e8s avoir s\u00e9journ\u00e9 en Lombardie.  <strong>Le nombre de personnes contamin\u00e9es par le coronavirus a bondi en Allemagne jusqu&rsquo;\u00e0 atteindre 117 cas<\/strong>, selon des donn\u00e9es officielles communiqu\u00e9es dimanche. D&rsquo;apr\u00e8s le dernier d\u00e9compte fourni par l&rsquo;Institut Robert Koch, le centre \u00e9pid\u00e9miologique de r\u00e9f\u00e9rence en Allemagne, le nombre de cas a ainsi presque \u00e9t\u00e9 multipli\u00e9 par deux pendant le week-end. Plus de la moiti\u00e9 d&rsquo;entre eux proviennent de la Rh\u00e9nanie-du- Nord-Westphalie, l&rsquo;\u00c9tat r\u00e9gional de plus peupl\u00e9 d&rsquo;Allemagne o\u00f9 un couple infect\u00e9 avait particip\u00e9 le week-end dernier au carnaval, un \u00e9v\u00e9nement annuel tr\u00e8s populaire. Le virus mortel est d\u00e9sormais pr\u00e9sent dans 9 des 16 \u00c9tats r\u00e9gionaux du pays, Francfort, Hambourg et Br\u00eame faisant partie des villes qui ont annonc\u00e9 leurs premiers cas de coronavirus.  Trois cas de Covid-19 ont \u00e9t\u00e9 confirm\u00e9s comme positifs \u00e0 Saint-Martin et Saint-Barth\u00e9lemy, les Iles du Nord de la Guadeloupe, annonce ce dimanche l&rsquo;Agence r\u00e9gionale de sant\u00e9 de Guadeloupe, soit les premiers cas av\u00e9r\u00e9s de contamination au coronavirus en Outre-mer. Il s&rsquo;agit d&rsquo;un r\u00e9sident de Saint-Barth\u00e9lemy, qui est confin\u00e9 chez lui, et de ses parents, plac\u00e9s en surveillance \u00e0 l&rsquo;h\u00f4pital de Saint-Martin.<\/p>\n\n\n\n<p>Vendredi, ces derniers, en partance pour Paris depuis l&rsquo;a\u00e9roport international de Juliana, dans la partie n\u00e9erlandaise de Saint-Martin, avaient \u00e9t\u00e9 remis aux autorit\u00e9s fran\u00e7aises car ils pr\u00e9sentaient des sympt\u00f4mes du coronavirus. Les analyses ont confirm\u00e9 qu&rsquo;ils \u00e9taient positifs.<\/p>\n\n\n\n<p>Le couple \u00e9tait venu rendre visite \u00e0 leur fils r\u00e9sidant dans l&rsquo;\u00eele voisine de Saint-Barth\u00e9lemy. Ce dernier se trouve actuellement \u00ab\u00a0confin\u00e9 \u00e0 son domicile avec une surveillance quotidienne\u00a0\u00bb, bien que son \u00e9tat de sant\u00e9 ne soit pas jug\u00e9 \u00ab\u00a0inqui\u00e9tant\u00a0\u00bb par l&rsquo;ARS. Ses parents, eux, se trouvent \u00ab\u00a0en isolement \u00e0 l&rsquo;h\u00f4pital de Saint-Martin et sont suivis de pr\u00e8s\u00a0\u00bb, ajoute l&rsquo;ARS, qui pr\u00e9cise que \u00ab\u00a0leur \u00e9tat de sant\u00e9 n&rsquo;est pas inqui\u00e9tant\u00a0\u00bb non plus. \u00c0 noter qu&rsquo;il existe par ailleurs deux autres cas possibles avec un couple de r\u00e9sidents \u00e0 Saint-Martin rentr\u00e9s de vacances dans l&rsquo;Oise. Leurs pr\u00e9l\u00e8vements sont en cours de traitement.<\/p>\n\n\n\n<p>\u00a0Une assembl\u00e9e g\u00e9n\u00e9rale s&rsquo;est tenue dimanche matin au mus\u00e9e du Louvre, rest\u00e9 ferm\u00e9 au lendemain de l&rsquo;annonce par le gouvernement de l&rsquo;entr\u00e9e de la France dans le \u00ab\u00a0stade 2\u00a0\u00bb, une nouvelle phase de l&rsquo;\u00e9pid\u00e9mie de coronavirus. Selon une source syndicale interrog\u00e9e par Europe 1, le personnel a vot\u00e9, \u00e0 deux voix pr\u00e8s, la d\u00e9cision d&rsquo;exercer son droit de retrait en raison de l&rsquo;infection, apr\u00e8s 3 heures de discussions.<\/p>\n\n\n\n<p><br><\/p>\n","protected":false},"excerpt":{"rendered":"<p>Deux enfants de 1 et 5 ans et leur m\u00e8re de 27 ans ont \u00e9t\u00e9 contamin\u00e9s par le coronavirus et sont hospitalis\u00e9s ensemble \u00e0 Strasbourg, ont annonc\u00e9 ce dimanche l&rsquo;Agence r\u00e9gionale de sant\u00e9 (ARS) du Grand Est et la pr\u00e9fecture de r\u00e9gion dans un communiqu\u00e9 commun. Au total, quatre nouveaux cas de contamination par le [&hellip;]<\/p>\n","protected":false},"author":2,"featured_media":14753,"comment_status":"open","ping_status":"open","sticky":false,"template":"","format":"standard","meta":{"_jetpack_memberships_contains_paid_content":false,"footnotes":"","jetpack_publicize_message":"","jetpack_publicize_feature_enabled":true,"jetpack_social_post_already_shared":true,"jetpack_social_options":{"image_generator_settings":{"template":"highway","default_image_id":0,"font":"","enabled":false},"version":2},"_wpas_customize_per_network":false},"categories":[405],"tags":[],"class_list":["post-14798","post","type-post","status-publish","format-standard","has-post-thumbnail","hentry","category-actu-france-monde"],"jetpack_publicize_connections":[],"jetpack_featured_media_url":"https:\/\/i0.wp.com\/www.iceagetv.com\/radiosite\/wp-content\/uploads\/2020\/02\/Le-maire-de-La-Balme-de-Sillingy.jpg?fit=850%2C387&ssl=1","jetpack_sharing_enabled":true,"_links":{"self":[{"href":"https:\/\/www.iceagetv.com\/radiosite\/wp-json\/wp\/v2\/posts\/14798","targetHints":{"allow":["GET"]}}],"collection":[{"href":"https:\/\/www.iceagetv.com\/radiosite\/wp-json\/wp\/v2\/posts"}],"about":[{"href":"https:\/\/www.iceagetv.com\/radiosite\/wp-json\/wp\/v2\/types\/post"}],"author":[{"embeddable":true,"href":"https:\/\/www.iceagetv.com\/radiosite\/wp-json\/wp\/v2\/users\/2"}],"replies":[{"embeddable":true,"href":"https:\/\/www.iceagetv.com\/radiosite\/wp-json\/wp\/v2\/comments?post=14798"}],"version-history":[{"count":1,"href":"https:\/\/www.iceagetv.com\/radiosite\/wp-json\/wp\/v2\/posts\/14798\/revisions"}],"predecessor-version":[{"id":14799,"href":"https:\/\/www.iceagetv.com\/radiosite\/wp-json\/wp\/v2\/posts\/14798\/revisions\/14799"}],"wp:featuredmedia":[{"embeddable":true,"href":"https:\/\/www.iceagetv.com\/radiosite\/wp-json\/wp\/v2\/media\/14753"}],"wp:attachment":[{"href":"https:\/\/www.iceagetv.com\/radiosite\/wp-json\/wp\/v2\/media?parent=14798"}],"wp:term":[{"taxonomy":"category","embeddable":true,"href":"https:\/\/www.iceagetv.com\/radiosite\/wp-json\/wp\/v2\/categories?post=14798"},{"taxonomy":"post_tag","embeddable":true,"href":"https:\/\/www.iceagetv.com\/radiosite\/wp-json\/wp\/v2\/tags?post=14798"}],"curies":[{"name":"wp","href":"https:\/\/api.w.org\/{rel}","templated":true}]}}