{"id":14815,"date":"2020-03-02T19:51:53","date_gmt":"2020-03-02T19:51:53","guid":{"rendered":"http:\/\/www.iceagetv.com\/radiosite\/?p=14815"},"modified":"2020-03-02T19:51:53","modified_gmt":"2020-03-02T19:51:53","slug":"salon-livre-paris-annule-que-cela-ne-vous-empeche-pas-de-lire-francoise-nyssen-directrice-des-editions-actes-sud","status":"publish","type":"post","link":"https:\/\/www.iceagetv.com\/radiosite\/salon-livre-paris-annule-que-cela-ne-vous-empeche-pas-de-lire-francoise-nyssen-directrice-des-editions-actes-sud\/","title":{"rendered":"Salon Livre Paris annul\u00e9 : \u00ab\u00a0Que cela ne vous emp\u00eache pas de lire !\u00a0\u00bb, Fran\u00e7oise Nyssen, directrice des \u00e9ditions Actes Sud"},"content":{"rendered":"\n<p>Le salon Livre Paris,&nbsp;qui a accueilli l&rsquo;an dernier 160.000 visiteurs,&nbsp;<a href=\"https:\/\/www.francetvinfo.fr\/sante\/maladie\/coronavirus\/direct-coronavirus-covid-19-le-salon-livre-paris-plus-gros-evenement-litteraire-francais-est-annule_3848651.html\" target=\"_blank\" rel=\"noreferrer noopener\">est annul\u00e9&nbsp;<\/a>suite de la d\u00e9cision du gouvernement d&rsquo;interdire des&nbsp;<em>\u00ab\u00a0rassemblements de plus de 5.000 personnes en milieu confin\u00e9\u00a0\u00bb.<\/em><\/p>\n\n\n\n<p><em>\u00ab\u00a0J&rsquo;\u00e9tais un peu d\u00e9sol\u00e9e en apprenant&nbsp;cette nouvelle\u00a0\u00bb<\/em>, confie \u00e0 Franceinfo Fran\u00e7oise Nyssen, directrice&nbsp;des \u00e9ditions Actes Sud et ministre de la Culture au d\u00e9but du mandat d&rsquo;Emmanuel Macron.&nbsp;<em>\u00ab\u00a0Je ne juge pas cette d\u00e9cision et je comprends les inqui\u00e9tudes et les mesures \u00e0 prendre, mais je suis triste\u00a0\u00bb,&nbsp;<\/em>ajoute l&rsquo;\u00e9ditrice.&nbsp;<\/p>\n\n\n\n<p><em>\u00ab\u00a0Le salon du livre, c&rsquo;est la f\u00eate d&rsquo;un \u00e9cosyst\u00e8me, compos\u00e9 des auteurs, des \u00e9diteurs, des libraires et des lecteurs, avec&nbsp;au centre, l&rsquo;auteur\u00a0\u00bb,&nbsp;<\/em>rappelle&nbsp;Fran\u00e7oise Nyssen.&nbsp;<\/p>\n\n\n\n<h2 class=\"wp-block-heading\">L&rsquo;aspect mat\u00e9riel&nbsp;\u00e0 examiner<\/h2>\n\n\n\n<p>Concr\u00e8tement pour Actes Sud&nbsp;<a href=\"https:\/\/www.francetvinfo.fr\/culture\/livres\/annulation-du-salon-livre-paris-sage-decision-mais-triste-nouvelle-regrette-t-on-chez-albin-michel_3848817.html\" target=\"_blank\" rel=\"noreferrer noopener\">comme pour&nbsp;d&rsquo;autres&nbsp;\u00e9diteurs<\/a>, cette annulation suscite des questions et des inqui\u00e9tudes.&nbsp;<em>\u00ab\u00a0On attend de voir, parce qu&rsquo;on a d\u00e9j\u00e0 pay\u00e9 la location de l&rsquo;espace, la fabrication et le montage du&nbsp;stand, et toutes sortes de d\u00e9penses engag\u00e9es pour le salon. Il y a tout l&rsquo;aspect mat\u00e9riel qu&rsquo;il va falloir examiner\u00a0\u00bb,&nbsp;<\/em>confie l&rsquo;\u00e9ditrice.&nbsp;<\/p>\n\n\n\n<p>L&rsquo;ancienne ministre de la Culture rappelle que le secteur est d\u00e9j\u00e0 en \u00e9quilibre pr\u00e9caire, d\u00e9j\u00e0 fragile, et destabilis\u00e9 par les blocages de la fin de l&rsquo;ann\u00e9e.&nbsp;<em>\u00ab\u00a0Avec les gr\u00e8ves des transports, les libraires ont d\u00e9j\u00e0 beaucoup souffert\u00a0\u00bb<\/em>, note-t-elle.&nbsp;<em>\u00ab\u00a0Le secteur est dans un \u00e9quilibre fragile, et contrairement aux id\u00e9es re\u00e7ues, ce n&rsquo;est pas un secteur aid\u00e9.&nbsp;<\/em><em>Pour Actes Sud, par exemple, les subventions repr\u00e9sentent seulement 1% du budget. C&rsquo;est peu. Et c&rsquo;est encore plus difficile pour les auteurs, on en a parl\u00e9, mais aussi pour les libraires, qui font un travail formidable tout au long de l&rsquo;ann\u00e9e\u00a0\u00bb.&nbsp;<\/em><\/p>\n\n\n\n<h2 class=\"wp-block-heading\">\u00ab\u00a0Repenser le salon du Livre\u00a0\u00bb<\/h2>\n\n\n\n<p>L&rsquo;\u00e9ditrice esp\u00e8re que cette annulation, qui s&rsquo;ajoute \u00e0&nbsp;la d\u00e9cision du groupe Madrigall et des \u00e9ditions de Minuit de se retirer cette ann\u00e9e,&nbsp;sera l&rsquo;occasion de repenser le salon, qui ne doit pas \u00eatre consid\u00e9r\u00e9 comme&nbsp;<em>\u00ab\u00a0un lieu de profit, ou de perte, mais comme un lieu de l&rsquo;\u00e9dition, et de partage autour des livres, et de la litt\u00e9rature\u00a0\u00bb,&nbsp;<\/em>estime-t-elle.&nbsp;<\/p>\n\n\n\n<p><em>Il faut discuter tous ensemble pour redonner un \u00e9lan \u00e0 ce salon Livre Paris, pour qu&rsquo;il ne devienne pas un lieu purement commercial.<\/em>Fran\u00e7oise Nyssen<em>Actes Sud<\/em><\/p>\n\n\n\n<p>Une occasion \u00e9galement, soul\u00e8ve l&rsquo;\u00e9ditrice<a href=\"https:\/\/www.francetvinfo.fr\/culture\/bd\/le-rapport-racine-tres-attendu-par-les-auteurs-de-bd-a-ete-devoile-il-propose-23-recommandations_3796721.html\" target=\"_blank\" rel=\"noreferrer noopener\">&nbsp;dans le sillage du Rapport Racine publi\u00e9 le 23 janvier<\/a>, de se questionner sur le fonctionnement du syst\u00e8me pour tous les acteurs de la cha\u00eene du livre.&nbsp;<em>\u00ab\u00a0Il faut le moyen d&rsquo;\u00eatre ensemble, \u00e9diteurs, auteurs, libraires, et pas chacun dans son silo, parce que sinon les grands pr\u00e9dateurs ne feront qu&rsquo;une bouch\u00e9e de nous tous\u00a0\u00bb.&nbsp;<\/em>&nbsp;<\/p>\n\n\n\n<h2 class=\"wp-block-heading\">Le livre,&nbsp;excellent&nbsp;rem\u00e8de \u00ab\u00a0contre les angoisses et les peurs\u00a0\u00bb<\/h2>\n\n\n\n<p><em>\u00ab\u00a0Notre soci\u00e9t\u00e9 est l\u00e0, avec ses virus, et il faut faire avec. Mais plut\u00f4t que de faire des r\u00e9serves dans les \u00e9piceries, allons faire des r\u00e9serves de livres dans les librairies !\u00a0\u00bb<\/em>, s&rsquo;amuse Fran\u00e7oise Nyssen.<em>&nbsp;\u00ab\u00a0Aujourd&rsquo;hui, la seule fa\u00e7on de soigner nos peurs et nos angoisses, c&rsquo;est l&rsquo;\u00e9veil au sensible par la lecture. Si on passe son temps le nez sur Twitter, \u00e0 lire les mauvaises nouvelles et \u00e0 assister aux \u00e9changes d&rsquo;insultes, on ne va pas s&rsquo;en sortir\u00a0\u00bb&nbsp;<\/em><\/p>\n\n\n\n<p><em>\u00ab\u00a0Et c&rsquo;est pourquoi je dis aux lecteurs qu&rsquo;ils peuvent et qu&rsquo;ils doivent continuer \u00e0 acheter des livres, y compris en ligne si n\u00e9cessaire, en passant par les sites des libraires. Il n&rsquo;y a pas qu&rsquo;un seul site qui vend des livres, si vous voyez ce que je veux dire&#8230;\u00a0\u00bb.<\/em><\/p>\n","protected":false},"excerpt":{"rendered":"<p>Le salon Livre Paris,&nbsp;qui a accueilli l&rsquo;an dernier 160.000 visiteurs,&nbsp;est annul\u00e9&nbsp;suite de la d\u00e9cision du gouvernement d&rsquo;interdire des&nbsp;\u00ab\u00a0rassemblements de plus de 5.000 personnes en milieu confin\u00e9\u00a0\u00bb. \u00ab\u00a0J&rsquo;\u00e9tais un peu d\u00e9sol\u00e9e en apprenant&nbsp;cette nouvelle\u00a0\u00bb, confie \u00e0 Franceinfo Fran\u00e7oise Nyssen, directrice&nbsp;des \u00e9ditions Actes Sud et ministre de la Culture au d\u00e9but du mandat d&rsquo;Emmanuel Macron.&nbsp;\u00ab\u00a0Je ne juge [&hellip;]<\/p>\n","protected":false},"author":2,"featured_media":14816,"comment_status":"open","ping_status":"open","sticky":false,"template":"","format":"standard","meta":{"_jetpack_memberships_contains_paid_content":false,"footnotes":"","jetpack_publicize_message":"","jetpack_publicize_feature_enabled":true,"jetpack_social_post_already_shared":true,"jetpack_social_options":{"image_generator_settings":{"template":"highway","default_image_id":0,"font":"","enabled":false},"version":2},"_wpas_customize_per_network":false},"categories":[68],"tags":[],"class_list":["post-14815","post","type-post","status-publish","format-standard","has-post-thumbnail","hentry","category-actu-culturelle"],"jetpack_publicize_connections":[],"jetpack_featured_media_url":"https:\/\/i0.wp.com\/www.iceagetv.com\/radiosite\/wp-content\/uploads\/2020\/03\/Salon-Livre-Paris-annul%C3%A9.jpg?fit=1197%2C450&ssl=1","jetpack_sharing_enabled":true,"_links":{"self":[{"href":"https:\/\/www.iceagetv.com\/radiosite\/wp-json\/wp\/v2\/posts\/14815","targetHints":{"allow":["GET"]}}],"collection":[{"href":"https:\/\/www.iceagetv.com\/radiosite\/wp-json\/wp\/v2\/posts"}],"about":[{"href":"https:\/\/www.iceagetv.com\/radiosite\/wp-json\/wp\/v2\/types\/post"}],"author":[{"embeddable":true,"href":"https:\/\/www.iceagetv.com\/radiosite\/wp-json\/wp\/v2\/users\/2"}],"replies":[{"embeddable":true,"href":"https:\/\/www.iceagetv.com\/radiosite\/wp-json\/wp\/v2\/comments?post=14815"}],"version-history":[{"count":1,"href":"https:\/\/www.iceagetv.com\/radiosite\/wp-json\/wp\/v2\/posts\/14815\/revisions"}],"predecessor-version":[{"id":14817,"href":"https:\/\/www.iceagetv.com\/radiosite\/wp-json\/wp\/v2\/posts\/14815\/revisions\/14817"}],"wp:featuredmedia":[{"embeddable":true,"href":"https:\/\/www.iceagetv.com\/radiosite\/wp-json\/wp\/v2\/media\/14816"}],"wp:attachment":[{"href":"https:\/\/www.iceagetv.com\/radiosite\/wp-json\/wp\/v2\/media?parent=14815"}],"wp:term":[{"taxonomy":"category","embeddable":true,"href":"https:\/\/www.iceagetv.com\/radiosite\/wp-json\/wp\/v2\/categories?post=14815"},{"taxonomy":"post_tag","embeddable":true,"href":"https:\/\/www.iceagetv.com\/radiosite\/wp-json\/wp\/v2\/tags?post=14815"}],"curies":[{"name":"wp","href":"https:\/\/api.w.org\/{rel}","templated":true}]}}