{"id":14843,"date":"2020-03-05T08:29:25","date_gmt":"2020-03-05T08:29:25","guid":{"rendered":"http:\/\/www.iceagetv.com\/radiosite\/?p=14843"},"modified":"2020-03-05T08:29:25","modified_gmt":"2020-03-05T08:29:25","slug":"un-tgv-strasbourg-paris-deraille-plusieurs-blesses-selon-un-premier-bilan-dont-le-conducteur-gravement-touche-laccident-serait-du-a-laffaissement-dun-talus","status":"publish","type":"post","link":"https:\/\/www.iceagetv.com\/radiosite\/un-tgv-strasbourg-paris-deraille-plusieurs-blesses-selon-un-premier-bilan-dont-le-conducteur-gravement-touche-laccident-serait-du-a-laffaissement-dun-talus\/","title":{"rendered":"Un TGV Strasbourg \/ Paris d\u00e9raille &#8211; Plusieurs bless\u00e9s selon un premier bilan dont le conducteur gravement touch\u00e9 &#8211; L&rsquo;accident serait d\u00fb \u00e0 l&rsquo;affaissement d&rsquo;un talus"},"content":{"rendered":"\n<p><strong>Selon un bilan r\u00e9vis\u00e9, il n&rsquo;y aurait en fait que 4 bless\u00e9s dans le d\u00e9raillement dont le conducteur gravement touch\u00e9<\/strong><\/p>\n\n\n\n<p><strong>09h18:<\/strong>\u00a0D&rsquo;apr\u00e8s un passager \u00e0 bord du train contact\u00e9 par BFMTV, le train est parti \u00e0 l&rsquo;heure, aux alentours de 7h20, et l&rsquo;accident aurait eu lieu environ 20 minutes apr\u00e8s le d\u00e9part du TGV. \u00ab\u00a0On a senti l&rsquo;impact et d&rsquo;un seul coup, on a senti que le train \u00e9tait dans les graviers. Pendant de longues secondes, il a ralenti en se couchant un peu sur le c\u00f4t\u00e9\u00a0\u00bb, a d\u00e9crit ce passager. \u00ab\u00a0Il y a des personnes qui ont du mal \u00e0 s&rsquo;en remettre, qui sont un peu en pleurs, qui ont mal dans le dos\u00a0\u00bb, a pr\u00e9cis\u00e9 ce m\u00eame passager, qui a ajout\u00e9 que les services de pompiers et de secours avaient pris en charge les personnes choqu\u00e9es et bless\u00e9es. <\/p>\n\n\n\n<p><strong>Des cars vont arriver pour prendre en charge les passagers<\/strong>  <strong>Un passager indique en direct sur BFM voir deux h\u00e9licopt\u00e8res de secours arriver et de nombreuses ambulances et pompiers<\/strong>  Une passag\u00e8re a racont\u00e9 \u00e0 France Bleu qu&rsquo;elle a \u00ab\u00a0ressenti un grand choc, comme si le train avait heurt\u00e9 quelque chose\u00a0\u00bb. Dans sa rame, il n&rsquo;y a pas de bless\u00e9 mais les vitres ont \u00e9t\u00e9 fissur\u00e9es. Un accident \u00ab\u00a0rare\u00a0\u00bb La SNCF a annonc\u00e9 aux passagers que l&rsquo;accident \u00e9tait d\u00fb \u00e0 l&rsquo;affaissement d&rsquo;un talus que le train a percut\u00e9, rapporte France Bleu. La compagnie confirme bien \u00e0 franceinfo que, d&rsquo;apr\u00e8s les premiers \u00e9l\u00e9ments, la motrice avant du TGV a heurt\u00e9 quelque chose. \u00ab\u00a0C&rsquo;est un \u00e9v\u00e9nement rare\u00a0\u00bb, estime la compagnie.  <strong>Un TGV qui reliait Strasbourg \u00e0 Paris a d\u00e9raill\u00e9 jeudi vers 7h30 \u00e0 hauteur d&rsquo;Ingenheim, dans le Bas-Rhin. La motrice du TGV serait sortie des rails, d&rsquo;apr\u00e8s la SNCF. Au moins dix personnes sont bless\u00e9es, dont le conducteur du train pr\u00e9cise Europe 1<\/strong>  <strong>Un TGV reliant Strasbourg \u00e0 Paris vient de d\u00e9railler &#8211; Le conducteur gravement bless\u00e9 (France Info)<\/strong> <\/p>\n","protected":false},"excerpt":{"rendered":"<p>Selon un bilan r\u00e9vis\u00e9, il n&rsquo;y aurait en fait que 4 bless\u00e9s dans le d\u00e9raillement dont le conducteur gravement touch\u00e9 09h18:\u00a0D&rsquo;apr\u00e8s un passager \u00e0 bord du train contact\u00e9 par BFMTV, le train est parti \u00e0 l&rsquo;heure, aux alentours de 7h20, et l&rsquo;accident aurait eu lieu environ 20 minutes apr\u00e8s le d\u00e9part du TGV. \u00ab\u00a0On a [&hellip;]<\/p>\n","protected":false},"author":2,"featured_media":14844,"comment_status":"open","ping_status":"open","sticky":false,"template":"","format":"standard","meta":{"_jetpack_memberships_contains_paid_content":false,"footnotes":"","jetpack_publicize_message":"","jetpack_publicize_feature_enabled":true,"jetpack_social_post_already_shared":true,"jetpack_social_options":{"image_generator_settings":{"template":"highway","default_image_id":0,"font":"","enabled":false},"version":2},"_wpas_customize_per_network":false},"categories":[405],"tags":[],"class_list":["post-14843","post","type-post","status-publish","format-standard","has-post-thumbnail","hentry","category-actu-france-monde"],"jetpack_publicize_connections":[],"jetpack_featured_media_url":"https:\/\/i0.wp.com\/www.iceagetv.com\/radiosite\/wp-content\/uploads\/2020\/03\/Un-TGV-Strasbourg-Paris.jpg?fit=899%2C388&ssl=1","jetpack_sharing_enabled":true,"_links":{"self":[{"href":"https:\/\/www.iceagetv.com\/radiosite\/wp-json\/wp\/v2\/posts\/14843","targetHints":{"allow":["GET"]}}],"collection":[{"href":"https:\/\/www.iceagetv.com\/radiosite\/wp-json\/wp\/v2\/posts"}],"about":[{"href":"https:\/\/www.iceagetv.com\/radiosite\/wp-json\/wp\/v2\/types\/post"}],"author":[{"embeddable":true,"href":"https:\/\/www.iceagetv.com\/radiosite\/wp-json\/wp\/v2\/users\/2"}],"replies":[{"embeddable":true,"href":"https:\/\/www.iceagetv.com\/radiosite\/wp-json\/wp\/v2\/comments?post=14843"}],"version-history":[{"count":1,"href":"https:\/\/www.iceagetv.com\/radiosite\/wp-json\/wp\/v2\/posts\/14843\/revisions"}],"predecessor-version":[{"id":14845,"href":"https:\/\/www.iceagetv.com\/radiosite\/wp-json\/wp\/v2\/posts\/14843\/revisions\/14845"}],"wp:featuredmedia":[{"embeddable":true,"href":"https:\/\/www.iceagetv.com\/radiosite\/wp-json\/wp\/v2\/media\/14844"}],"wp:attachment":[{"href":"https:\/\/www.iceagetv.com\/radiosite\/wp-json\/wp\/v2\/media?parent=14843"}],"wp:term":[{"taxonomy":"category","embeddable":true,"href":"https:\/\/www.iceagetv.com\/radiosite\/wp-json\/wp\/v2\/categories?post=14843"},{"taxonomy":"post_tag","embeddable":true,"href":"https:\/\/www.iceagetv.com\/radiosite\/wp-json\/wp\/v2\/tags?post=14843"}],"curies":[{"name":"wp","href":"https:\/\/api.w.org\/{rel}","templated":true}]}}