{"id":14849,"date":"2020-03-05T13:34:27","date_gmt":"2020-03-05T13:34:27","guid":{"rendered":"http:\/\/www.iceagetv.com\/radiosite\/?p=14849"},"modified":"2020-03-05T13:34:27","modified_gmt":"2020-03-05T13:34:27","slug":"coronavirus-on-vous-explique-tout-sur-le-stade-3-du-plan-de-prevention","status":"publish","type":"post","link":"https:\/\/www.iceagetv.com\/radiosite\/coronavirus-on-vous-explique-tout-sur-le-stade-3-du-plan-de-prevention\/","title":{"rendered":"Coronavirus : on vous explique tout sur le stade 3 du plan de pr\u00e9vention"},"content":{"rendered":"\n<p> <strong>Les r\u00e9centes annonces du gouvernement laissent sugg\u00e9rer le passage au stade 3 dans la lutte contre le coronavirus en France.<\/strong> Alors que l\u2019objet du stade 1 du\u00a0<strong>plan de pr\u00e9vention<\/strong>\u00a0contre le\u00a0<strong>coronavirus\u00a0<\/strong>consistait \u00e0 emp\u00eacher le\u00a0<strong>virus\u00a0<\/strong>de s\u2019introduire sur le territoire, le deuxi\u00e8me palier sanitaire, dans lequel nous nous trouvons depuis le 28 f\u00e9vrier,\u00a0vise \u00e0 freiner la propagation du\u00a0<strong>Covid-19<\/strong>. Concr\u00e8tement, le d\u00e9clenchement du stade 2 a conduit \u00e0 fermer une centaine d\u2019\u00e9tablissements scolaires, \u00e0 annuler ou reporter des \u00e9v\u00e9nements sportifs et culturels ou encore \u00e0 limiter les rassemblements publiques \u00e0 5 000 personnes et \u00e0 des mises en quarantaine un peu partout sur le territoire.Mais aujourd&rsquo;hui, si l&rsquo;on en croit le gouvernement,<strong>\u00a0d\u00e9clencher le stade 3 de l\u2019\u00e9pid\u00e9mie<\/strong>\u00a0appara\u00eet comme in\u00e9vitable. \u00ab\u00a0Je crains qu\u2019il soit difficile d\u2019\u00e9chapper \u00e0 la phase \u00e9pid\u00e9mique\u00a0\u00bb, a reconnu Sibeth Ndiaye, la porte parole du gouvernement, \u00e0 France Inter, mercredi 4 mars. Pour \u00e7a, il faut que le virus circule sur l\u2019ensemble du territoire alors qu\u2019actuellement il n\u2019existe que des\u00a0<strong>clusters<\/strong>, c\u2019est-\u00e0-dire des foyers de patients \u00e0 diff\u00e9rents endroits. <strong>La Direction g\u00e9n\u00e9ral de la sant\u00e9<\/strong>\u00a0(DGS), qui d\u00e9pend du minist\u00e8re de la Sant\u00e9, en d\u00e9nombre trois : dans l\u2019Oise, en Haute-Savoie et dans le Morbihan. Toutefois, le nombre de cas isol\u00e9s dans d\u2019autres r\u00e9gions augmente chaque jour. Si le stade \u00e9pid\u00e9mique est atteint, la phase 3 sera d\u00e9clench\u00e9e avec pour but de limiter les effets de l\u2019\u00e9pid\u00e9mie. <\/p>\n\n\n\n<p>Pour dessiner les contours de ce stade 3, les autorit\u00e9s s&rsquo;appuient sur un Plan de pr\u00e9vention et de lutte r\u00e9dig\u00e9 en 2011 en cas de pand\u00e9mie grippale. Bien que le coronavirus pr\u00e9sente des diff\u00e9rences, cela pourra servir de base de r\u00e9flexion.&nbsp;<strong>Des restrictions contraignantes<\/strong>&nbsp;sur tout le territoire verraient le jour&#8230;<\/p>\n\n\n\n<ul class=\"wp-block-list\"><li>la fermeture de cr\u00e8ches et d&rsquo;\u00e9tablissements scolaires \u00e0 l\u2019\u00e9chelle territoriale, voire nationale ;<\/li><li>l&rsquo;\u00e9ventuelle suspension de certains transports en commun ;<\/li><li>la restriction de grands rassemblements et d\u2019activit\u00e9s collectives ;<\/li><li>le maintien d&rsquo;un approvisionnement alimentaire et des produits de premi\u00e8re n\u00e9cessit\u00e9 pour \u00e9viter les p\u00e9nuries.<\/li><\/ul>\n\n\n\n<p>Dans cette situation, la prise en charge des patients \u00e9voluerait :&nbsp;<strong>les patients infect\u00e9s<\/strong>&nbsp;par le coronavirus ne seraient plus syst\u00e9matiquement pris en charge \u00e0 l&rsquo;h\u00f4pital. En effet, les patients \u00ab\u00a0sans gravit\u00e9\u00a0\u00bb resteraient confin\u00e9s chez eux et seraient suivis par leur m\u00e9decin g\u00e9n\u00e9raliste.<\/p>\n\n\n\n<p>\u00ab\u00a0Ce dispositif de maintien \u00e0 domicile visera \u00e0&nbsp;<strong>ne pas saturer<\/strong>&nbsp;les capacit\u00e9s d&rsquo;hospitalisation des \u00e9tablissements de sant\u00e9 et permettra de r\u00e9server les ressources des \u00e9tablissements de sant\u00e9 aux cas les plus graves\u201d, indique le gouvernement. \u00ab\u00a0Ces mesures pourraient \u00eatre prises au fur et \u00e0 mesure, en fonction de la situation, avec une h\u00e9t\u00e9rog\u00e9n\u00e9it\u00e9 sur le territoire\u00a0\u00bb, a comment\u00e9 le minist\u00e8re de la Sant\u00e9.<\/p>\n\n\n\n<p><br><br><\/p>\n","protected":false},"excerpt":{"rendered":"<p>Les r\u00e9centes annonces du gouvernement laissent sugg\u00e9rer le passage au stade 3 dans la lutte contre le coronavirus en France. Alors que l\u2019objet du stade 1 du\u00a0plan de pr\u00e9vention\u00a0contre le\u00a0coronavirus\u00a0consistait \u00e0 emp\u00eacher le\u00a0virus\u00a0de s\u2019introduire sur le territoire, le deuxi\u00e8me palier sanitaire, dans lequel nous nous trouvons depuis le 28 f\u00e9vrier,\u00a0vise \u00e0 freiner la propagation du\u00a0Covid-19. [&hellip;]<\/p>\n","protected":false},"author":2,"featured_media":14850,"comment_status":"open","ping_status":"open","sticky":false,"template":"","format":"standard","meta":{"_jetpack_memberships_contains_paid_content":false,"footnotes":"","jetpack_publicize_message":"","jetpack_publicize_feature_enabled":true,"jetpack_social_post_already_shared":true,"jetpack_social_options":{"image_generator_settings":{"template":"highway","default_image_id":0,"font":"","enabled":false},"version":2},"_wpas_customize_per_network":false},"categories":[405],"tags":[],"class_list":["post-14849","post","type-post","status-publish","format-standard","has-post-thumbnail","hentry","category-actu-france-monde"],"jetpack_publicize_connections":[],"jetpack_featured_media_url":"https:\/\/i0.wp.com\/www.iceagetv.com\/radiosite\/wp-content\/uploads\/2020\/03\/on-vous-explique-tout-sur-le-stade-3-du-plan-de-pr%C3%A9vention.jpg?fit=855%2C440&ssl=1","jetpack_sharing_enabled":true,"_links":{"self":[{"href":"https:\/\/www.iceagetv.com\/radiosite\/wp-json\/wp\/v2\/posts\/14849","targetHints":{"allow":["GET"]}}],"collection":[{"href":"https:\/\/www.iceagetv.com\/radiosite\/wp-json\/wp\/v2\/posts"}],"about":[{"href":"https:\/\/www.iceagetv.com\/radiosite\/wp-json\/wp\/v2\/types\/post"}],"author":[{"embeddable":true,"href":"https:\/\/www.iceagetv.com\/radiosite\/wp-json\/wp\/v2\/users\/2"}],"replies":[{"embeddable":true,"href":"https:\/\/www.iceagetv.com\/radiosite\/wp-json\/wp\/v2\/comments?post=14849"}],"version-history":[{"count":1,"href":"https:\/\/www.iceagetv.com\/radiosite\/wp-json\/wp\/v2\/posts\/14849\/revisions"}],"predecessor-version":[{"id":14851,"href":"https:\/\/www.iceagetv.com\/radiosite\/wp-json\/wp\/v2\/posts\/14849\/revisions\/14851"}],"wp:featuredmedia":[{"embeddable":true,"href":"https:\/\/www.iceagetv.com\/radiosite\/wp-json\/wp\/v2\/media\/14850"}],"wp:attachment":[{"href":"https:\/\/www.iceagetv.com\/radiosite\/wp-json\/wp\/v2\/media?parent=14849"}],"wp:term":[{"taxonomy":"category","embeddable":true,"href":"https:\/\/www.iceagetv.com\/radiosite\/wp-json\/wp\/v2\/categories?post=14849"},{"taxonomy":"post_tag","embeddable":true,"href":"https:\/\/www.iceagetv.com\/radiosite\/wp-json\/wp\/v2\/tags?post=14849"}],"curies":[{"name":"wp","href":"https:\/\/api.w.org\/{rel}","templated":true}]}}