{"id":14856,"date":"2020-03-06T10:32:57","date_gmt":"2020-03-06T10:32:57","guid":{"rendered":"http:\/\/www.iceagetv.com\/radiosite\/?p=14856"},"modified":"2020-03-06T10:32:57","modified_gmt":"2020-03-06T10:32:57","slug":"coronavirus-un-septieme-mort-lepidemie-est-inexorable-selon-emmanuel-macron","status":"publish","type":"post","link":"https:\/\/www.iceagetv.com\/radiosite\/coronavirus-un-septieme-mort-lepidemie-est-inexorable-selon-emmanuel-macron\/","title":{"rendered":"Coronavirus : un septi\u00e8me mort, l&rsquo;\u00e9pid\u00e9mie est \u00ab\u00a0inexorable\u00a0\u00bb selon Emmanuel Macron"},"content":{"rendered":"\n<p>Depuis janvier, le coronavirus a fait sept morts en France et contamin\u00e9 423 personnes. Jeudi, il y a eu 138 cas de plus. L&rsquo;\u00e9pid\u00e9mie est \u00ab\u00a0inexorable\u00a0\u00bb a pr\u00e9venu Emmanuel Macron. L&rsquo;ex\u00e9cutif se pr\u00e9pare au passage au stade 3.<br> <strong>423 personnes sont atteintes du coronavirus<\/strong>\u00a0en France selon un bilan communiqu\u00e9 jeudi soir.\u00a0<strong>Sept personnes sont mortes<\/strong>, six hommes et une femme. 23 personnes sont dans un \u00e9tat grave, en r\u00e9animation. 15 r\u00e9gions sont touch\u00e9es, les 13 de m\u00e9tropole ainsi que la Guadeloupe et la Guyane.\u00a0<strong>L&rsquo;Oise, la Haute-Savoie, le Haut-Rhin, le Bas-Rhin et le Morbihan<\/strong>\u00a0restent les d\u00e9partements les plus concern\u00e9s. Un nouveau cluster a \u00e9galement \u00e9t\u00e9 identifi\u00e9 dans le\u00a0<a href=\"https:\/\/www.francebleu.fr\/infos\/sante-sciences\/coronavirus-un-cluster-identifie-dans-le-val-d-oise-1583443567#xtor=RSS-115\"><strong>Val-d&rsquo;Oise.<\/strong><\/a> <\/p>\n\n\n\n<h2 class=\"wp-block-heading\">L&rsquo;essentiel<\/h2>\n\n\n\n<ul class=\"wp-block-list\"><li><strong>Un num\u00e9ro vert est activ\u00e9 24h\/24 pour r\u00e9pondre aux questions&nbsp;: le 0800&nbsp;130&nbsp;000.<\/strong><\/li><li>Le virus a fait&nbsp;<strong>sept morts dans l&rsquo;Hexagone<\/strong>. Au moins&nbsp;<strong>423 personnes ont \u00e9t\u00e9 contamin\u00e9es en France<\/strong>.&nbsp;<\/li><li>Un d\u00e9put\u00e9 est hospitalis\u00e9&nbsp;<a href=\"https:\/\/www.francebleu.fr\/infos\/sante-sciences\/un-depute-alsacien-hospitalise-pour-suspicion-de-coronavirus-1583440846\">dans un \u00e9tat inqui\u00e9tant<\/a>.<\/li><li>La France&nbsp;<a href=\"https:\/\/www.francebleu.fr\/infos\/societe\/coronavirus-qu-est-ce-que-le-stade-2-de-l-epidemie-1583130069\">est toujours plac\u00e9e en \u00ab\u00a0stade 2\u00a0\u00bb de l&rsquo;\u00e9pid\u00e9mie<\/a>, mais les autorit\u00e9s se pr\u00e9parent \u00e0 passer en \u00ab\u00a0stade 3\u00a0\u00bb.&nbsp;<\/li><li><strong>Tous les stocks et la production de masques<\/strong>&nbsp;de protection ont \u00e9t\u00e9 r\u00e9quisitionn\u00e9s par l&rsquo;\u00c9tat pour \u00eatre distribu\u00e9s aux soignants et aux personnes atteintes du coronavirus.<\/li><li>L&rsquo;Organisation mondiale de sant\u00e9 (OMS) fait \u00e9tat d&rsquo;un&nbsp;<strong>taux de mortalit\u00e9 estim\u00e9 \u00e0 3,4%<\/strong>&nbsp;globalement.<\/li><li>Le virus peut-il muter&nbsp;? R\u00e9ponse&nbsp;<a href=\"https:\/\/www.francebleu.fr\/infos\/environnement\/coronavirus-le-covid-19-peut-il-muter-1583407504\">dans cet article.<\/a>&nbsp;Quelles personnes sont les plus vuln\u00e9rables&nbsp;?&nbsp;<a href=\"https:\/\/www.francebleu.fr\/infos\/sante-sciences\/coronavirus-quelles-sont-les-personnes-les-plus-vulnerables-au-virus-1583423767\">On vous explique.&nbsp;<\/a><\/li><li><a href=\"https:\/\/www.francebleu.fr\/infos\/sante-sciences\/coronavirus-ce-que-l-sait-sur-le-rassemblement-religieux-a-mulhouse-d-ou-viennent-de-nombreux-1583418127\">Ce que l&rsquo;on sait<\/a>&nbsp;sur le&nbsp;<strong>rassemblement religieux \u00e0 Mulhouse<\/strong>&nbsp;d&rsquo;o\u00f9 viennent de nombreux malades.<\/li><li><a href=\"https:\/\/www.francebleu.fr\/infos\/sante-sciences\/coronavirus-le-marathon-de-paris-reporte-au-18-octobre-1583435712\">Le marathon de Paris,<\/a>&nbsp;pr\u00e9vu le 5 avril est report\u00e9 au 18 octobre.<\/li><\/ul>\n\n\n\n<p> Les Pays-Bas ont annonc\u00e9 un premier mort d\u00fb \u00e0 l&rsquo;\u00e9pid\u00e9mie de nouveau coronavirus, une personne \u00e2g\u00e9e hospitalis\u00e9 \u00e0 Rotterdam.  Le nombre de cas de nouveau coronavirus dans le monde s&rsquo;\u00e9levait \u00e0\u00a0<strong>98.123 , dont 3.385 d\u00e9c\u00e8s, dans 87 pays et territoires<\/strong>, selon un bilan \u00e9tabli par l&rsquo;AFP \u00e0 partir de sources officielles vendredi matin. Au total, 613 nouvelles contaminations et 39 nouveaux d\u00e9c\u00e8s ont \u00e9t\u00e9 recens\u00e9s depuis le d\u00e9compte r\u00e9alis\u00e9 la veille.  Un premier cas d&rsquo;un patient positif au coronavirus a \u00e9t\u00e9 d\u00e9tect\u00e9 dans le petit centre m\u00e9dical situ\u00e9 \u00e0 l&rsquo;int\u00e9rieur du Vatican, qui a annonc\u00e9 vendredi sa fermeture provisoire pour d\u00e9sinfection, en laissant toutefois les urgences ouvertes.  Le carnaval de Belfort pr\u00e9vu le 29 mars a \u00e9t\u00e9 annul\u00e9 en raison du coronavirus. L&rsquo;\u00e9v\u00e9nement attire chaque ann\u00e9e plusieurs milliers de personnes.  Le concert de Patrick Bruel pr\u00e9vu le 16 mai au Z\u00e9nith d&rsquo;Auvergne\u00a0<a href=\"https:\/\/www.francebleu.fr\/infos\/culture-loisirs\/coronavirus-le-concert-de-patrick-bruel-au-zenith-d-auvergne-le-16-mai-reporte-1583483816\">est report\u00e9 \u00e0 l&rsquo;automne<\/a>. <\/p>\n","protected":false},"excerpt":{"rendered":"<p>Depuis janvier, le coronavirus a fait sept morts en France et contamin\u00e9 423 personnes. Jeudi, il y a eu 138 cas de plus. L&rsquo;\u00e9pid\u00e9mie est \u00ab\u00a0inexorable\u00a0\u00bb a pr\u00e9venu Emmanuel Macron. L&rsquo;ex\u00e9cutif se pr\u00e9pare au passage au stade 3. 423 personnes sont atteintes du coronavirus\u00a0en France selon un bilan communiqu\u00e9 jeudi soir.\u00a0Sept personnes sont mortes, six [&hellip;]<\/p>\n","protected":false},"author":2,"featured_media":14857,"comment_status":"open","ping_status":"open","sticky":false,"template":"","format":"standard","meta":{"_jetpack_memberships_contains_paid_content":false,"footnotes":"","jetpack_publicize_message":"","jetpack_publicize_feature_enabled":true,"jetpack_social_post_already_shared":true,"jetpack_social_options":{"image_generator_settings":{"template":"highway","default_image_id":0,"font":"","enabled":false},"version":2},"_wpas_customize_per_network":false},"categories":[405],"tags":[],"class_list":["post-14856","post","type-post","status-publish","format-standard","has-post-thumbnail","hentry","category-actu-france-monde"],"jetpack_publicize_connections":[],"jetpack_featured_media_url":"https:\/\/i0.wp.com\/www.iceagetv.com\/radiosite\/wp-content\/uploads\/2020\/03\/un-septi%C3%A8me-mort.jpg?fit=764%2C414&ssl=1","jetpack_sharing_enabled":true,"_links":{"self":[{"href":"https:\/\/www.iceagetv.com\/radiosite\/wp-json\/wp\/v2\/posts\/14856","targetHints":{"allow":["GET"]}}],"collection":[{"href":"https:\/\/www.iceagetv.com\/radiosite\/wp-json\/wp\/v2\/posts"}],"about":[{"href":"https:\/\/www.iceagetv.com\/radiosite\/wp-json\/wp\/v2\/types\/post"}],"author":[{"embeddable":true,"href":"https:\/\/www.iceagetv.com\/radiosite\/wp-json\/wp\/v2\/users\/2"}],"replies":[{"embeddable":true,"href":"https:\/\/www.iceagetv.com\/radiosite\/wp-json\/wp\/v2\/comments?post=14856"}],"version-history":[{"count":1,"href":"https:\/\/www.iceagetv.com\/radiosite\/wp-json\/wp\/v2\/posts\/14856\/revisions"}],"predecessor-version":[{"id":14858,"href":"https:\/\/www.iceagetv.com\/radiosite\/wp-json\/wp\/v2\/posts\/14856\/revisions\/14858"}],"wp:featuredmedia":[{"embeddable":true,"href":"https:\/\/www.iceagetv.com\/radiosite\/wp-json\/wp\/v2\/media\/14857"}],"wp:attachment":[{"href":"https:\/\/www.iceagetv.com\/radiosite\/wp-json\/wp\/v2\/media?parent=14856"}],"wp:term":[{"taxonomy":"category","embeddable":true,"href":"https:\/\/www.iceagetv.com\/radiosite\/wp-json\/wp\/v2\/categories?post=14856"},{"taxonomy":"post_tag","embeddable":true,"href":"https:\/\/www.iceagetv.com\/radiosite\/wp-json\/wp\/v2\/tags?post=14856"}],"curies":[{"name":"wp","href":"https:\/\/api.w.org\/{rel}","templated":true}]}}