{"id":14864,"date":"2020-03-06T14:24:01","date_gmt":"2020-03-06T14:24:01","guid":{"rendered":"http:\/\/www.iceagetv.com\/radiosite\/?p=14864"},"modified":"2020-03-06T14:24:01","modified_gmt":"2020-03-06T14:24:01","slug":"le-pape-francois-accepte-la-demission-du-cardinal-philippe-barbarin-relaxe-pour-non-denonciation-des-abus-sexuels-dun-pretre","status":"publish","type":"post","link":"https:\/\/www.iceagetv.com\/radiosite\/le-pape-francois-accepte-la-demission-du-cardinal-philippe-barbarin-relaxe-pour-non-denonciation-des-abus-sexuels-dun-pretre\/","title":{"rendered":"Le Pape Fran\u00e7ois accepte la d\u00e9mission du cardinal Philippe Barbarin, relax\u00e9 pour non-d\u00e9nonciation des abus sexuels d&rsquo;un pr\u00eatre"},"content":{"rendered":"\n<p>Le pape Fran\u00e7ois a accept\u00e9 la d\u00e9mission de ses fonctions d&rsquo;archev\u00eaque de Lyon du cardinal fran\u00e7ais Philippe Barbarin, mis en cause pour ses silences sur des abus sexuels commis par un ancien pr\u00eatre du dioc\u00e8se, avant d&rsquo;\u00eatre relax\u00e9, a annonc\u00e9 vendredi l&rsquo;administrateur apostolique Mgr Michel Dubost.<\/p>\n\n\n\n<p>Peu apr\u00e8s l&rsquo;annonce de sa relaxe par la cour d&rsquo;appel de Lyon le 30 janvier, le pr\u00e9lat avait annonc\u00e9 devant la presse qu&rsquo;il remettrait une nouvelle fois sa d\u00e9mission au pape pour permettre \u00e0 l&rsquo;Eglise de \u00ab\u00a0tourner la page\u00a0\u00bb de cette affaire symbole des d\u00e9faillances de l&rsquo;\u00c9glise face \u00e0 la p\u00e9docriminalit\u00e9 dans ses rangs.<\/p>\n","protected":false},"excerpt":{"rendered":"<p>Le pape Fran\u00e7ois a accept\u00e9 la d\u00e9mission de ses fonctions d&rsquo;archev\u00eaque de Lyon du cardinal fran\u00e7ais Philippe Barbarin, mis en cause pour ses silences sur des abus sexuels commis par un ancien pr\u00eatre du dioc\u00e8se, avant d&rsquo;\u00eatre relax\u00e9, a annonc\u00e9 vendredi l&rsquo;administrateur apostolique Mgr Michel Dubost. Peu apr\u00e8s l&rsquo;annonce de sa relaxe par la cour [&hellip;]<\/p>\n","protected":false},"author":2,"featured_media":14865,"comment_status":"open","ping_status":"open","sticky":false,"template":"","format":"standard","meta":{"_jetpack_memberships_contains_paid_content":false,"footnotes":"","jetpack_publicize_message":"","jetpack_publicize_feature_enabled":true,"jetpack_social_post_already_shared":true,"jetpack_social_options":{"image_generator_settings":{"template":"highway","default_image_id":0,"font":"","enabled":false},"version":2},"_wpas_customize_per_network":false},"categories":[405],"tags":[],"class_list":["post-14864","post","type-post","status-publish","format-standard","has-post-thumbnail","hentry","category-actu-france-monde"],"jetpack_publicize_connections":[],"jetpack_featured_media_url":"https:\/\/i0.wp.com\/www.iceagetv.com\/radiosite\/wp-content\/uploads\/2020\/03\/La-d%C3%A9mission-du-cardinal-Barbarin-finalement-accept%C3%A9e-par-le-pape-Fran%C3%A7ois.jpg?fit=553%2C371&ssl=1","jetpack_sharing_enabled":true,"_links":{"self":[{"href":"https:\/\/www.iceagetv.com\/radiosite\/wp-json\/wp\/v2\/posts\/14864","targetHints":{"allow":["GET"]}}],"collection":[{"href":"https:\/\/www.iceagetv.com\/radiosite\/wp-json\/wp\/v2\/posts"}],"about":[{"href":"https:\/\/www.iceagetv.com\/radiosite\/wp-json\/wp\/v2\/types\/post"}],"author":[{"embeddable":true,"href":"https:\/\/www.iceagetv.com\/radiosite\/wp-json\/wp\/v2\/users\/2"}],"replies":[{"embeddable":true,"href":"https:\/\/www.iceagetv.com\/radiosite\/wp-json\/wp\/v2\/comments?post=14864"}],"version-history":[{"count":1,"href":"https:\/\/www.iceagetv.com\/radiosite\/wp-json\/wp\/v2\/posts\/14864\/revisions"}],"predecessor-version":[{"id":14866,"href":"https:\/\/www.iceagetv.com\/radiosite\/wp-json\/wp\/v2\/posts\/14864\/revisions\/14866"}],"wp:featuredmedia":[{"embeddable":true,"href":"https:\/\/www.iceagetv.com\/radiosite\/wp-json\/wp\/v2\/media\/14865"}],"wp:attachment":[{"href":"https:\/\/www.iceagetv.com\/radiosite\/wp-json\/wp\/v2\/media?parent=14864"}],"wp:term":[{"taxonomy":"category","embeddable":true,"href":"https:\/\/www.iceagetv.com\/radiosite\/wp-json\/wp\/v2\/categories?post=14864"},{"taxonomy":"post_tag","embeddable":true,"href":"https:\/\/www.iceagetv.com\/radiosite\/wp-json\/wp\/v2\/tags?post=14864"}],"curies":[{"name":"wp","href":"https:\/\/api.w.org\/{rel}","templated":true}]}}