{"id":14905,"date":"2020-03-11T17:23:57","date_gmt":"2020-03-11T17:23:57","guid":{"rendered":"http:\/\/www.iceagetv.com\/radiosite\/?p=14905"},"modified":"2020-03-11T17:23:57","modified_gmt":"2020-03-11T17:23:57","slug":"virus-loms-declare-pour-la-premiere-fois-lepidemie-du-covid-19-comme-une-pandemie-les-visites-aux-personnes-agees-dans-les-ehpad-suspendues","status":"publish","type":"post","link":"https:\/\/www.iceagetv.com\/radiosite\/virus-loms-declare-pour-la-premiere-fois-lepidemie-du-covid-19-comme-une-pandemie-les-visites-aux-personnes-agees-dans-les-ehpad-suspendues\/","title":{"rendered":"Virus &#8211; L&rsquo;OMS d\u00e9clare pour la premi\u00e8re fois l&rsquo;\u00e9pid\u00e9mie du Covid-19 comme une \u00ab\u00a0pand\u00e9mie\u00a0\u00bb Les visites aux personnes \u00e2g\u00e9es dans les Ehpad suspendues"},"content":{"rendered":"\n<p><strong>L&rsquo;Organisation mondiale de la sant\u00e9 annonce que l&rsquo;\u00e9pid\u00e9mie de Covid-19 constitue d\u00e9sormais une \u00ab\u00a0pand\u00e9mie\u00a0\u00bb.<\/strong><\/p>\n\n\n\n<p><strong>Avant de faire \u00e9tat de \u00ab\u00a0niveaux alarmants de propagation et d\u2019inaction\u00a0\u00bb.<\/strong><em>c<\/em><\/p>\n\n\n\n<blockquote class=\"wp-block-quote is-layout-flow wp-block-quote-is-layout-flow\"><p>\u00ab\u00a0Nous avons estim\u00e9 que le Covid-19 peut \u00eatre caract\u00e9ris\u00e9 comme une pand\u00e9mie\u00a0\u00bb, a d\u00e9clar\u00e9 le directeur g\u00e9n\u00e9ral de l&rsquo;OMS, Tedros Adhanom Ghebreyesus, en conf\u00e9rence de presse \u00e0 Gen\u00e8ve.<\/p><\/blockquote>\n\n\n\n<p>Avant d&rsquo;\u00e9voquer son inqui\u00e9tude face aux \u00ab\u00a0niveaux alarmants d&rsquo;inaction\u00a0\u00bb de la communaut\u00e9 internationale face aux \u00ab\u00a0niveaux alarmants de propagation\u00a0\u00bb de l&rsquo;\u00e9pid\u00e9mie du nouveau coronavirus.<\/p>\n\n\n\n<blockquote class=\"wp-block-quote is-layout-flow wp-block-quote-is-layout-flow\"><p>\u00ab\u00a0Dans les jours et les semaines \u00e0 venir, nous nous attendons \u00e0 voir le nombre de cas, le nombre de d\u00e9c\u00e8s et le nombre de pays touch\u00e9s augmenter\u00a0\u00bb, a-t-il averti.<\/p><\/blockquote>\n\n\n\n<p>Trois personnes \u00e2g\u00e9es de 73, 86 et 90 ans sont d\u00e9c\u00e9d\u00e9es en Belgique des suites du nouveau coronavirus, selon un bilan actualis\u00e9 mercredi apr\u00e8s-midi par le minist\u00e8re belge de la Sant\u00e9.<\/p>\n\n\n\n<p>Dans ce pays, o\u00f9 ont \u00e9t\u00e9 d\u00e9tect\u00e9s 314 cas d&rsquo;infection au Covid-19, la ministre Maggie De Block avait annonc\u00e9 dans la matin\u00e9e un premier d\u00e9c\u00e8s en lien avec l&rsquo;\u00e9pid\u00e9mie.<\/p>\n\n\n\n<p>Il s&rsquo;agit d&rsquo;une femme de 90 ans, prise en charge dans un h\u00f4pital bruxellois pour \u00ab\u00a0une pathologie pulmonaire lourde\u00a0\u00bb mais qui souffrait d&rsquo;autres maladies, a-t-il \u00e9t\u00e9 pr\u00e9cis\u00e9 lors d&rsquo;une conf\u00e9rence de presse.<\/p>\n\n\n\n<p>Elle avait \u00e9t\u00e9 plac\u00e9e \u00e0 l&rsquo;isolement \u00e0 l&rsquo;h\u00f4pital, avait subi des examens, et le test au Covid-19 s&rsquo;est r\u00e9v\u00e9l\u00e9 positif apr\u00e8s son d\u00e9c\u00e8s, intervenu mardi.<\/p>\n\n\n\n<p>La mort de deux autres patients, des hommes \u00e2g\u00e9s de 73 et 86 ans, a \u00e9t\u00e9 annonc\u00e9e mercredi apr\u00e8s-midi par le minist\u00e8re, qui a appel\u00e9 \u00e0 prot\u00e9ger particuli\u00e8rement les seniors.<\/p>\n\n\n\n<p>Le patient de 73 ans avait \u00e9t\u00e9 admis le 4 mars \u00e0 l&rsquo;h\u00f4pital Sainte-Elisabeth \u00e0 Bruxelles. Son \u00e9tat s&rsquo;est malheureusement d\u00e9grad\u00e9 et il est d\u00e9c\u00e9d\u00e9 mercredi alors qu&rsquo;il \u00e9tait en soins intensifs, a pr\u00e9cis\u00e9 le minist\u00e8re dans un communiqu\u00e9.<\/p>\n\n\n\n<p>L&rsquo;homme \u00e2g\u00e9 de 86 ans est d\u00e9c\u00e9d\u00e9 dans une maison de repos de la commune flamande de Rhode-Saint-Gen\u00e8se, au sud de la capitale belge.<\/p>\n\n\n\n<p>\u00ab\u00a0Il avait \u00e9t\u00e9 plac\u00e9 en quarantaine au sein m\u00eame de la maison de repos, apr\u00e8s avoir \u00e9t\u00e9 test\u00e9 positif au coronavirus\u00a0\u00bb, souligne le communiqu\u00e9.<\/p>\n\n\n\n<p>Les 314 cas recens\u00e9s mercredi -contre 267 la veille- t\u00e9moignent d&rsquo;une progression de l&rsquo;\u00e9pid\u00e9mie un peu plus rapide que ces derniers jours.<\/p>\n\n\n\n<p>\u00ab\u00a0Nos h\u00f4pitaux voient de plus en plus de personnes souffrant d&rsquo;infections des voies respiratoires inf\u00e9rieures. Cela peut indiquer le d\u00e9but d&rsquo;une v\u00e9ritable \u00e9pid\u00e9mie dans notre pays\u00a0\u00bb, a mis en garde le minist\u00e8re.<\/p>\n\n\n\n<p>\u00ab\u00a0Nous devons prot\u00e9ger nos concitoyens en mauvaise sant\u00e9, atteints de maladies chroniques ou \u00e2g\u00e9s\u00a0\u00bb, a-t-il insist\u00e9. Rendre visite \u00e0 des personnes \u00e2g\u00e9es en maison de retraite ou \u00e0 l&rsquo;h\u00f4pital a \u00e9t\u00e9 interdit par plusieurs gestionnaires d&rsquo;\u00e9tablissements.<\/p>\n\n\n\n<p>Par ailleurs, le gouvernement a recommand\u00e9 aux autorit\u00e9s locales d&rsquo;interdire les rassemblements de plus de 1.000 personnes en int\u00e9rieur.<\/p>\n\n\n\n<p>Cela a entra\u00een\u00e9 des annulations de concerts et de spectacles \u00e0 travers le pays.<\/p>\n\n\n\n<p>A Bruxelles, le th\u00e9\u00e2tre de La Monnaie, une des plus grandes sc\u00e8nes d&rsquo;op\u00e9ra en Europe, a annonc\u00e9 l&rsquo;annulation de tous les spectacles et \u00e9v\u00e9nements pr\u00e9vus dans sa grande salle (1.200 personnes) jusqu&rsquo;au 31 mars.<\/p>\n\n\n\n<p>Du c\u00f4t\u00e9 des institutions internationales, quatre cas de nouveau coronavirus ont \u00e9t\u00e9 d\u00e9tect\u00e9s \u00e0 la Commission europ\u00e9enne, a annonc\u00e9 cette derni\u00e8re dans un mail envoy\u00e9 \u00e0 ses \u00e9quipes, dont l&rsquo;AFP a pris connaissance.<\/p>\n\n\n\n<p>Cela vient s&rsquo;ajouter \u00e0 au moins quatre autres tests positifs dans d&rsquo;autres institutions de l&rsquo;UE, et deux \u00e0 l&rsquo;Otan (un \u00e0 son si\u00e8ge bruxellois, un autre au QG du commandement militaire \u00e0 Mons).<\/p>\n\n\n\n<p><strong>17h12:&nbsp;<\/strong>Une personne \u00ab\u00a0\u00e2g\u00e9e\u00a0\u00bb est morte en Su\u00e8de apr\u00e8s avoir \u00e9t\u00e9 infect\u00e9e par le nouveau coronavirus, ont annonc\u00e9 mercredi les autorit\u00e9s locales, soit le premier d\u00e9c\u00e8s d\u00fb au Covid-19 constat\u00e9 dans les pays nordiques.<\/p>\n\n\n\n<p>La victime, dont l&rsquo;identit\u00e9 n&rsquo;a pas \u00e9t\u00e9 r\u00e9v\u00e9l\u00e9e, souffrait d&rsquo;une pathologie sous-jacente, trait\u00e9e dans l&rsquo;unit\u00e9 de soins intensifs d&rsquo;un h\u00f4pital de Stockholm, ont d\u00e9clar\u00e9 les autorit\u00e9s sanitaires locales dans un communiqu\u00e9.<\/p>\n\n\n\n<blockquote class=\"wp-block-quote is-layout-flow wp-block-quote-is-layout-flow\"><p><\/p><\/blockquote>\n","protected":false},"excerpt":{"rendered":"<p>L&rsquo;Organisation mondiale de la sant\u00e9 annonce que l&rsquo;\u00e9pid\u00e9mie de Covid-19 constitue d\u00e9sormais une \u00ab\u00a0pand\u00e9mie\u00a0\u00bb. Avant de faire \u00e9tat de \u00ab\u00a0niveaux alarmants de propagation et d\u2019inaction\u00a0\u00bb.c \u00ab\u00a0Nous avons estim\u00e9 que le Covid-19 peut \u00eatre caract\u00e9ris\u00e9 comme une pand\u00e9mie\u00a0\u00bb, a d\u00e9clar\u00e9 le directeur g\u00e9n\u00e9ral de l&rsquo;OMS, Tedros Adhanom Ghebreyesus, en conf\u00e9rence de presse \u00e0 Gen\u00e8ve. Avant d&rsquo;\u00e9voquer [&hellip;]<\/p>\n","protected":false},"author":2,"featured_media":14906,"comment_status":"open","ping_status":"open","sticky":false,"template":"","format":"standard","meta":{"_jetpack_memberships_contains_paid_content":false,"footnotes":"","jetpack_publicize_message":"","jetpack_publicize_feature_enabled":true,"jetpack_social_post_already_shared":true,"jetpack_social_options":{"image_generator_settings":{"template":"highway","default_image_id":0,"font":"","enabled":false},"version":2},"_wpas_customize_per_network":false},"categories":[405],"tags":[],"class_list":["post-14905","post","type-post","status-publish","format-standard","has-post-thumbnail","hentry","category-actu-france-monde"],"jetpack_publicize_connections":[],"jetpack_featured_media_url":"https:\/\/i0.wp.com\/www.iceagetv.com\/radiosite\/wp-content\/uploads\/2020\/03\/LOMS-d%C3%A9clare-pour-la-premi%C3%A8re-fois-l%C3%A9pid%C3%A9mie-du-Covid-19.jpg?fit=627%2C272&ssl=1","jetpack_sharing_enabled":true,"_links":{"self":[{"href":"https:\/\/www.iceagetv.com\/radiosite\/wp-json\/wp\/v2\/posts\/14905","targetHints":{"allow":["GET"]}}],"collection":[{"href":"https:\/\/www.iceagetv.com\/radiosite\/wp-json\/wp\/v2\/posts"}],"about":[{"href":"https:\/\/www.iceagetv.com\/radiosite\/wp-json\/wp\/v2\/types\/post"}],"author":[{"embeddable":true,"href":"https:\/\/www.iceagetv.com\/radiosite\/wp-json\/wp\/v2\/users\/2"}],"replies":[{"embeddable":true,"href":"https:\/\/www.iceagetv.com\/radiosite\/wp-json\/wp\/v2\/comments?post=14905"}],"version-history":[{"count":1,"href":"https:\/\/www.iceagetv.com\/radiosite\/wp-json\/wp\/v2\/posts\/14905\/revisions"}],"predecessor-version":[{"id":14907,"href":"https:\/\/www.iceagetv.com\/radiosite\/wp-json\/wp\/v2\/posts\/14905\/revisions\/14907"}],"wp:featuredmedia":[{"embeddable":true,"href":"https:\/\/www.iceagetv.com\/radiosite\/wp-json\/wp\/v2\/media\/14906"}],"wp:attachment":[{"href":"https:\/\/www.iceagetv.com\/radiosite\/wp-json\/wp\/v2\/media?parent=14905"}],"wp:term":[{"taxonomy":"category","embeddable":true,"href":"https:\/\/www.iceagetv.com\/radiosite\/wp-json\/wp\/v2\/categories?post=14905"},{"taxonomy":"post_tag","embeddable":true,"href":"https:\/\/www.iceagetv.com\/radiosite\/wp-json\/wp\/v2\/tags?post=14905"}],"curies":[{"name":"wp","href":"https:\/\/api.w.org\/{rel}","templated":true}]}}